
{"id":2707,"date":"2023-06-18T00:00:11","date_gmt":"2023-06-17T22:00:11","guid":{"rendered":"http:\/\/www.paludzka.fara.sk\/?p=2707"},"modified":"2023-06-17T11:32:04","modified_gmt":"2023-06-17T09:32:04","slug":"farske-oznamy-18-6-25-6-2023","status":"publish","type":"post","link":"http:\/\/www.paludzka.fara.sk\/?p=2707","title":{"rendered":"Farsk\u00e9 oznamy 18.6.-25.6.2023"},"content":{"rendered":"<div class=\"table-responsive\">\n<table class=\"table table-bordered\" style=\"width: 100%; height: 776px;\">\n<thead>\n<tr style=\"height: 24px;\">\n<th style=\"text-align: center; height: 24px;\">De\u0148<\/th>\n<th style=\"text-align: center; height: 24px;\">\u010cas<\/th>\n<th style=\"text-align: center; height: 24px;\">Liturgick\u00fd kalend\u00e1r<\/th>\n<th style=\"text-align: center; height: 24px;\">\u00damysel<\/th>\n<th style=\"text-align: center; height: 24px;\">O\u010dak\u00e1vame<\/th>\n<\/tr>\n<\/thead>\n<tbody>\n<tr style=\"height: 136px;\">\n<td style=\"text-align: center; height: 136px;\"><strong>Nede\u013ea 18.6.<\/strong><\/td>\n<td style=\"text-align: center; height: 136px;\">7:00<\/p>\n<p><span style=\"color: #000000;\"><strong>8:15<\/strong><\/span><\/p>\n<p><span style=\"color: #000000;\">9:45<\/span><\/td>\n<td style=\"text-align: center; height: 136px;\"><span style=\"color: #808000;\"><span style=\"color: #008000;\"><strong>11. nede\u013ea v Cezro\u010dnom obdob\u00ed<\/strong><\/span><\/span><\/td>\n<td style=\"text-align: center; height: 136px;\">za k\u0148aza<\/p>\n<p><span style=\"font-family: inherit; font-size: inherit;\"><strong>Bodice:<\/strong> na \u00famysel<\/span><\/p>\n<p>za veriacich<\/td>\n<td style=\"text-align: center; height: 136px;\"><\/td>\n<\/tr>\n<tr style=\"height: 48px;\">\n<td style=\"text-align: center; height: 48px;\">Pondelok 19.6.<\/td>\n<td style=\"text-align: center; height: 48px;\"><span style=\"color: #ff0000;\">7:00<\/span><\/td>\n<td style=\"text-align: center; height: 48px;\"><span style=\"color: #008000;\">Pondelok 11. t\u00fd\u017ed\u0148a v Cezro\u010dnom obdob\u00ed<\/span><\/td>\n<td style=\"text-align: center; height: 48px;\">+ J\u00e1n a Em\u00edlia \u0160vr\u010dkovi<\/td>\n<td style=\"text-align: center; height: 48px;\"><\/td>\n<\/tr>\n<tr style=\"height: 120px;\">\n<td style=\"text-align: center; height: 120px;\">Utorok 20.6.<\/td>\n<td style=\"text-align: center; height: 120px;\">18:00<\/td>\n<td style=\"text-align: center; height: 120px;\"><span style=\"color: #808000;\"><span style=\"color: #008000;\">Utorok 11. t\u00fd\u017ed\u0148a v Cezro\u010dnom obdob\u00ed<\/span><\/span><\/td>\n<td style=\"text-align: center; height: 120px;\">+ J\u00e1n a M\u00e1ria<\/td>\n<td style=\"text-align: center; height: 120px;\"><\/td>\n<\/tr>\n<tr style=\"height: 24px;\">\n<td style=\"text-align: center; height: 24px;\">Streda 21.6.<\/td>\n<td style=\"text-align: center; height: 24px;\"><span style=\"color: #000000;\">7:00<\/span><\/td>\n<td style=\"text-align: center; height: 24px;\"><span style=\"color: #808000;\">Sv\u00e4t\u00e9ho Alojza Gonz\u00e1gu, reho\u013en\u00edka<\/span><\/p>\n<p><span style=\"color: #808000;\">spomienka<\/span><\/td>\n<td style=\"text-align: center; height: 24px;\">za zdravie a Bo\u017eie po\u017eehnanie pre J\u00e1na a Evu<\/td>\n<td style=\"text-align: center; height: 24px;\"><\/td>\n<\/tr>\n<tr style=\"height: 48px;\">\n<td style=\"text-align: center; height: 48px;\">\u0160tvrtok 22.6.<\/td>\n<td style=\"text-align: center; height: 48px;\"><span style=\"color: #000000;\">18:00<\/span><\/td>\n<td style=\"text-align: center; height: 48px;\"><span style=\"color: #008000;\">\u0160tvrtok 11. t\u00fd\u017ed\u0148a v Cezro\u010dnom obdob\u00ed<\/span><\/td>\n<td style=\"text-align: center; height: 48px;\">+ Pavl\u00edna Vincent<\/td>\n<td style=\"text-align: center; height: 48px;\">ador\u00e1cia od 17:30<\/td>\n<\/tr>\n<tr style=\"height: 120px;\">\n<td style=\"text-align: center; height: 120px;\">Piatok 23.6.<\/td>\n<td style=\"text-align: center; height: 120px;\"><span style=\"color: #000000;\">18:00<\/span><\/td>\n<td style=\"text-align: center; height: 120px;\"><span style=\"color: #008000;\">Piatok 11. t\u00fd\u017ed\u0148a v Cezro\u010dnom obdob\u00ed<\/span><\/p>\n<p><span style=\"color: #808000;\">Sv. om\u0161a z\u00a0nasleduj\u00facej sl\u00e1vnosti<\/span><\/td>\n<td style=\"text-align: center; height: 120px;\">za zdravie det\u00ed \u013dubom\u00edra a Barbory<\/td>\n<td style=\"text-align: center; height: 120px;\"><\/td>\n<\/tr>\n<tr style=\"height: 120px;\">\n<td style=\"text-align: center; height: 120px;\">Sobota 24.6.<\/td>\n<td style=\"text-align: center; height: 120px;\"><span style=\"color: #000000;\">8:00<\/span><\/td>\n<td style=\"text-align: center; height: 120px;\"><span style=\"color: #808000;\">Narodenie sv\u00e4t\u00e9ho J\u00e1na Krstite\u013ea<\/span><\/p>\n<p><span style=\"color: #808000;\">sl\u00e1vnos\u0165<\/span><\/td>\n<td style=\"text-align: center; height: 120px;\">za zdravie rodiny \u013dubom\u00edra a Barbory<\/td>\n<td style=\"text-align: center; height: 120px;\"><\/td>\n<\/tr>\n<tr style=\"height: 136px;\">\n<td style=\"text-align: center; height: 136px;\"><strong>Nede\u013ea 25.6.<\/strong><\/td>\n<td style=\"text-align: center; height: 136px;\">7:00<\/p>\n<p><span style=\"color: #000000;\"><strong>8:15<\/strong><\/span><\/p>\n<p><span style=\"color: #000000;\">9:45<\/span><\/td>\n<td style=\"text-align: center; height: 136px;\"><span style=\"color: #008000;\"><strong>12. nede\u013ea v Cezro\u010dnom obdob\u00ed<\/strong><\/span><\/td>\n<td style=\"text-align: center; height: 136px;\">na \u00famysel<\/p>\n<p><span style=\"font-family: inherit; font-size: inherit;\"><strong>Bodice:<\/strong> na \u00famysel<\/span><\/p>\n<p>za veriacich<\/td>\n<td style=\"text-align: center; height: 136px;\"><strong>Zbierka na dobro\u010dinn\u00e9 diela <\/strong><strong>Sv\u00e4t\u00e9ho Otca<\/strong><\/td>\n<\/tr>\n<\/tbody>\n<\/table>\n<\/div>\n<ul>\n<li>Bohuzm\u00e1mi na ma\u013eovanie kostola v Pal\u00fadzke obetovali 50, 33, 33, 100, 100, 50 \u20ac. P\u00e1n Boh zapla\u0165 a odme\u0148 v\u0161etk\u00fdch darcov<\/li>\n<li>o upratovanie kostola pros\u00edm rodinu Hunanov\u00fa, Adam\u010diakov\u00fa M., Slukov\u00fa a Jurisov\u00fa. Upratovanie bude v sobotu o 17:00. P\u00e1n Boh zapla\u0165 za slu\u017ebu.<\/li>\n<\/ul>\n","protected":false},"excerpt":{"rendered":"<p>De\u0148 \u010cas Liturgick\u00fd kalend\u00e1r \u00damysel O\u010dak\u00e1vame Nede\u013ea 18.6. 7:00 8:15 9:45 11. nede\u013ea v Cezro\u010dnom obdob\u00ed za k\u0148aza Bodice: na \u00famysel za veriacich Pondelok 19.6. 7:00 Pondelok 11. t\u00fd\u017ed\u0148a v Cezro\u010dnom obdob\u00ed + J\u00e1n a Em\u00edlia \u0160vr\u010dkovi Utorok 20.6. 18:00 Utorok 11. t\u00fd\u017ed\u0148a v Cezro\u010dnom obdob\u00ed + J\u00e1n a M\u00e1ria Streda 21.6. 7:00 Sv\u00e4t\u00e9ho Alojza [&hellip;]<\/p>\n","protected":false},"author":1,"featured_media":0,"comment_status":"closed","ping_status":"closed","sticky":false,"template":"","format":"standard","meta":{"_links_to":"","_links_to_target":""},"categories":[4,19],"tags":[],"_links":{"self":[{"href":"http:\/\/www.paludzka.fara.sk\/index.php?rest_route=\/wp\/v2\/posts\/2707"}],"collection":[{"href":"http:\/\/www.paludzka.fara.sk\/index.php?rest_route=\/wp\/v2\/posts"}],"about":[{"href":"http:\/\/www.paludzka.fara.sk\/index.php?rest_route=\/wp\/v2\/types\/post"}],"author":[{"embeddable":true,"href":"http:\/\/www.paludzka.fara.sk\/index.php?rest_route=\/wp\/v2\/users\/1"}],"replies":[{"embeddable":true,"href":"http:\/\/www.paludzka.fara.sk\/index.php?rest_route=%2Fwp%2Fv2%2Fcomments&post=2707"}],"version-history":[{"count":4,"href":"http:\/\/www.paludzka.fara.sk\/index.php?rest_route=\/wp\/v2\/posts\/2707\/revisions"}],"predecessor-version":[{"id":2711,"href":"http:\/\/www.paludzka.fara.sk\/index.php?rest_route=\/wp\/v2\/posts\/2707\/revisions\/2711"}],"wp:attachment":[{"href":"http:\/\/www.paludzka.fara.sk\/index.php?rest_route=%2Fwp%2Fv2%2Fmedia&parent=2707"}],"wp:term":[{"taxonomy":"category","embeddable":true,"href":"http:\/\/www.paludzka.fara.sk\/index.php?rest_route=%2Fwp%2Fv2%2Fcategories&post=2707"},{"taxonomy":"post_tag","embeddable":true,"href":"http:\/\/www.paludzka.fara.sk\/index.php?rest_route=%2Fwp%2Fv2%2Ftags&post=2707"}],"curies":[{"name":"wp","href":"https:\/\/api.w.org\/{rel}","templated":true}]}}