
{"id":2633,"date":"2023-06-11T00:00:56","date_gmt":"2023-06-10T22:00:56","guid":{"rendered":"http:\/\/www.paludzka.fara.sk\/?p=2633"},"modified":"2023-06-10T13:36:21","modified_gmt":"2023-06-10T11:36:21","slug":"farske-oznamy-11-6-18-6-2023","status":"publish","type":"post","link":"http:\/\/www.paludzka.fara.sk\/?p=2633","title":{"rendered":"Farsk\u00e9 oznamy 11.6.-18.6.2023"},"content":{"rendered":"<div class=\"table-responsive\">\n<table class=\"table table-bordered\" style=\"width: 100%; height: 776px;\">\n<thead>\n<tr style=\"height: 24px;\">\n<th style=\"text-align: center; height: 24px;\">De\u0148<\/th>\n<th style=\"text-align: center; height: 24px;\">\u010cas<\/th>\n<th style=\"text-align: center; height: 24px;\">Liturgick\u00fd kalend\u00e1r<\/th>\n<th style=\"text-align: center; height: 24px;\">\u00damysel<\/th>\n<th style=\"text-align: center; height: 24px;\">O\u010dak\u00e1vame<\/th>\n<\/tr>\n<\/thead>\n<tbody>\n<tr style=\"height: 136px;\">\n<td style=\"text-align: center; height: 136px;\"><strong>Nede\u013ea 11.6.<\/strong><\/td>\n<td style=\"text-align: center; height: 136px;\">7:00<\/p>\n<p><span style=\"color: #000000;\"><strong>8:15<\/strong><\/span><\/p>\n<p><span style=\"color: #000000;\">9:45<\/span><\/td>\n<td style=\"text-align: center; height: 136px;\"><span style=\"color: #808000;\"><span style=\"color: #008000;\"><strong>10. nede\u013ea v Cezro\u010dnom obdob\u00ed<\/strong><\/span><\/span><\/td>\n<td style=\"text-align: center; height: 136px;\">za veriacich<\/p>\n<p><span style=\"font-family: inherit; font-size: inherit;\"><strong>Bodice:<\/strong> na \u00famysel<\/span><\/p>\n<p>+ Michal a M\u00e1ria Da\u0148o<\/td>\n<td style=\"text-align: center; height: 136px;\"><\/td>\n<\/tr>\n<tr style=\"height: 48px;\">\n<td style=\"text-align: center; height: 48px;\">Pondelok 12.6.<\/td>\n<td style=\"text-align: center; height: 48px;\">18:00<\/td>\n<td style=\"text-align: center; height: 48px;\"><span style=\"color: #008000;\">Pondelok 10. t\u00fd\u017ed\u0148a v Cezro\u010dnom obdob\u00ed<\/span><\/td>\n<td style=\"text-align: center; height: 48px;\">za zdravie a Bo\u017eie po\u017eehnanie Zuzany, det\u00ed a vn\u00fa\u010dat<\/td>\n<td style=\"text-align: center; height: 48px;\"><\/td>\n<\/tr>\n<tr style=\"height: 120px;\">\n<td style=\"text-align: center; height: 120px;\">Utorok 13.6.<\/td>\n<td style=\"text-align: center; height: 120px;\">18:00<\/td>\n<td style=\"text-align: center; height: 120px;\"><span style=\"color: #808000;\">Sv\u00e4t\u00e9ho Antona Padu\u00e1nskeho, k\u0148aza a u\u010dite\u013ea Cirkvi<\/span><\/p>\n<p><span style=\"color: #808000;\">spomienka<\/span><\/td>\n<td style=\"text-align: center; height: 120px;\">za zdravie a Bo\u017eie po\u017eehnanie rodiny Urbanovej<\/td>\n<td style=\"text-align: center; height: 120px;\"><\/td>\n<\/tr>\n<tr style=\"height: 24px;\">\n<td style=\"text-align: center; height: 24px;\">Streda 14.6.<\/td>\n<td style=\"text-align: center; height: 24px;\"><span style=\"color: #000000;\">7:00<\/span><\/td>\n<td style=\"text-align: center; height: 24px;\"><span style=\"color: #008000;\">Streda 10. t\u00fd\u017ed\u0148a v Cezro\u010dnom obdob\u00ed<\/span><\/td>\n<td style=\"text-align: center; height: 24px;\">za zdravie a Bo\u017eie po\u017eehnanie rodiny \u0160robovej<\/td>\n<td style=\"text-align: center; height: 24px;\"><\/td>\n<\/tr>\n<tr style=\"height: 48px;\">\n<td style=\"text-align: center; height: 48px;\">\u0160tvrtok 15.6.<\/td>\n<td style=\"text-align: center; height: 48px;\"><span style=\"color: #000000;\">18:00<\/span><\/td>\n<td style=\"text-align: center; height: 48px;\"><span style=\"color: #008000;\">\u0160tvrtok 10. t\u00fd\u017ed\u0148a v Cezro\u010dnom obdob\u00ed<\/span><\/p>\n<p><span style=\"color: #808000;\">Sv. om\u0161a z\u00a0nasleduj\u00facej sl\u00e1vnosti<\/span><\/td>\n<td style=\"text-align: center; height: 48px;\">za zdravie a Bo\u017eie po\u017eehnanie rodiny Jano\u0161tinovej<\/td>\n<td style=\"text-align: center; height: 48px;\"><\/td>\n<\/tr>\n<tr style=\"height: 120px;\">\n<td style=\"text-align: center; height: 120px;\">Piatok 16.6.<\/td>\n<td style=\"text-align: center; height: 120px;\"><strong>17:00<\/strong><\/p>\n<p><span style=\"color: #000000;\">18:00<\/span><\/td>\n<td style=\"text-align: center; height: 120px;\"><em><span style=\"color: #808000;\">Najsv\u00e4tej\u0161ieho Srdca Je\u017ei\u0161ovho<\/span><\/em><\/p>\n<p><span style=\"color: #808000;\">sl\u00e1vnos\u0165<\/span><\/td>\n<td style=\"text-align: center; height: 120px;\"><strong>Bodice:<\/strong> na \u00famysel<\/p>\n<p>za zdravie vn\u00fa\u010dat Eli\u0161ky a Luk\u00e1\u0161a<\/td>\n<td style=\"text-align: center; height: 120px;\">Odprosuj\u00faca pobo\u017enos\u0165. Najmil\u0161\u00ed Je\u017ei\u0161u &#8211; \u00fapln\u00e9 odpustky.<\/p>\n<p>Svetov\u00fd de\u0148 za posv\u00e4covanie k\u0148azov<\/td>\n<\/tr>\n<tr style=\"height: 120px;\">\n<td style=\"text-align: center; height: 120px;\">Sobota 17.6.<\/td>\n<td style=\"text-align: center; height: 120px;\"><span style=\"color: #000000;\">8:00<\/span><\/td>\n<td style=\"text-align: center; height: 120px;\"><span style=\"color: #0000ff;\">Nepo\u0161kvrnen\u00e9ho Srdca Preblahoslavenej Panny M\u00e1rie<\/span><\/p>\n<p><span style=\"color: #0000ff;\">spomienka<\/span><\/td>\n<td style=\"text-align: center; height: 120px;\">+ rodi\u010dia a star\u00ed rodi\u010dia Kamila a Agnesi<\/td>\n<td style=\"text-align: center; height: 120px;\"><\/td>\n<\/tr>\n<tr style=\"height: 136px;\">\n<td style=\"text-align: center; height: 136px;\"><strong>Nede\u013ea 18.6.<\/strong><\/td>\n<td style=\"text-align: center; height: 136px;\">7:00<\/p>\n<p><span style=\"color: #000000;\"><strong>8:15<\/strong><\/span><\/p>\n<p><span style=\"color: #000000;\">9:45<\/span><\/td>\n<td style=\"text-align: center; height: 136px;\"><span style=\"color: #008000;\"><strong>11. nede\u013ea v Cezro\u010dnom obdob\u00ed<\/strong><\/span><\/td>\n<td style=\"text-align: center; height: 136px;\">za k\u0148aza<\/p>\n<p><span style=\"font-family: inherit; font-size: inherit;\"><strong>Bodice:<\/strong> na \u00famysel<\/span><\/p>\n<p>za veriacich<\/td>\n<td style=\"text-align: center; height: 136px;\"><\/td>\n<\/tr>\n<\/tbody>\n<\/table>\n<\/div>\n<ul>\n<li>Bohuzn\u00e1ma na kostol v Bodiciach darovala 100 \u20ac. Bohuzm\u00e1ma na ma\u013eovanie kostola v Pal\u00fadzke obetovala 100 \u20ac. Z pohrebu + Jozefa<br \/>\nGereca na kostol darovali 100 \u20ac. Novoman\u017eelia zo Zuberca darovali na kostol 150 \u20ac. P\u00e1n Boh zapla\u0165 a odme\u0148 v\u0161etk\u00fdch darcov.<\/li>\n<li>o upratovanie kostola pros\u00edm rodinu Badl\u00edkov\u00fa, Kuskov\u00fa, Plevov\u00fa, Tur\u010dinov\u00fa, Je\u017eov\u00fa. Upratovanie bude v sobotu o 17:00. P\u00e1n Boh zapla\u0165 za slu\u017ebu.<\/li>\n<\/ul>\n","protected":false},"excerpt":{"rendered":"<p>De\u0148 \u010cas Liturgick\u00fd kalend\u00e1r \u00damysel O\u010dak\u00e1vame Nede\u013ea 11.6. 7:00 8:15 9:45 10. nede\u013ea v Cezro\u010dnom obdob\u00ed za veriacich Bodice: na \u00famysel + Michal a M\u00e1ria Da\u0148o Pondelok 12.6. 18:00 Pondelok 10. t\u00fd\u017ed\u0148a v Cezro\u010dnom obdob\u00ed za zdravie a Bo\u017eie po\u017eehnanie Zuzany, det\u00ed a vn\u00fa\u010dat Utorok 13.6. 18:00 Sv\u00e4t\u00e9ho Antona Padu\u00e1nskeho, k\u0148aza a u\u010dite\u013ea Cirkvi spomienka [&hellip;]<\/p>\n","protected":false},"author":1,"featured_media":0,"comment_status":"closed","ping_status":"closed","sticky":false,"template":"","format":"standard","meta":{"_links_to":"","_links_to_target":""},"categories":[4,19],"tags":[],"_links":{"self":[{"href":"http:\/\/www.paludzka.fara.sk\/index.php?rest_route=\/wp\/v2\/posts\/2633"}],"collection":[{"href":"http:\/\/www.paludzka.fara.sk\/index.php?rest_route=\/wp\/v2\/posts"}],"about":[{"href":"http:\/\/www.paludzka.fara.sk\/index.php?rest_route=\/wp\/v2\/types\/post"}],"author":[{"embeddable":true,"href":"http:\/\/www.paludzka.fara.sk\/index.php?rest_route=\/wp\/v2\/users\/1"}],"replies":[{"embeddable":true,"href":"http:\/\/www.paludzka.fara.sk\/index.php?rest_route=%2Fwp%2Fv2%2Fcomments&post=2633"}],"version-history":[{"count":3,"href":"http:\/\/www.paludzka.fara.sk\/index.php?rest_route=\/wp\/v2\/posts\/2633\/revisions"}],"predecessor-version":[{"id":2638,"href":"http:\/\/www.paludzka.fara.sk\/index.php?rest_route=\/wp\/v2\/posts\/2633\/revisions\/2638"}],"wp:attachment":[{"href":"http:\/\/www.paludzka.fara.sk\/index.php?rest_route=%2Fwp%2Fv2%2Fmedia&parent=2633"}],"wp:term":[{"taxonomy":"category","embeddable":true,"href":"http:\/\/www.paludzka.fara.sk\/index.php?rest_route=%2Fwp%2Fv2%2Fcategories&post=2633"},{"taxonomy":"post_tag","embeddable":true,"href":"http:\/\/www.paludzka.fara.sk\/index.php?rest_route=%2Fwp%2Fv2%2Ftags&post=2633"}],"curies":[{"name":"wp","href":"https:\/\/api.w.org\/{rel}","templated":true}]}}