
{"id":2603,"date":"2023-06-04T00:00:10","date_gmt":"2023-06-03T22:00:10","guid":{"rendered":"http:\/\/www.paludzka.fara.sk\/?p=2603"},"modified":"2023-06-03T21:22:31","modified_gmt":"2023-06-03T19:22:31","slug":"farske-oznamy-4-6-11-6-2023","status":"publish","type":"post","link":"http:\/\/www.paludzka.fara.sk\/?p=2603","title":{"rendered":"Farsk\u00e9 oznamy 4.6.-11.6.2023"},"content":{"rendered":"<div class=\"table-responsive\">\n<table class=\"table table-bordered\" style=\"width: 100%; height: 776px;\">\n<thead>\n<tr style=\"height: 24px;\">\n<th style=\"text-align: center; height: 24px;\">De\u0148<\/th>\n<th style=\"text-align: center; height: 24px;\">\u010cas<\/th>\n<th style=\"text-align: center; height: 24px;\">Liturgick\u00fd kalend\u00e1r<\/th>\n<th style=\"text-align: center; height: 24px;\">\u00damysel<\/th>\n<th style=\"text-align: center; height: 24px;\">O\u010dak\u00e1vame<\/th>\n<\/tr>\n<\/thead>\n<tbody>\n<tr style=\"height: 136px;\">\n<td style=\"text-align: center; height: 136px;\"><strong>Nede\u013ea 4.6.<\/strong><\/td>\n<td style=\"text-align: center; height: 136px;\">7:00<\/p>\n<p><span style=\"color: #000000;\"><strong>8:15<\/strong><\/span><\/p>\n<p><span style=\"color: #ff0000;\">10:00<\/span><\/td>\n<td style=\"text-align: center; height: 136px;\"><span style=\"color: #808000;\"><strong>Najsv\u00e4tej\u0161ej Trojice<\/strong><\/span><\/p>\n<p><span style=\"color: #808000;\">sl\u00e1vnos\u0165<\/span><\/td>\n<td style=\"text-align: center; height: 136px;\">za veriacich<\/p>\n<p><span style=\"font-family: inherit; font-size: inherit;\"><strong>Bodice:<\/strong> na \u00famysel<\/span><\/p>\n<p>za prvoprij\u00edmaj\u00face deti a ich rodi\u010dov<\/td>\n<td style=\"text-align: center; height: 136px;\">Sl\u00e1vnos\u0165 1. sv. prij\u00edmania o 10:00<\/td>\n<\/tr>\n<tr style=\"height: 48px;\">\n<td style=\"text-align: center; height: 48px;\">Pondelok 5.6.<\/td>\n<td style=\"text-align: center; height: 48px;\">18:00<\/td>\n<td style=\"text-align: center; height: 48px;\"><span style=\"color: #ff0000;\">Sv\u00e4t\u00e9ho Bonif\u00e1ca, biskupa a mu\u010den\u00edka<\/span><\/p>\n<p><span style=\"color: #ff0000;\">spomienka<\/span><\/td>\n<td style=\"text-align: center; height: 48px;\">+ J\u00e1n<\/td>\n<td style=\"text-align: center; height: 48px;\"><\/td>\n<\/tr>\n<tr style=\"height: 120px;\">\n<td style=\"text-align: center; height: 120px;\">Utorok 6.6.<\/td>\n<td style=\"text-align: center; height: 120px;\">18:00<\/td>\n<td style=\"text-align: center; height: 120px;\"><span style=\"color: #008000;\">Utorok 9. t\u00fd\u017ed\u0148a v Cezro\u010dnom obdob\u00ed<\/span><\/td>\n<td style=\"text-align: center; height: 120px;\">+ Adolf, Val\u00e9ria a J\u00e1n<\/td>\n<td style=\"text-align: center; height: 120px;\"><\/td>\n<\/tr>\n<tr style=\"height: 24px;\">\n<td style=\"text-align: center; height: 24px;\">Streda 7.6.<\/td>\n<td style=\"text-align: center; height: 24px;\"><span style=\"color: #000000;\">7:00<\/span><\/td>\n<td style=\"text-align: center; height: 24px;\"><span style=\"color: #008000;\">Streda 9. t\u00fd\u017ed\u0148a v Cezro\u010dnom obdob\u00ed<\/span><\/td>\n<td style=\"text-align: center; height: 24px;\">Za zdravie a Bo\u017eie po\u017eehnanie Kamila a Agnesi<\/td>\n<td style=\"text-align: center; height: 24px;\"><\/td>\n<\/tr>\n<tr style=\"height: 48px;\">\n<td style=\"text-align: center; height: 48px;\">\u0160tvrtok 8.6.<\/td>\n<td style=\"text-align: center; height: 48px;\"><span style=\"color: #ff0000;\">16:30<\/span><\/p>\n<p><span style=\"color: #000000;\">18:00<\/span><\/td>\n<td style=\"text-align: center; height: 48px;\"><strong><span style=\"color: #808000;\">Najsv\u00e4tej\u0161ieho Kristovho Tela a Krvi<\/span><\/strong><\/p>\n<p><span style=\"color: #808000;\">sl\u00e1vnos\u0165<\/span><\/p>\n<p><span style=\"color: #ff0000;\">prik\u00e1zan\u00fd sviatok<\/span><\/td>\n<td style=\"text-align: center; height: 48px;\">Bodice: na \u00famysel<\/p>\n<p>+ Karol<\/td>\n<td style=\"text-align: center; height: 48px;\"><span style=\"color: #ff0000;\">Eucharistick\u00e1 procesia a po\u017eehnanie po sv. om\u0161i v Pal\u00fadzke<\/span><\/p>\n<p>za obvykl\u00fdch podmienok je mo\u017en\u00e9 z\u00edska\u0165 \u00fapln\u00e9 odpustky<\/td>\n<\/tr>\n<tr style=\"height: 120px;\">\n<td style=\"text-align: center; height: 120px;\">Piatok 9.6.<\/td>\n<td style=\"text-align: center; height: 120px;\"><span style=\"color: #000000;\">18:00<\/span><\/td>\n<td style=\"text-align: center; height: 120px;\"><span style=\"color: #008000;\">Piatok 9. t\u00fd\u017ed\u0148a v Cezro\u010dnom obdob\u00ed<\/span><\/td>\n<td style=\"text-align: center; height: 120px;\">+ Pavol<\/td>\n<td style=\"text-align: center; height: 120px;\"><\/td>\n<\/tr>\n<tr style=\"height: 120px;\">\n<td style=\"text-align: center; height: 120px;\">Sobota 10.6.<\/td>\n<td style=\"text-align: center; height: 120px;\"><span style=\"color: #000000;\">8:00<\/span><\/td>\n<td style=\"text-align: center; height: 120px;\"><span style=\"color: #0000ff;\">Preblahoslavenej Panny M\u00e1rie v sobotu<\/span><\/p>\n<p><span style=\"color: #0000ff;\">\u013eubovo\u013en\u00e1 spomienka<\/span><\/td>\n<td style=\"text-align: center; height: 120px;\">za zdravie a Bo\u017eie po\u017eehnanie rodiny<\/td>\n<td style=\"text-align: center; height: 120px;\"><\/td>\n<\/tr>\n<tr style=\"height: 136px;\">\n<td style=\"text-align: center; height: 136px;\"><strong>Nede\u013ea 11.6.<\/strong><\/td>\n<td style=\"text-align: center; height: 136px;\">7:00<\/p>\n<p><span style=\"color: #000000;\"><strong>8:15<\/strong><\/span><\/p>\n<p><span style=\"color: #000000;\">9:45<\/span><\/td>\n<td style=\"text-align: center; height: 136px;\"><span style=\"color: #008000;\"><strong>10. nede\u013ea v Cezro\u010dnom obdob\u00ed<\/strong><\/span><\/td>\n<td style=\"text-align: center; height: 136px;\">za veriacich<\/p>\n<p><span style=\"font-family: inherit; font-size: inherit;\"><strong>Bodice:<\/strong> na \u00famysel<\/span><\/p>\n<p>+ Michal a M\u00e1ria Da\u0148o<\/td>\n<td style=\"text-align: center; height: 136px;\"><\/td>\n<\/tr>\n<\/tbody>\n<\/table>\n<\/div>\n<ul>\n<li>na konci sv. om\u0161e po\u010das prik\u00e1zan\u00e9ho sviatku Najsv\u00e4tej\u0161ieho Kristovho Tela a Krvi pl\u00e1nujeme v pr\u00edpade priazniv\u00e9ho po\u010dasia procesiu okolo kostola. Deti pros\u00edm, aby si pripravili lupienky kvetov, ktor\u00e9 bud\u00fa rozs\u00fdpa\u0165 P\u00e1nu Je\u017ei\u0161ovi po\u010das procesie.<\/li>\n<li>v zbierke na kostol v Bodiciach sa vyzbieralo 265 \u20ac. V Pal\u00fadzke sa na ma\u013eovanie kostola vyzbieralo 1065 \u20ac. P\u00e1n Boh zapla\u0165 a odme\u0148 v\u0161etk\u00fdch darcov.<\/li>\n<li>Bohuzm\u00e1mi na ma\u013eovanie kostola v Pal\u00fadzke obetovali 200, 50, 100, a 50 \u20ac. P\u00e1n Boh zapla\u0165 za va\u0161u \u0161tedros\u0165.<\/li>\n<li>o upratovanie kostola pros\u00edm rodinu Ra\u010dkov\u00fa, Mra\u010dnov\u00fa, Tk\u00e1\u010dov\u00fa a Gub\u00e1\u0161ov\u00fa. Upratovanie bude v sobotu o 17:00. P\u00e1n Boh zapla\u0165 za slu\u017ebu.<\/li>\n<\/ul>\n","protected":false},"excerpt":{"rendered":"<p>De\u0148 \u010cas Liturgick\u00fd kalend\u00e1r \u00damysel O\u010dak\u00e1vame Nede\u013ea 4.6. 7:00 8:15 10:00 Najsv\u00e4tej\u0161ej Trojice sl\u00e1vnos\u0165 za veriacich Bodice: na \u00famysel za prvoprij\u00edmaj\u00face deti a ich rodi\u010dov Sl\u00e1vnos\u0165 1. sv. prij\u00edmania o 10:00 Pondelok 5.6. 18:00 Sv\u00e4t\u00e9ho Bonif\u00e1ca, biskupa a mu\u010den\u00edka spomienka + J\u00e1n Utorok 6.6. 18:00 Utorok 9. t\u00fd\u017ed\u0148a v Cezro\u010dnom obdob\u00ed + Adolf, Val\u00e9ria a [&hellip;]<\/p>\n","protected":false},"author":1,"featured_media":0,"comment_status":"closed","ping_status":"closed","sticky":false,"template":"","format":"standard","meta":{"_links_to":"","_links_to_target":""},"categories":[4,19],"tags":[],"_links":{"self":[{"href":"http:\/\/www.paludzka.fara.sk\/index.php?rest_route=\/wp\/v2\/posts\/2603"}],"collection":[{"href":"http:\/\/www.paludzka.fara.sk\/index.php?rest_route=\/wp\/v2\/posts"}],"about":[{"href":"http:\/\/www.paludzka.fara.sk\/index.php?rest_route=\/wp\/v2\/types\/post"}],"author":[{"embeddable":true,"href":"http:\/\/www.paludzka.fara.sk\/index.php?rest_route=\/wp\/v2\/users\/1"}],"replies":[{"embeddable":true,"href":"http:\/\/www.paludzka.fara.sk\/index.php?rest_route=%2Fwp%2Fv2%2Fcomments&post=2603"}],"version-history":[{"count":1,"href":"http:\/\/www.paludzka.fara.sk\/index.php?rest_route=\/wp\/v2\/posts\/2603\/revisions"}],"predecessor-version":[{"id":2604,"href":"http:\/\/www.paludzka.fara.sk\/index.php?rest_route=\/wp\/v2\/posts\/2603\/revisions\/2604"}],"wp:attachment":[{"href":"http:\/\/www.paludzka.fara.sk\/index.php?rest_route=%2Fwp%2Fv2%2Fmedia&parent=2603"}],"wp:term":[{"taxonomy":"category","embeddable":true,"href":"http:\/\/www.paludzka.fara.sk\/index.php?rest_route=%2Fwp%2Fv2%2Fcategories&post=2603"},{"taxonomy":"post_tag","embeddable":true,"href":"http:\/\/www.paludzka.fara.sk\/index.php?rest_route=%2Fwp%2Fv2%2Ftags&post=2603"}],"curies":[{"name":"wp","href":"https:\/\/api.w.org\/{rel}","templated":true}]}}