
{"id":2587,"date":"2023-05-28T00:00:06","date_gmt":"2023-05-27T22:00:06","guid":{"rendered":"http:\/\/www.paludzka.fara.sk\/?p=2587"},"modified":"2023-05-27T23:30:04","modified_gmt":"2023-05-27T21:30:04","slug":"farske-oznamy-28-5-4-6-2023","status":"publish","type":"post","link":"http:\/\/www.paludzka.fara.sk\/?p=2587","title":{"rendered":"Farsk\u00e9 oznamy 28.5.-4.6.2023"},"content":{"rendered":"<div class=\"table-responsive\">\n<table class=\"table table-bordered\" style=\"width: 100%; height: 776px;\">\n<thead>\n<tr style=\"height: 24px;\">\n<th style=\"text-align: center; height: 24px;\">De\u0148<\/th>\n<th style=\"text-align: center; height: 24px;\">\u010cas<\/th>\n<th style=\"text-align: center; height: 24px;\">Liturgick\u00fd kalend\u00e1r<\/th>\n<th style=\"text-align: center; height: 24px;\">\u00damysel<\/th>\n<th style=\"text-align: center; height: 24px;\">O\u010dak\u00e1vame<\/th>\n<\/tr>\n<\/thead>\n<tbody>\n<tr style=\"height: 136px;\">\n<td style=\"text-align: center; height: 136px;\"><strong>Nede\u013ea 28.5.<\/strong><\/td>\n<td style=\"text-align: center; height: 136px;\">7:00<\/p>\n<p><span style=\"color: #000000;\"><strong>8:15<\/strong><\/span><\/p>\n<p><span style=\"color: #000000;\">9:45<\/span><\/td>\n<td style=\"text-align: center; height: 136px;\"><span style=\"color: #ff0000;\"><strong>Zoslanie Ducha Sv\u00e4t\u00e9ho<\/strong><\/span><\/p>\n<p><span style=\"color: #ff0000;\">sl\u00e1vnos\u0165<\/span><\/td>\n<td style=\"text-align: center; height: 136px;\">za veriacich<\/p>\n<p><span style=\"font-family: inherit; font-size: inherit;\"><strong>Bodice:<\/strong> na \u00famysel<\/span><\/p>\n<p>za sp\u00e1su du\u0161e \u017eiv\u00fdch a zomrel\u00fdch pr\u00edbuzn\u00fdch a priate\u013eov<\/td>\n<td style=\"text-align: center; height: 136px;\"><strong>Zbierka na kostol<\/strong><\/p>\n<p>\u00dapln\u00e9 odpustky pri speve \u2013 Pr\u00ed\u010f, Duchu Sv\u00e4t\u00fd, tvoriv\u00fd<\/td>\n<\/tr>\n<tr style=\"height: 48px;\">\n<td style=\"text-align: center; height: 48px;\">Pondelok 29.5.<\/td>\n<td style=\"text-align: center; height: 48px;\">18:00<\/td>\n<td style=\"text-align: center; height: 48px;\"><span style=\"color: #ff0000;\">O Duchu Sv\u00e4tom<\/span><\/p>\n<p><span style=\"color: #ff0000;\">vot\u00edvna sv\u00e4t\u00e1 om\u0161a<\/span><\/td>\n<td style=\"text-align: center; height: 48px;\">+ Ondrej<\/td>\n<td style=\"text-align: center; height: 48px;\">Farsk\u00e1 poklona sviatosti Olt\u00e1rnej od 15:30 do sv. om\u0161e<\/p>\n<p>sviatos\u0165 zmierenia od 17:30<\/td>\n<\/tr>\n<tr style=\"height: 120px;\">\n<td style=\"text-align: center; height: 120px;\">Utorok 30.5.<\/td>\n<td style=\"text-align: center; height: 120px;\">18:00<\/td>\n<td style=\"text-align: center; height: 120px;\"><span style=\"color: #008000;\">Utorok 8. t\u00fd\u017ed\u0148a v Cezro\u010dnom obdob\u00ed<\/span><\/td>\n<td style=\"text-align: center; height: 120px;\">+ Pavol a Paul\u00edna<\/td>\n<td style=\"text-align: center; height: 120px;\">sviatos\u0165 zmierenia od 17:30<\/td>\n<\/tr>\n<tr style=\"height: 24px;\">\n<td style=\"text-align: center; height: 24px;\">Streda 31.5.<\/td>\n<td style=\"text-align: center; height: 24px;\"><span style=\"color: #000000;\">7:00<\/span><\/td>\n<td style=\"text-align: center; height: 24px;\"><span style=\"color: #008000;\">Streda 8. t\u00fd\u017ed\u0148a v Cezro\u010dnom obdob\u00ed<\/span><\/td>\n<td style=\"text-align: center; height: 24px;\">+ Mikul\u00e1\u0161<\/td>\n<td style=\"text-align: center; height: 24px;\"><\/td>\n<\/tr>\n<tr style=\"height: 48px;\">\n<td style=\"text-align: center; height: 48px;\">\u0160tvrtok 1.6.<\/td>\n<td style=\"text-align: center; height: 48px;\"><span style=\"color: #000000;\">18:00<\/span><\/td>\n<td style=\"text-align: center; height: 48px;\"><span style=\"color: #808000;\">N\u00e1\u0161ho P\u00e1na Je\u017ei\u0161a Krista, najvy\u0161\u0161ieho a ve\u010dn\u00e9ho k\u0148aza<\/span><\/p>\n<p><span style=\"color: #808000;\">sviatok<\/span><\/td>\n<td style=\"text-align: center; height: 48px;\">+ Alojz, Irena, Kliment a Helena<\/td>\n<td style=\"text-align: center; height: 48px;\">sviatos\u0165 zmierenia od 17:00<\/td>\n<\/tr>\n<tr style=\"height: 120px;\">\n<td style=\"text-align: center; height: 120px;\">Piatok 2.6.<\/td>\n<td style=\"text-align: center; height: 120px;\"><strong>17:00<\/strong><\/p>\n<p><span style=\"color: #000000;\">18:00<\/span><\/td>\n<td style=\"text-align: center; height: 120px;\"><span style=\"color: #ff0000;\"><span style=\"color: #808000;\">O Najsv\u00e4tej\u0161om Srdci Je\u017ei\u0161ovom<\/span><\/span><\/td>\n<td style=\"text-align: center; height: 120px;\"><strong>Bodice:<\/strong> na \u00famysel<\/p>\n<p>za rodinu M\u00e1rie a \u0160tefana a dc\u00e9ru<\/td>\n<td style=\"text-align: center; height: 120px;\">n\u00e1v\u0161teva chor\u00fdch od 8:00<\/p>\n<p><strong>Bodice: vysluhovanie sv. zmierenia od 16:15<\/strong><\/p>\n<p><span style=\"color: #ff0000;\"><strong><em>Sv. om\u0161a za \u00fa\u010dasti det\u00ed a po nej n\u00e1cvik na 1. sv. prij\u00edmanie<\/em><\/strong><\/span><\/td>\n<\/tr>\n<tr style=\"height: 120px;\">\n<td style=\"text-align: center; height: 120px;\">Sobota 3.6.<\/td>\n<td style=\"text-align: center; height: 120px;\"><span style=\"color: #000000;\">8:00<\/span><\/td>\n<td style=\"text-align: center; height: 120px;\"><span style=\"color: #0000ff;\">O Preblahoslavenej Panne M\u00e1rii<\/span><\/td>\n<td style=\"text-align: center; height: 120px;\">po\u010fakovanie za 40 rokov man\u017eelstva<\/p>\n<p>Stanislava a Anny<\/td>\n<td style=\"text-align: center; height: 120px;\">Fatimsk\u00e1 pobo\u017enos\u0165 o 7:30<\/p>\n<p>po sv. om\u0161i sviatos\u0165 zmierenia pre prvoprij\u00edmaj\u00face deti<\/td>\n<\/tr>\n<tr style=\"height: 136px;\">\n<td style=\"text-align: center; height: 136px;\"><strong>Nede\u013ea 4.6.<\/strong><\/td>\n<td style=\"text-align: center; height: 136px;\">7:00<\/p>\n<p><span style=\"color: #000000;\"><strong>8:15<\/strong><\/span><\/p>\n<p><span style=\"color: #ff0000;\">10:00<\/span><\/td>\n<td style=\"text-align: center; height: 136px;\"><span style=\"color: #808000;\"><strong>Najsv\u00e4tej\u0161ej Trojice<\/strong><\/span><\/p>\n<p><span style=\"color: #808000;\">sl\u00e1vnos\u0165<\/span><\/td>\n<td style=\"text-align: center; height: 136px;\">za veriacich<\/p>\n<p><span style=\"font-family: inherit; font-size: inherit;\"><strong>Bodice:<\/strong> na \u00famysel<\/span><\/p>\n<p>za prvoprij\u00edmaj\u00face deti a ich rodi\u010dov<\/td>\n<td style=\"text-align: center; height: 136px;\">Sl\u00e1vnos\u0165 1. sv. prij\u00edmania o\u00a010:00<\/td>\n<\/tr>\n<\/tbody>\n<\/table>\n<\/div>\n<ul>\n<li>v pondelok je v na\u0161ej farnosti farsk\u00e1 poklona Sviatosti olt\u00e1rnej od 15:00. N\u00e1jdime si \u010das na stretnutie so sviatostn\u00fdm Spasite\u013eom. Pros\u00edm, aby ste sa zap\u00edsali na poklonu.<\/li>\n<li>na kostol v Bodiciach Bohuzn\u00e1ma obetovala 50 \u20ac. P\u00e1n Boh zapla\u0165.<\/li>\n<li>Bohuzm\u00e1mi na ma\u013eovanie kostola v Pal\u00fadzke obetovali 100, 200, 100, 100, 100 a 100 \u20ac. P\u00e1n Boh zapla\u0165 za va\u0161u \u0161tedros\u0165.<\/li>\n<li>v zbierke na katol\u00edcke masm\u00e9dia sme prispeli 320 \u20ac. Z toho 50 \u20ac darovalo ru\u017eencov\u00e9 spolo\u010denstvo. P\u00e1n Boh zapla\u0165.<\/li>\n<li>dnes je zbierka na kostol. V\u0161etk\u00fdm darcom ve\u013ek\u00e1 v\u010faka.<\/li>\n<li>o upratovanie kostola pros\u00edm rodi\u010dov prvoprij\u00edmaj\u00facich det\u00ed.<\/li>\n<\/ul>\n","protected":false},"excerpt":{"rendered":"<p>De\u0148 \u010cas Liturgick\u00fd kalend\u00e1r \u00damysel O\u010dak\u00e1vame Nede\u013ea 28.5. 7:00 8:15 9:45 Zoslanie Ducha Sv\u00e4t\u00e9ho sl\u00e1vnos\u0165 za veriacich Bodice: na \u00famysel za sp\u00e1su du\u0161e \u017eiv\u00fdch a zomrel\u00fdch pr\u00edbuzn\u00fdch a priate\u013eov Zbierka na kostol \u00dapln\u00e9 odpustky pri speve \u2013 Pr\u00ed\u010f, Duchu Sv\u00e4t\u00fd, tvoriv\u00fd Pondelok 29.5. 18:00 O Duchu Sv\u00e4tom vot\u00edvna sv\u00e4t\u00e1 om\u0161a + Ondrej Farsk\u00e1 poklona sviatosti [&hellip;]<\/p>\n","protected":false},"author":1,"featured_media":0,"comment_status":"closed","ping_status":"closed","sticky":false,"template":"","format":"standard","meta":{"_links_to":"","_links_to_target":""},"categories":[4,19],"tags":[],"_links":{"self":[{"href":"http:\/\/www.paludzka.fara.sk\/index.php?rest_route=\/wp\/v2\/posts\/2587"}],"collection":[{"href":"http:\/\/www.paludzka.fara.sk\/index.php?rest_route=\/wp\/v2\/posts"}],"about":[{"href":"http:\/\/www.paludzka.fara.sk\/index.php?rest_route=\/wp\/v2\/types\/post"}],"author":[{"embeddable":true,"href":"http:\/\/www.paludzka.fara.sk\/index.php?rest_route=\/wp\/v2\/users\/1"}],"replies":[{"embeddable":true,"href":"http:\/\/www.paludzka.fara.sk\/index.php?rest_route=%2Fwp%2Fv2%2Fcomments&post=2587"}],"version-history":[{"count":1,"href":"http:\/\/www.paludzka.fara.sk\/index.php?rest_route=\/wp\/v2\/posts\/2587\/revisions"}],"predecessor-version":[{"id":2590,"href":"http:\/\/www.paludzka.fara.sk\/index.php?rest_route=\/wp\/v2\/posts\/2587\/revisions\/2590"}],"wp:attachment":[{"href":"http:\/\/www.paludzka.fara.sk\/index.php?rest_route=%2Fwp%2Fv2%2Fmedia&parent=2587"}],"wp:term":[{"taxonomy":"category","embeddable":true,"href":"http:\/\/www.paludzka.fara.sk\/index.php?rest_route=%2Fwp%2Fv2%2Fcategories&post=2587"},{"taxonomy":"post_tag","embeddable":true,"href":"http:\/\/www.paludzka.fara.sk\/index.php?rest_route=%2Fwp%2Fv2%2Ftags&post=2587"}],"curies":[{"name":"wp","href":"https:\/\/api.w.org\/{rel}","templated":true}]}}