
{"id":2532,"date":"2023-05-21T00:00:38","date_gmt":"2023-05-20T22:00:38","guid":{"rendered":"http:\/\/www.paludzka.fara.sk\/?p=2532"},"modified":"2023-05-20T22:01:22","modified_gmt":"2023-05-20T20:01:22","slug":"farske-oznamy-21-5-28-5-2023","status":"publish","type":"post","link":"http:\/\/www.paludzka.fara.sk\/?p=2532","title":{"rendered":"Farsk\u00e9 oznamy 21.5.-28.5.2023"},"content":{"rendered":"<div class=\"table-responsive\">\n<table class=\"table table-bordered\" style=\"width: 100%; height: 776px;\">\n<thead>\n<tr style=\"height: 24px;\">\n<th style=\"text-align: center; height: 24px;\">De\u0148<\/th>\n<th style=\"text-align: center; height: 24px;\">\u010cas<\/th>\n<th style=\"text-align: center; height: 24px;\">Liturgick\u00fd kalend\u00e1r<\/th>\n<th style=\"text-align: center; height: 24px;\">\u00damysel<\/th>\n<th style=\"text-align: center; height: 24px;\">O\u010dak\u00e1vame<\/th>\n<\/tr>\n<\/thead>\n<tbody>\n<tr style=\"height: 136px;\">\n<td style=\"text-align: center; height: 136px;\"><strong>Nede\u013ea 21.5.<\/strong><\/td>\n<td style=\"text-align: center; height: 136px;\">7:00<\/p>\n<p><span style=\"color: #000000;\"><strong>8:15<\/strong><\/span><\/p>\n<p><span style=\"color: #000000;\">9:45<\/span><\/td>\n<td style=\"text-align: center; height: 136px;\"><span style=\"color: #808000;\"><strong>7. ve\u013ekono\u010dn\u00e1 nede\u013ea<\/strong><\/span><\/td>\n<td style=\"text-align: center; height: 136px;\">za veriacich<\/p>\n<p><span style=\"font-family: inherit; font-size: inherit;\"><strong>Bodice:<\/strong> na \u00famysel<\/span><\/p>\n<p>za sp\u00e1su du\u0161e \u017eiv\u00fdch a zomrel\u00fdch pr\u00edbuzn\u00fdch a priate\u013eov<\/td>\n<td style=\"text-align: center; height: 136px;\"><strong>Zbierka na katol\u00edcke masm\u00e9dia<\/strong><\/p>\n<p>57. Svetov\u00fd de\u0148 spolo\u010densk\u00fdch komunika\u010dn\u00fdch prostriedkov<\/td>\n<\/tr>\n<tr style=\"height: 48px;\">\n<td style=\"text-align: center; height: 48px;\">Pondelok 22.5.<\/td>\n<td style=\"text-align: center; height: 48px;\"><span style=\"color: #ff0000;\"><strong>7:00<\/strong><\/span><\/td>\n<td style=\"text-align: center; height: 48px;\"><span style=\"color: #808000;\">Pondelok po 7. ve\u013ekono\u010dnej nedeli<\/span><\/td>\n<td style=\"text-align: center; height: 48px;\">+ Jozef, M\u00e1ria, Jozef, Al\u017ebeta<\/td>\n<td style=\"text-align: center; height: 48px;\">Sv. om\u0161a v kostole<\/td>\n<\/tr>\n<tr style=\"height: 120px;\">\n<td style=\"text-align: center; height: 120px;\">Utorok 23.5.<\/td>\n<td style=\"text-align: center; height: 120px;\">18:00<\/td>\n<td style=\"text-align: center; height: 120px;\"><span style=\"color: #ff0000;\"><span style=\"color: #808000;\">Utorok po 7. ve\u013ekono\u010dnej nedeli<\/span><\/span><\/td>\n<td style=\"text-align: center; height: 120px;\">+ bratov a sestry<\/td>\n<td style=\"text-align: center; height: 120px;\"><span style=\"color: #ff0000;\">po sv. om\u0161i stretnutie hospod\u00e1rskej rady farnosti<\/span><\/td>\n<\/tr>\n<tr style=\"height: 24px;\">\n<td style=\"text-align: center; height: 24px;\">Streda 24.5.<\/td>\n<td style=\"text-align: center; height: 24px;\"><span style=\"color: #000000;\">7:00<\/span><\/td>\n<td style=\"text-align: center; height: 24px;\"><span style=\"color: #808000;\">Streda po 7. ve\u013ekono\u010dnej nedeli<\/span><\/td>\n<td style=\"text-align: center; height: 24px;\">za zdravie a Bo\u017eie po\u017eehnanie pre matku<\/td>\n<td style=\"text-align: center; height: 24px;\"><span style=\"color: #ff0000;\">Sv. om\u0161a v kaplnke<\/span><\/td>\n<\/tr>\n<tr style=\"height: 48px;\">\n<td style=\"text-align: center; height: 48px;\">\u0160tvrtok 25.5.<\/td>\n<td style=\"text-align: center; height: 48px;\"><span style=\"color: #000000;\">18:00<\/span><\/td>\n<td style=\"text-align: center; height: 48px;\"><span style=\"color: #808000;\">\u0160tvrtok po 7. ve\u013ekono\u010dnej nedeli<\/span><\/td>\n<td style=\"text-align: center; height: 48px;\">+ Jozef<\/td>\n<td style=\"text-align: center; height: 48px;\">Ador\u00e1cia od 17:30<\/td>\n<\/tr>\n<tr style=\"height: 120px;\">\n<td style=\"text-align: center; height: 120px;\">Piatok 26.5.<\/td>\n<td style=\"text-align: center; height: 120px;\"><span style=\"color: #000000;\">18:00<\/span><\/td>\n<td style=\"text-align: center; height: 120px;\"><span style=\"color: #808000;\">Piatok po 6. ve\u013ekono\u010dnej nedeli<\/span><\/td>\n<td style=\"text-align: center; height: 120px;\">+ \u0160tefan, Vlasta, Edita a Anna<\/td>\n<td style=\"text-align: center; height: 120px;\"><span style=\"color: #ff0000;\"><strong><em>Sv. om\u0161a za \u00fa\u010dasti det\u00ed a po nej n\u00e1cvik na 1. sv. prij\u00edmanie<\/em><\/strong><\/span><\/td>\n<\/tr>\n<tr style=\"height: 120px;\">\n<td style=\"text-align: center; height: 120px;\">Sobota 27.5.<\/td>\n<td style=\"text-align: center; height: 120px;\"><span style=\"color: #000000;\">8:00<\/span><\/td>\n<td style=\"text-align: center; height: 120px;\"><span style=\"color: #0000ff;\"><span style=\"color: #808000;\">Sobota po 7. ve\u013ekono\u010dnej nedeli<\/span><\/span><\/td>\n<td style=\"text-align: center; height: 120px;\">+ Alena Bendov\u00e1<\/td>\n<td style=\"text-align: center; height: 120px;\"><\/td>\n<\/tr>\n<tr style=\"height: 136px;\">\n<td style=\"text-align: center; height: 136px;\"><strong>Nede\u013ea 28.5.<\/strong><\/td>\n<td style=\"text-align: center; height: 136px;\">7:00<\/p>\n<p><span style=\"color: #000000;\"><strong>8:15<\/strong><\/span><\/p>\n<p><span style=\"color: #000000;\">9:45<\/span><\/td>\n<td style=\"text-align: center; height: 136px;\"><span style=\"color: #ff0000;\"><strong>Zoslanie Ducha Sv\u00e4t\u00e9ho<\/strong><\/span><\/p>\n<p><span style=\"color: #ff0000;\">sl\u00e1vnos\u0165<\/span><\/td>\n<td style=\"text-align: center; height: 136px;\">za veriacich<\/p>\n<p><span style=\"font-family: inherit; font-size: inherit;\"><strong>Bodice:<\/strong> na \u00famysel<\/span><\/p>\n<p><span style=\"font-family: inherit; font-size: inherit;\">na \u00famysel<\/span><\/td>\n<td style=\"text-align: center; height: 136px;\">\u00fapln\u00e9 odpustky pri speve \u2013 Pr\u00ed\u010f, Duchu Sv\u00e4t\u00fd, tvoriv\u00fd<\/p>\n<p>zbierka na kostol<\/td>\n<\/tr>\n<\/tbody>\n<\/table>\n<\/div>\n<ul>\n<li>\u00famysly sv. om\u0161\u00ed na mesiac j\u00fan budem zapisova\u0165 v pondelok po sv. om\u0161i. Sv. om\u0161e bud\u00fa b\u00fdva\u0165 v kostole.<\/li>\n<li>na bud\u00faci t\u00fd\u017ede\u0148 v stredu, v piatok a v sobotu s\u00fa letn\u00e9 k\u00e1ntrov\u00e9 dni. Z\u00e1v\u00e4zn\u00fd je iba jeden de\u0148. Obsah letn\u00fdch k\u00e1ntrov\u00fdch dn\u00ed: prosby za jednotu kres\u0165anov alebo za duchovn\u00e9 povolania.<\/li>\n<li>Bohuzm\u00e1mi na ma\u013eovanie kostola v Pal\u00fadzke obetovali 300, 100, 200 \u20ac. Bohuzn\u00e1ma rod. z Liptovsk\u00e9ho J\u00e1na darovala na ma\u013eovanie kostola 100 \u20ac. P\u00e1n Boh zapla\u0165 za va\u0161u \u0161tedros\u0165.<\/li>\n<li>dnes je zbierka na katol\u00edcke masm\u00e9dia. V\u0161etk\u00fdm darcom P\u00e1n Boh zapla\u0165.<\/li>\n<li>na bud\u00faci t\u00fd\u017ede\u0148 bude zbierka na kostol<\/li>\n<li>o upratovanie kostola pros\u00edm rodiny Ku\u010derov\u00fa, J\u00e1no\u0161\u00edkov\u00fa a Adam\u010diakovu J.. P\u00e1n Boh zapla\u0165 za slu\u017ebu. Ve\u013ek\u00e1 v\u010faka aj \u017een\u00e1m zo Zuberca za pomoc pri upratovan\u00ed. Upratovanie bude v sobotu o 17:00.<\/li>\n<\/ul>\n","protected":false},"excerpt":{"rendered":"<p>De\u0148 \u010cas Liturgick\u00fd kalend\u00e1r \u00damysel O\u010dak\u00e1vame Nede\u013ea 21.5. 7:00 8:15 9:45 7. ve\u013ekono\u010dn\u00e1 nede\u013ea za veriacich Bodice: na \u00famysel za sp\u00e1su du\u0161e \u017eiv\u00fdch a zomrel\u00fdch pr\u00edbuzn\u00fdch a priate\u013eov Zbierka na katol\u00edcke masm\u00e9dia 57. Svetov\u00fd de\u0148 spolo\u010densk\u00fdch komunika\u010dn\u00fdch prostriedkov Pondelok 22.5. 7:00 Pondelok po 7. ve\u013ekono\u010dnej nedeli + Jozef, M\u00e1ria, Jozef, Al\u017ebeta Sv. om\u0161a v kostole [&hellip;]<\/p>\n","protected":false},"author":1,"featured_media":0,"comment_status":"closed","ping_status":"closed","sticky":false,"template":"","format":"standard","meta":{"_links_to":"","_links_to_target":""},"categories":[4,19],"tags":[],"_links":{"self":[{"href":"http:\/\/www.paludzka.fara.sk\/index.php?rest_route=\/wp\/v2\/posts\/2532"}],"collection":[{"href":"http:\/\/www.paludzka.fara.sk\/index.php?rest_route=\/wp\/v2\/posts"}],"about":[{"href":"http:\/\/www.paludzka.fara.sk\/index.php?rest_route=\/wp\/v2\/types\/post"}],"author":[{"embeddable":true,"href":"http:\/\/www.paludzka.fara.sk\/index.php?rest_route=\/wp\/v2\/users\/1"}],"replies":[{"embeddable":true,"href":"http:\/\/www.paludzka.fara.sk\/index.php?rest_route=%2Fwp%2Fv2%2Fcomments&post=2532"}],"version-history":[{"count":1,"href":"http:\/\/www.paludzka.fara.sk\/index.php?rest_route=\/wp\/v2\/posts\/2532\/revisions"}],"predecessor-version":[{"id":2534,"href":"http:\/\/www.paludzka.fara.sk\/index.php?rest_route=\/wp\/v2\/posts\/2532\/revisions\/2534"}],"wp:attachment":[{"href":"http:\/\/www.paludzka.fara.sk\/index.php?rest_route=%2Fwp%2Fv2%2Fmedia&parent=2532"}],"wp:term":[{"taxonomy":"category","embeddable":true,"href":"http:\/\/www.paludzka.fara.sk\/index.php?rest_route=%2Fwp%2Fv2%2Fcategories&post=2532"},{"taxonomy":"post_tag","embeddable":true,"href":"http:\/\/www.paludzka.fara.sk\/index.php?rest_route=%2Fwp%2Fv2%2Ftags&post=2532"}],"curies":[{"name":"wp","href":"https:\/\/api.w.org\/{rel}","templated":true}]}}