
{"id":2438,"date":"2023-05-14T00:00:26","date_gmt":"2023-05-13T22:00:26","guid":{"rendered":"http:\/\/www.paludzka.fara.sk\/?p=2438"},"modified":"2023-05-13T16:15:10","modified_gmt":"2023-05-13T14:15:10","slug":"farske-oznamy-14-5-21-5-2023","status":"publish","type":"post","link":"http:\/\/www.paludzka.fara.sk\/?p=2438","title":{"rendered":"Farsk\u00e9 oznamy 14.5.-21.5.2023"},"content":{"rendered":"<div class=\"table-responsive\">\n<table class=\"table table-bordered\" style=\"width: 100%; height: 776px;\">\n<thead>\n<tr style=\"height: 24px;\">\n<th style=\"text-align: center; height: 24px;\">De\u0148<\/th>\n<th style=\"text-align: center; height: 24px;\">\u010cas<\/th>\n<th style=\"text-align: center; height: 24px;\">Liturgick\u00fd kalend\u00e1r<\/th>\n<th style=\"text-align: center; height: 24px;\">\u00damysel<\/th>\n<th style=\"text-align: center; height: 24px;\">O\u010dak\u00e1vame<\/th>\n<\/tr>\n<\/thead>\n<tbody>\n<tr style=\"height: 136px;\">\n<td style=\"text-align: center; height: 136px;\"><strong>Nede\u013ea 14.5.<\/strong><\/td>\n<td style=\"text-align: center; height: 136px;\">7:00<\/p>\n<p><span style=\"color: #000000;\"><strong>8:15<\/strong><\/span><\/p>\n<p><span style=\"color: #000000;\">9:45<\/span><\/td>\n<td style=\"text-align: center; height: 136px;\"><span style=\"color: #808000;\"><strong>6. ve\u013ekono\u010dn\u00e1 nede\u013ea<\/strong><\/span><\/td>\n<td style=\"text-align: center; height: 136px;\">+ Milan a M\u00e1ria Dedinsk\u00fd<\/p>\n<p><strong>Bodice:<\/strong> na \u00famysel<\/p>\n<p>za veriacich<\/td>\n<td style=\"text-align: center; height: 136px;\">Sv. om\u0161e v kostole<\/td>\n<\/tr>\n<tr style=\"height: 48px;\">\n<td style=\"text-align: center; height: 48px;\">Pondelok 15.5.<\/td>\n<td style=\"text-align: center; height: 48px;\"><span style=\"color: #ff0000;\"><strong>7:00<\/strong><\/span><\/td>\n<td style=\"text-align: center; height: 48px;\"><span style=\"color: #808000;\">Prosebn\u00fd de\u0148 &#8211; v \u010dase sejby<\/span><\/td>\n<td style=\"text-align: center; height: 48px;\">+ man\u017eel Vladim\u00edr<\/td>\n<td style=\"text-align: center; height: 48px;\">Sv. om\u0161a v kostole<\/td>\n<\/tr>\n<tr style=\"height: 120px;\">\n<td style=\"text-align: center; height: 120px;\">Utorok 16.5.<\/td>\n<td style=\"text-align: center; height: 120px;\">18:00<\/td>\n<td style=\"text-align: center; height: 120px;\"><span style=\"color: #ff0000;\">Sv\u00e4t\u00e9ho J\u00e1na Nepomuck\u00e9ho, k\u0148aza a mu\u010den\u00edka<\/span><\/p>\n<p><span style=\"color: #ff0000;\">spomienka<\/span><\/td>\n<td style=\"text-align: center; height: 120px;\">+ syn Svetoz\u00e1r<\/td>\n<td style=\"text-align: center; height: 120px;\"><span style=\"color: #ff0000;\">Sl\u00e1vnostn\u00e1 sv. om\u0161a v kaplnke <\/span><span style=\"color: #ff0000;\">ku cti\u00a0<\/span><span style=\"color: #ff0000;\">patr\u00f3na sv. J\u00e1na Nepomuck\u00e9ho<\/span><\/td>\n<\/tr>\n<tr style=\"height: 24px;\">\n<td style=\"text-align: center; height: 24px;\">Streda 17.5.<\/td>\n<td style=\"text-align: center; height: 24px;\"><span style=\"color: #000000;\">7:00<\/span><\/td>\n<td style=\"text-align: center; height: 24px;\"><span style=\"color: #808000;\">Streda po 6. ve\u013ekono\u010dnej nedeli<\/span><\/td>\n<td style=\"text-align: center; height: 24px;\">za dary Ducha Sv\u00e4t\u00e9ho pre maturantov<\/td>\n<td style=\"text-align: center; height: 24px;\"><span style=\"color: #ff0000;\">Sv. om\u0161a v kaplnke<\/span><\/td>\n<\/tr>\n<tr style=\"height: 48px;\">\n<td style=\"text-align: center; height: 48px;\">\u0160tvrtok 18.5.<\/td>\n<td style=\"text-align: center; height: 48px;\"><strong>17:00<\/strong><\/p>\n<p><span style=\"color: #000000;\">18:00<\/span><\/td>\n<td style=\"text-align: center; height: 48px;\"><span style=\"color: #808000;\"><strong>Nanebovst\u00fapenie P\u00e1na<\/strong><\/span><\/p>\n<p><span style=\"color: #808000;\">sl\u00e1vnos\u0165<\/span><\/p>\n<p><span style=\"color: #ff0000;\">Prik\u00e1zan\u00fd sviatok<\/span><\/td>\n<td style=\"text-align: center; height: 48px;\"><strong>Bodice:<\/strong> na \u00famysel<\/p>\n<p>+ Miroslav, Franti\u0161ka, Ondrej<\/td>\n<td style=\"text-align: center; height: 48px;\">Sv. om\u0161a v kostole<\/td>\n<\/tr>\n<tr style=\"height: 120px;\">\n<td style=\"text-align: center; height: 120px;\">Piatok 19.5.<\/td>\n<td style=\"text-align: center; height: 120px;\"><span style=\"color: #000000;\">18:00<\/span><\/td>\n<td style=\"text-align: center; height: 120px;\"><span style=\"color: #808000;\">Piatok po 6. ve\u013ekono\u010dnej nedeli<\/span><\/td>\n<td style=\"text-align: center; height: 120px;\">za pokoj a zdravie v rodine M\u00e1rie, \u0160tefana a\u00a0M\u00e1rie Kl\u00e1ry<\/td>\n<td style=\"text-align: center; height: 120px;\">Sv. om\u0161a v kostole<\/p>\n<p>Nov\u00e9na k\u00a0Duchu Sv\u00e4t\u00e9mu<\/p>\n<p><span style=\"color: #ff0000;\"><strong><em>Sv. om\u0161a za \u00fa\u010dasti det\u00ed a po nej n\u00e1cvik na 1. sv. prij\u00edmanie<\/em><\/strong><\/span><\/td>\n<\/tr>\n<tr style=\"height: 120px;\">\n<td style=\"text-align: center; height: 120px;\">Sobota 20.5.<\/td>\n<td style=\"text-align: center; height: 120px;\"><span style=\"color: #000000;\">8:00<\/span><\/td>\n<td style=\"text-align: center; height: 120px;\"><span style=\"color: #0000ff;\"><span style=\"color: #808000;\">Sobota po 6. ve\u013ekono\u010dnej nedeli<\/span><\/span><\/td>\n<td style=\"text-align: center; height: 120px;\">+ Milan<\/td>\n<td style=\"text-align: center; height: 120px;\">Sv. om\u0161a v kostole<\/td>\n<\/tr>\n<tr style=\"height: 136px;\">\n<td style=\"text-align: center; height: 136px;\"><strong>Nede\u013ea 21.5.<\/strong><\/td>\n<td style=\"text-align: center; height: 136px;\">7:00<\/p>\n<p><span style=\"color: #000000;\"><strong>8:15<\/strong><\/span><\/p>\n<p><span style=\"color: #000000;\">9:45<\/span><\/td>\n<td style=\"text-align: center; height: 136px;\"><span style=\"color: #808000;\"><strong>7. ve\u013ekono\u010dn\u00e1 nede\u013ea<\/strong><\/span><\/td>\n<td style=\"text-align: center; height: 136px;\">za veriacich<\/p>\n<p><span style=\"font-family: inherit; font-size: inherit;\"><strong>Bodice:<\/strong> na \u00famysel<\/span><\/p>\n<p>za sp\u00e1su du\u0161e \u017eiv\u00fdch a zomrel\u00fdch pr\u00edbuzn\u00fdch a priate\u013eov<\/td>\n<td style=\"text-align: center; height: 136px;\">Sv. om\u0161e v kostole<\/p>\n<p><strong>Zbierka na katol\u00edcke masm\u00e9dia<\/strong><\/td>\n<\/tr>\n<\/tbody>\n<\/table>\n<\/div>\n<ul>\n<li>nasleduj\u00face tri dni (pondelok, utorok, streda) s\u00fa prosebn\u00fdmi d\u0148ami. Z\u00e1v\u00e4zn\u00fd je iba jeden de\u0148. Obsahom prosebn\u00fdch dn\u00ed s\u00fa prosby za \u00farodu.<\/li>\n<li>v piatok bude sv. om\u0161a za \u00fa\u010dasti det\u00ed a po nej n\u00e1cvik na 1. sv. prij\u00edmanie.<\/li>\n<li>na kostol v Bodiciach Bohuzn\u00e1mi obetovali 100 \u20ac. P\u00e1n Boh zapla\u0165.<\/li>\n<li>Bohuzm\u00e1mi na ma\u013eovanie kostola v Pal\u00fadzke obetovali 100, 150, 50, 100 a 50 \u20ac. P\u00e1n Boh zapla\u0165 za va\u0161u \u0161tedros\u0165.<\/li>\n<li>na bud\u00faci t\u00fd\u017ede\u0148 je zbierka na katol\u00edcke masm\u00e9dia. V\u0161etk\u00fdm darcom vopred P\u00e1n Boh zapla\u0165.<\/li>\n<li>o upratovanie kostola pros\u00edm rodiny Kostoln\u00fa, Dia\u010dikov\u00fa, Korman\u00edkov\u00fa a S\u00e1lusov\u00fa. P\u00e1n Boh zapla\u0165 za slu\u017ebu. Upratovanie bude v stredu o 17:00.<\/li>\n<\/ul>\n","protected":false},"excerpt":{"rendered":"<p>De\u0148 \u010cas Liturgick\u00fd kalend\u00e1r \u00damysel O\u010dak\u00e1vame Nede\u013ea 14.5. 7:00 8:15 9:45 6. ve\u013ekono\u010dn\u00e1 nede\u013ea + Milan a M\u00e1ria Dedinsk\u00fd Bodice: na \u00famysel za veriacich Sv. om\u0161e v kostole Pondelok 15.5. 7:00 Prosebn\u00fd de\u0148 &#8211; v \u010dase sejby + man\u017eel Vladim\u00edr Sv. om\u0161a v kostole Utorok 16.5. 18:00 Sv\u00e4t\u00e9ho J\u00e1na Nepomuck\u00e9ho, k\u0148aza a mu\u010den\u00edka spomienka + [&hellip;]<\/p>\n","protected":false},"author":1,"featured_media":0,"comment_status":"closed","ping_status":"closed","sticky":false,"template":"","format":"standard","meta":{"_links_to":"","_links_to_target":""},"categories":[4,19],"tags":[],"_links":{"self":[{"href":"http:\/\/www.paludzka.fara.sk\/index.php?rest_route=\/wp\/v2\/posts\/2438"}],"collection":[{"href":"http:\/\/www.paludzka.fara.sk\/index.php?rest_route=\/wp\/v2\/posts"}],"about":[{"href":"http:\/\/www.paludzka.fara.sk\/index.php?rest_route=\/wp\/v2\/types\/post"}],"author":[{"embeddable":true,"href":"http:\/\/www.paludzka.fara.sk\/index.php?rest_route=\/wp\/v2\/users\/1"}],"replies":[{"embeddable":true,"href":"http:\/\/www.paludzka.fara.sk\/index.php?rest_route=%2Fwp%2Fv2%2Fcomments&post=2438"}],"version-history":[{"count":1,"href":"http:\/\/www.paludzka.fara.sk\/index.php?rest_route=\/wp\/v2\/posts\/2438\/revisions"}],"predecessor-version":[{"id":2439,"href":"http:\/\/www.paludzka.fara.sk\/index.php?rest_route=\/wp\/v2\/posts\/2438\/revisions\/2439"}],"wp:attachment":[{"href":"http:\/\/www.paludzka.fara.sk\/index.php?rest_route=%2Fwp%2Fv2%2Fmedia&parent=2438"}],"wp:term":[{"taxonomy":"category","embeddable":true,"href":"http:\/\/www.paludzka.fara.sk\/index.php?rest_route=%2Fwp%2Fv2%2Fcategories&post=2438"},{"taxonomy":"post_tag","embeddable":true,"href":"http:\/\/www.paludzka.fara.sk\/index.php?rest_route=%2Fwp%2Fv2%2Ftags&post=2438"}],"curies":[{"name":"wp","href":"https:\/\/api.w.org\/{rel}","templated":true}]}}