
{"id":2427,"date":"2023-05-07T00:00:54","date_gmt":"2023-05-06T22:00:54","guid":{"rendered":"http:\/\/www.paludzka.fara.sk\/?p=2427"},"modified":"2023-05-06T20:25:11","modified_gmt":"2023-05-06T18:25:11","slug":"farske-oznamy-7-5-14-5-2023","status":"publish","type":"post","link":"http:\/\/www.paludzka.fara.sk\/?p=2427","title":{"rendered":"Farsk\u00e9 oznamy 7.5.-14.5.2023"},"content":{"rendered":"<div class=\"table-responsive\">\n<table class=\"table table-bordered\">\n<thead>\n<tr>\n<th style=\"text-align: center;\">De\u0148<\/th>\n<th style=\"text-align: center;\">\u010cas<\/th>\n<th style=\"text-align: center;\">Liturgick\u00fd kalend\u00e1r<\/th>\n<th style=\"text-align: center;\">\u00damysel<\/th>\n<th style=\"text-align: center;\">O\u010dak\u00e1vame<\/th>\n<\/tr>\n<\/thead>\n<tbody>\n<tr>\n<td style=\"text-align: center;\"><strong>Nede\u013ea 7.5.<\/strong><\/td>\n<td style=\"text-align: center;\">7:00<\/p>\n<p><span style=\"color: #000000;\"><strong>8:15<\/strong><\/span><\/p>\n<p><span style=\"color: #000000;\">9:45<\/span><\/td>\n<td style=\"text-align: center;\"><span style=\"color: #808000;\"><strong>5. ve\u013ekono\u010dn\u00e1 nede\u013ea<\/strong><\/span><\/td>\n<td style=\"text-align: center;\">za veriacich<\/p>\n<p><strong>Bodice:<\/strong> na \u00famysel<\/p>\n<p>za rodinu \u0160uvadov\u00fa<\/td>\n<td style=\"text-align: center;\">Sv. om\u0161e v kostole<\/td>\n<\/tr>\n<tr>\n<td style=\"text-align: center;\">Pondelok 8.5.<\/td>\n<td style=\"text-align: center;\"><span style=\"color: #ff0000;\"><strong>7:00<\/strong><\/span><\/td>\n<td style=\"text-align: center;\"><span style=\"color: #808000;\">Pondelok po 5. ve\u013ekono\u010dnej nedeli<\/span><\/td>\n<td style=\"text-align: center;\">za zdravie a Bo\u017eie po\u017eehnanie pre rodinu<\/td>\n<td style=\"text-align: center;\">Sv. om\u0161a v kostole<\/td>\n<\/tr>\n<tr>\n<td style=\"text-align: center;\">Utorok 9.5.<\/td>\n<td style=\"text-align: center;\">18:00<\/td>\n<td style=\"text-align: center;\"><span style=\"color: #808000;\">Utorok po 5. ve\u013ekono\u010dnej nedeli<\/span><\/td>\n<td style=\"text-align: center;\">+ Andrej<\/td>\n<td style=\"text-align: center;\"><span style=\"color: #ff0000;\">Sv. om\u0161a v kaplnke<\/span><\/td>\n<\/tr>\n<tr>\n<td style=\"text-align: center;\">Streda 10.5.<\/td>\n<td style=\"text-align: center;\"><span style=\"color: #000000;\">7:00<\/span><\/td>\n<td style=\"text-align: center;\"><span style=\"color: #808000;\">Streda po 5. ve\u013ekono\u010dnej nedeli<\/span><\/td>\n<td style=\"text-align: center;\">za maliarov<\/td>\n<td style=\"text-align: center;\"><span style=\"color: #ff0000;\">Sv. om\u0161a v kaplnke<\/span><\/td>\n<\/tr>\n<tr>\n<td style=\"text-align: center;\">\u0160tvrtok 11.5.<\/td>\n<td style=\"text-align: center;\"><span style=\"color: #000000;\">18:00<\/span><\/td>\n<td style=\"text-align: center;\"><span style=\"color: #808000;\">\u0160tvrtok po 5. ve\u013ekono\u010dnej nedeli<\/span><\/td>\n<td style=\"text-align: center;\">+ Jozef, Michal a Roz\u00e1lia<\/td>\n<td style=\"text-align: center;\"><span style=\"color: #ff0000;\">Sv. om\u0161a v kaplnke<\/span><\/td>\n<\/tr>\n<tr>\n<td style=\"text-align: center;\">Piatok 12.5.<\/td>\n<td style=\"text-align: center;\"><span style=\"color: #000000;\">18:00<\/span><\/td>\n<td style=\"text-align: center;\"><span style=\"color: #808000;\">Piatok po 5. ve\u013ekono\u010dnej nedeli<\/span><\/td>\n<td style=\"text-align: center;\">+ Elena, Flori\u00e1n, Vendel\u00edn<\/td>\n<td style=\"text-align: center;\"><span style=\"color: #ff0000;\">Sv. om\u0161a v kaplnke<\/span><\/p>\n<p><span style=\"color: #ff0000;\"><strong><em>Sv. om\u0161a za \u00fa\u010dasti det\u00ed a po nej n\u00e1cvik na 1. sv. prij\u00edmanie<\/em><\/strong><\/span><\/td>\n<\/tr>\n<tr>\n<td style=\"text-align: center;\">Sobota 13.5.<\/td>\n<td style=\"text-align: center;\"><span style=\"color: #000000;\">8:00<\/span><\/td>\n<td style=\"text-align: center;\"><span style=\"color: #0000ff;\">Blahoslavenej Panny M\u00e1rie Fatimskej<\/span><\/p>\n<p><span style=\"color: #0000ff;\">\u013eubovo\u013en\u00e1 spomienka<\/span><\/td>\n<td style=\"text-align: center;\">za obr\u00e1tenie rodiny<\/td>\n<td style=\"text-align: center;\"><span style=\"color: #ff0000;\">Sv. om\u0161a v kaplnke<\/span><\/td>\n<\/tr>\n<tr>\n<td style=\"text-align: center;\"><strong>Nede\u013ea 14.5.<\/strong><\/td>\n<td style=\"text-align: center;\">7:00<\/p>\n<p><span style=\"color: #000000;\"><strong>8:15<\/strong><\/span><\/p>\n<p><span style=\"color: #000000;\">9:45<\/span><\/td>\n<td style=\"text-align: center;\"><span style=\"color: #808000;\"><strong>6. ve\u013ekono\u010dn\u00e1 nede\u013ea<\/strong><\/span><\/td>\n<td style=\"text-align: center;\">+ Milan a M\u00e1ria Dedinsk\u00fd<\/p>\n<p><span style=\"font-family: inherit; font-size: inherit;\"><strong>Bodice:<\/strong> na \u00famysel<\/span><\/p>\n<p>za veriacich<\/td>\n<td style=\"text-align: center;\">Sv. om\u0161e v kostole<\/td>\n<\/tr>\n<\/tbody>\n<\/table>\n<\/div>\n<ul>\n<li>v piatok sv. om\u0161a za \u00fa\u010dasti det\u00ed a po nej n\u00e1cvik na 1. sv. prij\u00edmanie.<\/li>\n<li>na kostol v Bodiciach Bohuzn\u00e1my obetoval 20 \u20ac. P\u00e1n Boh zapla\u0165.<\/li>\n<li>Bohuzm\u00e1mi na ma\u013eovanie kostola v Pal\u00fadzke obetovali 100, 30, 100, 50, 100, 100 \u20ac. P\u00e1n Boh zapla\u0165.<\/li>\n<li>v zbierke na semin\u00e1r sme prispeli 160 \u20ac. V\u0161etk\u00fdm darcom P\u00e1n Boh zapla\u0165.\n<ul>\n<li>pokra\u010dujeme v pr\u00e1cach na obnove interi\u00e9ru farsk\u00e9ho kostola v Pal\u00fadzke (re\u0161taurovanie malieb, re\u0161taurovanie obrazov \u2013 sv. J\u00e1na apo\u0161tola, sv. Imricha, sv. Kr\u00ed\u017ea a sv. rodiny). Tento t\u00fd\u017ede\u0148 by sa mala urobi\u0165 aj sana\u010dn\u00e1 omietka okolo kostola. Kto by chcel a mohol prispie\u0165 m\u00f4\u017ee tak urobi\u0165 na \u010d\u00edslo \u00fa\u010dtu SK92 0900 0000 0003 3369 2703. Za ak\u00fako\u013evek pomoc nech v\u00e1s P\u00e1n Boh odmen\u00ed a po\u017eehn\u00e1.<\/li>\n<\/ul>\n<\/li>\n<li>o upratovanie kostola pros\u00edm rodiny Kolen\u010d\u00edkov\u00fa, Kov\u00e1\u010dov\u00fa, Slafkovsk\u00fa a Ko\u0161\u00fatov\u00fa. P\u00e1n Boh zapla\u0165 za slu\u017ebu. Upratovanie bude v sobotu o 17:00.<\/li>\n<\/ul>\n","protected":false},"excerpt":{"rendered":"<p>De\u0148 \u010cas Liturgick\u00fd kalend\u00e1r \u00damysel O\u010dak\u00e1vame Nede\u013ea 7.5. 7:00 8:15 9:45 5. ve\u013ekono\u010dn\u00e1 nede\u013ea za veriacich Bodice: na \u00famysel za rodinu \u0160uvadov\u00fa Sv. om\u0161e v kostole Pondelok 8.5. 7:00 Pondelok po 5. ve\u013ekono\u010dnej nedeli za zdravie a Bo\u017eie po\u017eehnanie pre rodinu Sv. om\u0161a v kostole Utorok 9.5. 18:00 Utorok po 5. ve\u013ekono\u010dnej nedeli + Andrej [&hellip;]<\/p>\n","protected":false},"author":1,"featured_media":0,"comment_status":"closed","ping_status":"closed","sticky":false,"template":"","format":"standard","meta":{"_links_to":"","_links_to_target":""},"categories":[4,19],"tags":[],"_links":{"self":[{"href":"http:\/\/www.paludzka.fara.sk\/index.php?rest_route=\/wp\/v2\/posts\/2427"}],"collection":[{"href":"http:\/\/www.paludzka.fara.sk\/index.php?rest_route=\/wp\/v2\/posts"}],"about":[{"href":"http:\/\/www.paludzka.fara.sk\/index.php?rest_route=\/wp\/v2\/types\/post"}],"author":[{"embeddable":true,"href":"http:\/\/www.paludzka.fara.sk\/index.php?rest_route=\/wp\/v2\/users\/1"}],"replies":[{"embeddable":true,"href":"http:\/\/www.paludzka.fara.sk\/index.php?rest_route=%2Fwp%2Fv2%2Fcomments&post=2427"}],"version-history":[{"count":3,"href":"http:\/\/www.paludzka.fara.sk\/index.php?rest_route=\/wp\/v2\/posts\/2427\/revisions"}],"predecessor-version":[{"id":2430,"href":"http:\/\/www.paludzka.fara.sk\/index.php?rest_route=\/wp\/v2\/posts\/2427\/revisions\/2430"}],"wp:attachment":[{"href":"http:\/\/www.paludzka.fara.sk\/index.php?rest_route=%2Fwp%2Fv2%2Fmedia&parent=2427"}],"wp:term":[{"taxonomy":"category","embeddable":true,"href":"http:\/\/www.paludzka.fara.sk\/index.php?rest_route=%2Fwp%2Fv2%2Fcategories&post=2427"},{"taxonomy":"post_tag","embeddable":true,"href":"http:\/\/www.paludzka.fara.sk\/index.php?rest_route=%2Fwp%2Fv2%2Ftags&post=2427"}],"curies":[{"name":"wp","href":"https:\/\/api.w.org\/{rel}","templated":true}]}}