
{"id":2389,"date":"2023-04-30T00:00:49","date_gmt":"2023-04-29T22:00:49","guid":{"rendered":"http:\/\/www.paludzka.fara.sk\/?p=2389"},"modified":"2023-04-29T22:29:21","modified_gmt":"2023-04-29T20:29:21","slug":"farske-oznamy-30-4-7-5-2023","status":"publish","type":"post","link":"http:\/\/www.paludzka.fara.sk\/?p=2389","title":{"rendered":"Farsk\u00e9 oznamy 30.4.-7.5.2023"},"content":{"rendered":"<div class=\"table-responsive\">\n<table class=\"table table-bordered\">\n<thead>\n<tr>\n<th style=\"text-align: center;\">De\u0148<\/th>\n<th style=\"text-align: center;\">\u010cas<\/th>\n<th style=\"text-align: center;\">Liturgick\u00fd kalend\u00e1r<\/th>\n<th style=\"text-align: center;\">\u00damysel<\/th>\n<th style=\"text-align: center;\">O\u010dak\u00e1vame<\/th>\n<\/tr>\n<\/thead>\n<tbody>\n<tr>\n<td style=\"text-align: center;\"><strong>Nede\u013ea 30.4.<\/strong><\/td>\n<td style=\"text-align: center;\">7:00<\/p>\n<p><span style=\"color: #000000;\"><strong>8:15<\/strong><\/span><\/p>\n<p><span style=\"color: #000000;\">9:45<\/span><\/td>\n<td style=\"text-align: center;\"><span style=\"color: #808000;\"><strong>4. ve\u013ekono\u010dn\u00e1 nede\u013ea<\/strong><\/span><\/td>\n<td style=\"text-align: center;\">na \u00famysel ordin\u00e1ra<\/p>\n<p><strong>Bodice:<\/strong> na \u00famysel<\/p>\n<p>za veriacich<\/td>\n<td style=\"text-align: center;\">zbierka na semin\u00e1r<\/td>\n<\/tr>\n<tr>\n<td style=\"text-align: center;\">Pondelok 1.5.<\/td>\n<td style=\"text-align: center;\"><span style=\"color: #ff0000;\"><strong>7:00<\/strong><\/span><\/td>\n<td style=\"text-align: center;\"><span style=\"color: #808000;\">Sv\u00e4t\u00e9ho Jozefa robotn\u00edka<\/span><\/p>\n<p><span style=\"color: #808000;\">\u013eubovo\u013en\u00e1 spomienka<\/span><\/td>\n<td style=\"text-align: center;\">za Bo\u017eie po\u017eehnanie pre rodinu<\/td>\n<td style=\"text-align: center;\">vysluhovanie sv. zmierenia od 6:30<\/td>\n<\/tr>\n<tr>\n<td style=\"text-align: center;\">Utorok 2.5.<\/td>\n<td style=\"text-align: center;\">18:00<\/td>\n<td style=\"text-align: center;\"><span style=\"color: #808000;\">Sv\u00e4t\u00e9ho Atan\u00e1za, biskupa a u\u010dite\u013ea Cirkvi<\/span><\/p>\n<p><span style=\"color: #808000;\">spomienka<\/span><\/td>\n<td style=\"text-align: center;\">za zdravie a Bo\u017eie po\u017eehnanie pre rodinu<\/td>\n<td style=\"text-align: center;\">vysluhovanie sviatosti zmierenia od 17:15<\/td>\n<\/tr>\n<tr>\n<td style=\"text-align: center;\">Streda 3.5.<\/td>\n<td style=\"text-align: center;\"><span style=\"color: #000000;\">7:00<\/span><\/td>\n<td style=\"text-align: center;\"><span style=\"color: #ff0000;\">Sv\u00e4t\u00fdch Filipa a Jakuba, apo\u0161tolov<\/span><\/p>\n<p><span style=\"color: #ff0000;\">sviatok<\/span><\/td>\n<td style=\"text-align: center;\">+ Celest\u00edn, Silvia a rodi\u010dia<\/td>\n<td style=\"text-align: center;\">vysluhovanie sv. zmierenia od 6:30<\/td>\n<\/tr>\n<tr>\n<td style=\"text-align: center;\">\u0160tvrtok 4.5.<\/td>\n<td style=\"text-align: center;\"><span style=\"color: #000000;\">18:00<\/span><\/td>\n<td style=\"text-align: center;\"><span style=\"color: #808000;\">\u0160tvrtok po 4. ve\u013ekono\u010dnej nedeli<\/span><\/td>\n<td style=\"text-align: center;\">+ z rodiny Samka a Tatiany<\/td>\n<td style=\"text-align: center;\">vysluhovanie sviatosti zmierenia od 17:00<\/p>\n<p>ador\u00e1cia od 17:00<\/p>\n<p>De\u0148 modlitieb za duchovn\u00e9 povolania<\/td>\n<\/tr>\n<tr>\n<td style=\"text-align: center;\">Piatok 5.5.<\/td>\n<td style=\"text-align: center;\"><strong>17:00<\/strong><\/p>\n<p><span style=\"color: #000000;\">18:00<\/span><\/td>\n<td style=\"text-align: center;\"><span style=\"color: #808000;\">O Najsv\u00e4tej\u0161om Srdci Je\u017ei\u0161ovom<\/span><\/p>\n<p><span style=\"color: #ff0000;\">Prv\u00fd piatok<\/span><\/td>\n<td style=\"text-align: center;\"><strong>Bodice:<\/strong> na \u00famysel<\/p>\n<p>+ \u0160tefan Masl\u00e1k a + z rodiny Kubicovej<\/td>\n<td style=\"text-align: center;\">N\u00e1v\u0161teva chor\u00fdch od 8:00<\/p>\n<p><strong>Bodice: sviatos\u0165 zmierenia od 16:15<\/strong><\/p>\n<p><span style=\"color: #ff0000;\"><strong><em>Sv. om\u0161a za \u00fa\u010dasti det\u00ed a po nej n\u00e1cvik na 1. sv. prij\u00edmanie<\/em><\/strong><\/span><\/td>\n<\/tr>\n<tr>\n<td style=\"text-align: center;\">Sobota 6.5.<\/td>\n<td style=\"text-align: center;\"><span style=\"color: #000000;\">8:00<\/span><\/td>\n<td style=\"text-align: center;\"><span style=\"color: #0000ff;\">O Nepo\u0161kvrnenom po\u010dat\u00ed Panny M\u00e1rie<\/span><\/p>\n<p><span style=\"color: #0000ff;\">Prv\u00e1 sobota<\/span><\/td>\n<td style=\"text-align: center;\">+ Ernest, M\u00e1ria a ich rodi\u010dia<\/td>\n<td style=\"text-align: center;\">Fatimsk\u00e1 pobo\u017enos\u0165 o 7:30<\/td>\n<\/tr>\n<tr>\n<td style=\"text-align: center;\"><strong>Nede\u013ea 7.5.<\/strong><\/td>\n<td style=\"text-align: center;\">7:00<\/p>\n<p><span style=\"color: #000000;\"><strong>8:15<\/strong><\/span><\/p>\n<p><span style=\"color: #000000;\">9:45<\/span><\/td>\n<td style=\"text-align: center;\"><span style=\"color: #808000;\"><strong>5. ve\u013ekono\u010dn\u00e1 nede\u013ea<\/strong><\/span><\/td>\n<td style=\"text-align: center;\">za veriacich<\/p>\n<p><span style=\"font-family: inherit; font-size: inherit;\"><strong>Bodice:<\/strong> na \u00famysel<\/span><\/p>\n<p>za rodinu \u0160uvadov\u00fa<\/td>\n<td style=\"text-align: center;\"><\/td>\n<\/tr>\n<\/tbody>\n<\/table>\n<\/div>\n<ul>\n<li>sv. om\u0161e po\u010das cel\u00e9ho t\u00fd\u017ed\u0148a bud\u00fa sl\u00fa\u017een\u00e9 vo farskom kostole.<\/li>\n<li>\u00famysly sv. om\u0161\u00ed na mesiac m\u00e1j budem zapisova\u0165 v utorok po sv. om\u0161i.<\/li>\n<li>v piatok sv. om\u0161a za \u00fa\u010dasti det\u00ed a po nej n\u00e1cvik na 1. sv. prij\u00edmanie.<\/li>\n<li>Bohuzm\u00e1mi na ma\u013eovanie kostola v Pal\u00fadzke obetovali 50, 100 a 100 \u20ac. P\u00e1n Boh zapla\u0165.<\/li>\n<li>dnes pri sv. om\u0161iach je zbierka na semin\u00e1r. V\u0161etk\u00fdm darcom P\u00e1n Boh zapla\u0165.<\/li>\n<li>o upratovanie kostola pros\u00edm rodiny Koh\u00fatov\u00fa, Vdovcov\u00fa, Bebkov\u00fa a Rybovi\u010dov\u00fa. P\u00e1n Boh zapla\u0165 za slu\u017ebu. Upratovanie bude v sobotu o 17:00.<\/li>\n<\/ul>\n","protected":false},"excerpt":{"rendered":"<p>De\u0148 \u010cas Liturgick\u00fd kalend\u00e1r \u00damysel O\u010dak\u00e1vame Nede\u013ea 30.4. 7:00 8:15 9:45 4. ve\u013ekono\u010dn\u00e1 nede\u013ea na \u00famysel ordin\u00e1ra Bodice: na \u00famysel za veriacich zbierka na semin\u00e1r Pondelok 1.5. 7:00 Sv\u00e4t\u00e9ho Jozefa robotn\u00edka \u013eubovo\u013en\u00e1 spomienka za Bo\u017eie po\u017eehnanie pre rodinu vysluhovanie sv. zmierenia od 6:30 Utorok 2.5. 18:00 Sv\u00e4t\u00e9ho Atan\u00e1za, biskupa a u\u010dite\u013ea Cirkvi spomienka za zdravie [&hellip;]<\/p>\n","protected":false},"author":1,"featured_media":0,"comment_status":"closed","ping_status":"closed","sticky":false,"template":"","format":"standard","meta":{"_links_to":"","_links_to_target":""},"categories":[4,19],"tags":[],"_links":{"self":[{"href":"http:\/\/www.paludzka.fara.sk\/index.php?rest_route=\/wp\/v2\/posts\/2389"}],"collection":[{"href":"http:\/\/www.paludzka.fara.sk\/index.php?rest_route=\/wp\/v2\/posts"}],"about":[{"href":"http:\/\/www.paludzka.fara.sk\/index.php?rest_route=\/wp\/v2\/types\/post"}],"author":[{"embeddable":true,"href":"http:\/\/www.paludzka.fara.sk\/index.php?rest_route=\/wp\/v2\/users\/1"}],"replies":[{"embeddable":true,"href":"http:\/\/www.paludzka.fara.sk\/index.php?rest_route=%2Fwp%2Fv2%2Fcomments&post=2389"}],"version-history":[{"count":3,"href":"http:\/\/www.paludzka.fara.sk\/index.php?rest_route=\/wp\/v2\/posts\/2389\/revisions"}],"predecessor-version":[{"id":2392,"href":"http:\/\/www.paludzka.fara.sk\/index.php?rest_route=\/wp\/v2\/posts\/2389\/revisions\/2392"}],"wp:attachment":[{"href":"http:\/\/www.paludzka.fara.sk\/index.php?rest_route=%2Fwp%2Fv2%2Fmedia&parent=2389"}],"wp:term":[{"taxonomy":"category","embeddable":true,"href":"http:\/\/www.paludzka.fara.sk\/index.php?rest_route=%2Fwp%2Fv2%2Fcategories&post=2389"},{"taxonomy":"post_tag","embeddable":true,"href":"http:\/\/www.paludzka.fara.sk\/index.php?rest_route=%2Fwp%2Fv2%2Ftags&post=2389"}],"curies":[{"name":"wp","href":"https:\/\/api.w.org\/{rel}","templated":true}]}}