
{"id":2344,"date":"2023-04-23T00:00:01","date_gmt":"2023-04-22T22:00:01","guid":{"rendered":"http:\/\/www.paludzka.fara.sk\/?p=2344"},"modified":"2023-04-22T21:09:38","modified_gmt":"2023-04-22T19:09:38","slug":"farske-oznamy-23-4-30-4-2023","status":"publish","type":"post","link":"http:\/\/www.paludzka.fara.sk\/?p=2344","title":{"rendered":"Farsk\u00e9 oznamy 23.4.-30.4.2023"},"content":{"rendered":"<div class=\"table-responsive\">\n<table class=\"table table-bordered\">\n<thead>\n<tr>\n<th style=\"text-align: center;\">De\u0148<\/th>\n<th style=\"text-align: center;\">\u010cas<\/th>\n<th style=\"text-align: center;\">Liturgick\u00fd kalend\u00e1r<\/th>\n<th style=\"text-align: center;\">\u00damysel<\/th>\n<th style=\"text-align: center;\">O\u010dak\u00e1vame<\/th>\n<\/tr>\n<\/thead>\n<tbody>\n<tr>\n<td style=\"text-align: center;\"><strong>Nede\u013ea 23.4.<\/strong><\/td>\n<td style=\"text-align: center;\">7:00<\/p>\n<p><span style=\"color: #000000;\"><strong>8:15<\/strong><\/span><\/p>\n<p><span style=\"color: #000000;\">9:45<\/span><\/td>\n<td style=\"text-align: center;\"><span style=\"color: #808000;\"><strong>3. ve\u013ekono\u010dn\u00e1 nede\u013ea<\/strong><\/span><\/td>\n<td style=\"text-align: center;\">na \u00famysel ordin\u00e1ra<\/p>\n<p><strong>Bodice:<\/strong> na \u00famysel<\/p>\n<p>za veriacich<\/td>\n<td style=\"text-align: center;\">&nbsp;<\/td>\n<\/tr>\n<tr>\n<td style=\"text-align: center;\">Pondelok 24.4.<\/td>\n<td style=\"text-align: center;\"><span style=\"color: #ff0000;\"><strong>7:00<\/strong><\/span><\/td>\n<td style=\"text-align: center;\"><span style=\"color: #808000;\">Pondelok po 3. ve\u013ekono\u010dnej nedeli<\/span><\/td>\n<td style=\"text-align: center;\">za deti<\/td>\n<td style=\"text-align: center;\">Sv. om\u0161a v kostole<\/td>\n<\/tr>\n<tr>\n<td style=\"text-align: center;\">Utorok 25.4.<\/td>\n<td style=\"text-align: center;\">18:00<\/td>\n<td style=\"text-align: center;\"><span style=\"color: #ff0000;\">Sv\u00e4t\u00e9ho Marka, evanjelistu<\/span><\/p>\n<p><span style=\"color: #ff0000;\">sviatok<\/span><\/td>\n<td style=\"text-align: center;\">+ Helena, Ladislav, M\u00e1ria a Pavol<\/td>\n<td style=\"text-align: center;\"><span style=\"color: #ff0000;\">Sv. om\u0161a v kaplnke<\/span><\/td>\n<\/tr>\n<tr>\n<td style=\"text-align: center;\">Streda 26.4.<\/td>\n<td style=\"text-align: center;\"><span style=\"color: #000000;\">7:00<\/span><\/td>\n<td style=\"text-align: center;\"><span style=\"color: #808000;\">Streda po 3. ve\u013ekono\u010dnej nedeli<\/span><\/td>\n<td style=\"text-align: center;\">za Bohuzn\u00e1meho Ladislava<\/td>\n<td style=\"text-align: center;\"><span style=\"color: #ff0000;\">Sv. om\u0161a v kaplnke<\/span><\/td>\n<\/tr>\n<tr>\n<td style=\"text-align: center;\">\u0160tvrtok 27.4.<\/td>\n<td style=\"text-align: center;\"><span style=\"color: #000000;\">18:00<\/span><\/td>\n<td style=\"text-align: center;\"><span style=\"color: #808000;\">\u0160tvrtok po 3. ve\u013ekono\u010dnej nedeli<\/span><\/td>\n<td style=\"text-align: center;\">+ Jaroslav, Jozef a rodi\u010dia<\/td>\n<td style=\"text-align: center;\"><span style=\"color: #ff0000;\">Sv. om\u0161a v kaplnke<\/span><\/p>\n<p>Ador\u00e1cia od 17:30<\/td>\n<\/tr>\n<tr>\n<td style=\"text-align: center;\">Piatok 28.4.<\/td>\n<td style=\"text-align: center;\"><span style=\"color: #000000;\">18:00<\/span><\/td>\n<td style=\"text-align: center;\"><span style=\"color: #808000;\">Piatok po 3. ve\u013ekono\u010dnej nedeli<\/span><\/td>\n<td style=\"text-align: center;\">+ Viera Bohur\u00e1dov\u00e1<\/td>\n<td style=\"text-align: center;\"><span style=\"color: #ff0000;\">Sv. om\u0161a v kaplnke<\/span><\/p>\n<p><strong><em>Sv. om\u0161a za \u00fa\u010dasti det\u00ed a po nej n\u00e1cvik na 1. sv. prij\u00edmanie<\/em><\/strong><\/td>\n<\/tr>\n<tr>\n<td style=\"text-align: center;\">Sobota 29.4.<\/td>\n<td style=\"text-align: center;\"><span style=\"color: #000000;\">8:00<\/span><\/td>\n<td style=\"text-align: center;\"><span style=\"color: #808000;\">Sv\u00e4tej Katar\u00edny Sienskej, panny a u\u010dite\u013eky Cirkvi, patr\u00f3nky Eur\u00f3py<\/span><\/p>\n<p><span style=\"color: #808000;\">sviatok<\/span><\/td>\n<td style=\"text-align: center;\">za dary Ducha Sv\u00e4t\u00e9ho a Bo\u017eiu pomoc a\u00a0ochranu pre deti<\/td>\n<td style=\"text-align: center;\"><span style=\"color: #ff0000;\">Sv. om\u0161a v kaplnke<\/span><\/td>\n<\/tr>\n<tr>\n<td style=\"text-align: center;\"><strong>Nede\u013ea 30.4.<\/strong><\/td>\n<td style=\"text-align: center;\">7:00<\/p>\n<p><span style=\"color: #000000;\"><strong>8:15<\/strong><\/span><\/p>\n<p><span style=\"color: #000000;\">9:45<\/span><\/td>\n<td style=\"text-align: center;\"><span style=\"color: #808000;\"><strong>4. ve\u013ekono\u010dn\u00e1 nede\u013ea<\/strong><\/span><\/td>\n<td style=\"text-align: center;\">na \u00famysel ordin\u00e1ra<\/p>\n<p><span style=\"font-family: inherit; font-size: inherit;\"><strong>Bodice:<\/strong> na \u00famysel<\/span><\/p>\n<p>za veriacich<\/td>\n<td style=\"text-align: center;\">Sv. om\u0161a v kostole<\/p>\n<p>Zbierka na semin\u00e1r<\/td>\n<\/tr>\n<\/tbody>\n<\/table>\n<\/div>\n<ul>\n<li>T\u00fd\u017ede\u0148 modlitieb za duchovn\u00e9 povolania<\/li>\n<li>v piatok sv. om\u0161a za \u00fa\u010dasti det\u00ed a po nej n\u00e1cvik na 1. sv. prij\u00edmanie<\/li>\n<li>v zbierke na opravu kostolov sa vyzbieralo: Bodice 180 \u20ac, Pal\u00fadzka 1062 \u20ac z toho 100 \u20ac darovalo ru\u017eencov\u00e9 spolo\u010denstvo<\/li>\n<li>Bohuzm\u00e1mi na ma\u013eovanie kostola v Pal\u00fadzke obetovali 100, 50,50, 100 \u20ac. V\u0161etk\u00fdm darcom P\u00e1n Boh zapla\u0165.<\/li>\n<li>o upratovanie kostola pros\u00edm rodiny Hunanov\u00fa, Adam\u010diakov\u00fa M., Slukov\u00fa a Jurisov\u00fa. P\u00e1n Boh zapla\u0165 za slu\u017ebu.<\/li>\n<\/ul>\n","protected":false},"excerpt":{"rendered":"<p>De\u0148 \u010cas Liturgick\u00fd kalend\u00e1r \u00damysel O\u010dak\u00e1vame Nede\u013ea 23.4. 7:00 8:15 9:45 3. ve\u013ekono\u010dn\u00e1 nede\u013ea na \u00famysel ordin\u00e1ra Bodice: na \u00famysel za veriacich &nbsp; Pondelok 24.4. 7:00 Pondelok po 3. ve\u013ekono\u010dnej nedeli za deti Sv. om\u0161a v kostole Utorok 25.4. 18:00 Sv\u00e4t\u00e9ho Marka, evanjelistu sviatok + Helena, Ladislav, M\u00e1ria a Pavol Sv. om\u0161a v kaplnke Streda [&hellip;]<\/p>\n","protected":false},"author":1,"featured_media":0,"comment_status":"closed","ping_status":"closed","sticky":false,"template":"","format":"standard","meta":{"_links_to":"","_links_to_target":""},"categories":[4,19],"tags":[],"_links":{"self":[{"href":"http:\/\/www.paludzka.fara.sk\/index.php?rest_route=\/wp\/v2\/posts\/2344"}],"collection":[{"href":"http:\/\/www.paludzka.fara.sk\/index.php?rest_route=\/wp\/v2\/posts"}],"about":[{"href":"http:\/\/www.paludzka.fara.sk\/index.php?rest_route=\/wp\/v2\/types\/post"}],"author":[{"embeddable":true,"href":"http:\/\/www.paludzka.fara.sk\/index.php?rest_route=\/wp\/v2\/users\/1"}],"replies":[{"embeddable":true,"href":"http:\/\/www.paludzka.fara.sk\/index.php?rest_route=%2Fwp%2Fv2%2Fcomments&post=2344"}],"version-history":[{"count":1,"href":"http:\/\/www.paludzka.fara.sk\/index.php?rest_route=\/wp\/v2\/posts\/2344\/revisions"}],"predecessor-version":[{"id":2345,"href":"http:\/\/www.paludzka.fara.sk\/index.php?rest_route=\/wp\/v2\/posts\/2344\/revisions\/2345"}],"wp:attachment":[{"href":"http:\/\/www.paludzka.fara.sk\/index.php?rest_route=%2Fwp%2Fv2%2Fmedia&parent=2344"}],"wp:term":[{"taxonomy":"category","embeddable":true,"href":"http:\/\/www.paludzka.fara.sk\/index.php?rest_route=%2Fwp%2Fv2%2Fcategories&post=2344"},{"taxonomy":"post_tag","embeddable":true,"href":"http:\/\/www.paludzka.fara.sk\/index.php?rest_route=%2Fwp%2Fv2%2Ftags&post=2344"}],"curies":[{"name":"wp","href":"https:\/\/api.w.org\/{rel}","templated":true}]}}