
{"id":2313,"date":"2023-04-16T00:00:35","date_gmt":"2023-04-15T22:00:35","guid":{"rendered":"http:\/\/www.paludzka.fara.sk\/?p=2313"},"modified":"2023-04-15T13:30:50","modified_gmt":"2023-04-15T11:30:50","slug":"farske-oznamy-16-4-23-4-2023","status":"publish","type":"post","link":"http:\/\/www.paludzka.fara.sk\/?p=2313","title":{"rendered":"Farsk\u00e9 oznamy 16.4.-23.4.2023"},"content":{"rendered":"<div class=\"table-responsive\">\n<table class=\"table table-bordered\">\n<thead>\n<tr>\n<th style=\"text-align: center;\">De\u0148<\/th>\n<th style=\"text-align: center;\">\u010cas<\/th>\n<th style=\"text-align: center;\">Liturgick\u00fd kalend\u00e1r<\/th>\n<th style=\"text-align: center;\">\u00damysel<\/th>\n<th style=\"text-align: center;\">O\u010dak\u00e1vame<\/th>\n<\/tr>\n<\/thead>\n<tbody>\n<tr>\n<td style=\"text-align: center;\"><strong>Nede\u013ea 16.4.<\/strong><\/td>\n<td style=\"text-align: center;\">7:00<\/p>\n<p><span style=\"color: #000000;\"><strong>8:15<\/strong><\/span><\/p>\n<p><span style=\"color: #000000;\">9:45<\/span><\/td>\n<td style=\"text-align: center;\"><span style=\"color: #808000;\"><strong>2. ve\u013ekono\u010dn\u00e1 nede\u013ea<\/strong><\/span><\/p>\n<p><span style=\"color: #808000;\"><strong>Nede\u013ea Bo\u017eieho milosrdenstva<\/strong><\/span><\/td>\n<td style=\"text-align: center;\">za zdravie a Bo\u017eie po\u017eehnanie pre rodinu Kolej\u00e1kov\u00fa<\/p>\n<p><strong>Bodice:<\/strong> na \u00famysel<\/p>\n<p>za veriacich<\/td>\n<td style=\"text-align: center;\"><strong>Zbierka na kostol<\/strong><\/p>\n<p>Pobo\u017enos\u0165 k Bo\u017eiemu milosrdenstvu o\u00a015:00<\/td>\n<\/tr>\n<tr>\n<td style=\"text-align: center;\">Pondelok 17.4.<\/td>\n<td style=\"text-align: center;\"><span style=\"color: #ff0000;\"><strong>7:00<\/strong><\/span><\/td>\n<td style=\"text-align: center;\"><span style=\"color: #808000;\">Pondelok po 2. ve\u013ekono\u010dnej nedeli<\/span><\/td>\n<td style=\"text-align: center;\">+ Du\u0161an, Anton, Anna<\/td>\n<td style=\"text-align: center;\">Sv. om\u0161a v kostole<\/td>\n<\/tr>\n<tr>\n<td style=\"text-align: center;\">Utorok 18.4.<\/td>\n<td style=\"text-align: center;\">18:00<\/td>\n<td style=\"text-align: center;\"><span style=\"color: #808000;\">Utorok po 2. ve\u013ekono\u010dnej nedeli<\/span><\/td>\n<td style=\"text-align: center;\">+ J\u00e1n, Eva, J\u00e1n, Bo\u017eena<\/td>\n<td style=\"text-align: center;\"><span style=\"color: #ff0000;\">Sv. om\u0161a v kaplnke<\/span><\/td>\n<\/tr>\n<tr>\n<td style=\"text-align: center;\">Streda 19.4.<\/td>\n<td style=\"text-align: center;\"><span style=\"color: #000000;\">7:00<\/span><\/td>\n<td style=\"text-align: center;\"><span style=\"color: #808000;\">Streda po 2. ve\u013ekono\u010dnej nedeli<\/span><\/td>\n<td style=\"text-align: center;\">+ Tom\u00e1\u0161 a Margita<\/td>\n<td style=\"text-align: center;\"><span style=\"color: #ff0000;\">Sv. om\u0161a v kaplnke<\/span><\/td>\n<\/tr>\n<tr>\n<td style=\"text-align: center;\">\u0160tvrtok 20.4.<\/td>\n<td style=\"text-align: center;\"><span style=\"color: #000000;\">18:00<\/span><\/td>\n<td style=\"text-align: center;\"><span style=\"color: #808000;\">\u0160tvrtok po 2. ve\u013ekono\u010dnej nedeli<\/span><\/td>\n<td style=\"text-align: center;\">za zdravie a Bo\u017eie po\u017eehnanie pre Annu a jej rodinu<\/td>\n<td style=\"text-align: center;\"><span style=\"color: #ff0000;\">Sv. om\u0161a v kaplnke<\/span><\/p>\n<p>Ador\u00e1cia od 17:30<\/td>\n<\/tr>\n<tr>\n<td style=\"text-align: center;\">Piatok 21.4.<\/td>\n<td style=\"text-align: center;\"><span style=\"color: #000000;\">18:00<\/span><\/td>\n<td style=\"text-align: center;\"><span style=\"color: #808000;\">Piatok po 2. ve\u013ekono\u010dnej nedeli<\/span><\/td>\n<td style=\"text-align: center;\">za zdravie Katar\u00edny<\/td>\n<td style=\"text-align: center;\"><span style=\"color: #ff0000;\">Sv. om\u0161a v kaplnke<\/span><\/td>\n<\/tr>\n<tr>\n<td style=\"text-align: center;\">Sobota 22.4.<\/td>\n<td style=\"text-align: center;\"><span style=\"color: #000000;\">8:00<\/span><\/td>\n<td style=\"text-align: center;\"><span style=\"color: #808000;\">Sobota po 2. ve\u013ekono\u010dnej nedeli<\/span><\/td>\n<td style=\"text-align: center;\">za rodinu Gondov\u00fa<\/td>\n<td style=\"text-align: center;\"><span style=\"color: #ff0000;\">Sv. om\u0161a v kaplnke<\/span><\/td>\n<\/tr>\n<tr>\n<td style=\"text-align: center;\"><strong>Nede\u013ea 23.4.<\/strong><\/td>\n<td style=\"text-align: center;\">7:00<\/p>\n<p><span style=\"color: #000000;\"><strong>8:15<\/strong><\/span><\/p>\n<p><span style=\"color: #000000;\">9:45<\/span><\/td>\n<td style=\"text-align: center;\"><span style=\"color: #808000;\"><strong>3. ve\u013ekono\u010dn\u00e1 nede\u013ea<\/strong><\/span><\/td>\n<td style=\"text-align: center;\">na \u00famysel ordin\u00e1ra<\/p>\n<p><span style=\"font-family: inherit; font-size: inherit;\"><strong>Bodice:<\/strong> na \u00famysel<\/span><\/p>\n<p>za veriacich<\/td>\n<td style=\"text-align: center;\">Sv. om\u0161a v kostole<\/td>\n<\/tr>\n<\/tbody>\n<\/table>\n<\/div>\n<ul>\n<li>namiesto modlitby Anjel P\u00e1na sa po\u010das cel\u00e9ho Ve\u013ekono\u010dn\u00e9ho obdobia modl\u00edme Raduj sa, nebies Kr\u00e1\u013eovn\u00e1.<\/li>\n<li>ude\u013euj\u00fa sa \u00fapln\u00e9 odpustky za obvykl\u00fdch podmienok (sv. spove\u010f, sv. prij\u00edmanie a modlitba na \u00famysel sv. otca) veriacim, ktor\u00ed sa na nede\u013eu Bo\u017eieho milosrdenstva, s du\u0161ou \u00faplne odvr\u00e1tenou od ak\u00e9ko\u013evek hriechu, aj v\u0161edn\u00e9ho, v ktoromko\u013evek kostole z\u00fa\u010dastn\u00ed na pobo\u017enosti ku cti Bo\u017eieho milosrdenstva a pomodlia sa Ot\u010de n\u00e1\u0161 a Ver\u00edm v Boha a pripoja n\u00e1bo\u017en\u00fa invok\u00e1ciu k milosrdn\u00e9mu P\u00e1novi Je\u017ei\u0161ovi (napr. Je\u017ei\u0161u, d\u00f4verujem Ti).<\/li>\n<li>Bohuzn\u00e1me na ma\u013eovanie kostola v Pal\u00fadzke obetovali 200, 50, 200, 100, 100 \u20ac. P\u00e1n Boh zapla\u0165 za va\u0161u \u0161tedros\u0165.<\/li>\n<li>ve\u013ek\u00e1 v\u010faka v\u0161etk\u00fdm, ktor\u00ed ste boli v utorok pom\u00f4c\u0165 pri vyprat\u00e1van\u00ed kostola. \u010eakujem za va\u0161u pekn\u00fa \u00fa\u010das\u0165 a za ak\u00fako\u013evek pomoc pre na\u0161u farnos\u0165.<\/li>\n<li>dnes je zbierka na opravu kostolov. V\u0161etk\u00fdm darcom P\u00e1n Boh zapla\u0165.<\/li>\n<li>o upratovanie kostola pros\u00edm Badl\u00edkov\u00fa, Kuskov\u00fa, Plevov\u00fa, Tur\u010dinov\u00fa a Je\u017eov\u00fa. P\u00e1n Boh zapla\u0165 za slu\u017ebu.<\/li>\n<\/ul>\n","protected":false},"excerpt":{"rendered":"<p>De\u0148 \u010cas Liturgick\u00fd kalend\u00e1r \u00damysel O\u010dak\u00e1vame Nede\u013ea 16.4. 7:00 8:15 9:45 2. ve\u013ekono\u010dn\u00e1 nede\u013ea Nede\u013ea Bo\u017eieho milosrdenstva za zdravie a Bo\u017eie po\u017eehnanie pre rodinu Kolej\u00e1kov\u00fa Bodice: na \u00famysel za veriacich Zbierka na kostol Pobo\u017enos\u0165 k Bo\u017eiemu milosrdenstvu o\u00a015:00 Pondelok 17.4. 7:00 Pondelok po 2. ve\u013ekono\u010dnej nedeli + Du\u0161an, Anton, Anna Sv. om\u0161a v kostole Utorok [&hellip;]<\/p>\n","protected":false},"author":1,"featured_media":0,"comment_status":"closed","ping_status":"closed","sticky":false,"template":"","format":"standard","meta":{"_links_to":"","_links_to_target":""},"categories":[4,19],"tags":[],"_links":{"self":[{"href":"http:\/\/www.paludzka.fara.sk\/index.php?rest_route=\/wp\/v2\/posts\/2313"}],"collection":[{"href":"http:\/\/www.paludzka.fara.sk\/index.php?rest_route=\/wp\/v2\/posts"}],"about":[{"href":"http:\/\/www.paludzka.fara.sk\/index.php?rest_route=\/wp\/v2\/types\/post"}],"author":[{"embeddable":true,"href":"http:\/\/www.paludzka.fara.sk\/index.php?rest_route=\/wp\/v2\/users\/1"}],"replies":[{"embeddable":true,"href":"http:\/\/www.paludzka.fara.sk\/index.php?rest_route=%2Fwp%2Fv2%2Fcomments&post=2313"}],"version-history":[{"count":1,"href":"http:\/\/www.paludzka.fara.sk\/index.php?rest_route=\/wp\/v2\/posts\/2313\/revisions"}],"predecessor-version":[{"id":2314,"href":"http:\/\/www.paludzka.fara.sk\/index.php?rest_route=\/wp\/v2\/posts\/2313\/revisions\/2314"}],"wp:attachment":[{"href":"http:\/\/www.paludzka.fara.sk\/index.php?rest_route=%2Fwp%2Fv2%2Fmedia&parent=2313"}],"wp:term":[{"taxonomy":"category","embeddable":true,"href":"http:\/\/www.paludzka.fara.sk\/index.php?rest_route=%2Fwp%2Fv2%2Fcategories&post=2313"},{"taxonomy":"post_tag","embeddable":true,"href":"http:\/\/www.paludzka.fara.sk\/index.php?rest_route=%2Fwp%2Fv2%2Ftags&post=2313"}],"curies":[{"name":"wp","href":"https:\/\/api.w.org\/{rel}","templated":true}]}}