
{"id":2276,"date":"2023-04-09T00:00:04","date_gmt":"2023-04-08T22:00:04","guid":{"rendered":"http:\/\/www.paludzka.fara.sk\/?p=2276"},"modified":"2023-04-15T13:32:17","modified_gmt":"2023-04-15T11:32:17","slug":"farske-oznamy-9-4-16-4-2023","status":"publish","type":"post","link":"http:\/\/www.paludzka.fara.sk\/?p=2276","title":{"rendered":"Farsk\u00e9 oznamy 9.4.-16.4.2023"},"content":{"rendered":"<div class=\"table-responsive\">\n<table class=\"table table-bordered\">\n<thead>\n<tr>\n<th style=\"text-align: center;\">De\u0148<\/th>\n<th style=\"text-align: center;\">\u010cas<\/th>\n<th style=\"text-align: center;\">Liturgick\u00fd kalend\u00e1r<\/th>\n<th style=\"text-align: center;\">\u00damysel<\/th>\n<th style=\"text-align: center;\">O\u010dak\u00e1vame<\/th>\n<\/tr>\n<\/thead>\n<tbody>\n<tr>\n<td style=\"text-align: center;\"><strong>Nede\u013ea 9.4.<\/strong><\/td>\n<td style=\"text-align: center;\">7:00<\/p>\n<p><span style=\"color: #000000;\"><strong>8:15<\/strong><\/span><\/p>\n<p><span style=\"color: #000000;\">9:45<\/span><\/td>\n<td style=\"text-align: center;\"><span style=\"color: #808000;\"><strong>Ve\u013ekono\u010dn\u00e1 nede\u013ea P\u00e1novho zm\u0155tvychvstania<\/strong><\/span><\/td>\n<td style=\"text-align: center;\">za zdavie a Bo\u017eie po\u017eehnanie pre r. Garbiarov\u00fa<\/p>\n<p><strong>Bodice:<\/strong> na \u00famysel<\/p>\n<p>za veriacich<\/td>\n<td style=\"text-align: center;\">6:45 po\u017eehnanie ve\u013ekono\u010dn\u00fdch jed\u00e1l<\/td>\n<\/tr>\n<tr>\n<td style=\"text-align: center;\">Pondelok 10.4.<\/td>\n<td style=\"text-align: center;\"><strong>8:15<\/strong><\/p>\n<p>9:45<\/td>\n<td style=\"text-align: center;\"><span style=\"color: #808000;\">Pondelok vo Ve\u013ekono\u010dnej okt\u00e1ve<\/span><\/td>\n<td style=\"text-align: center;\"><strong>Bodice:<\/strong> na \u00famysel<\/p>\n<p>+ Daniel, Karol, Janka, Bruno, Erna a Albert<\/td>\n<td style=\"text-align: center;\"><\/td>\n<\/tr>\n<tr>\n<td style=\"text-align: center;\">Utorok 11.4.<\/td>\n<td style=\"text-align: center;\"><strong>18:00<\/strong><\/td>\n<td style=\"text-align: center;\"><span style=\"color: #808000;\">Utorok vo Ve\u013ekono\u010dnej okt\u00e1ve<\/span><\/td>\n<td style=\"text-align: center;\">+ Vendel\u00edn a rodi\u010dia<\/td>\n<td style=\"text-align: center;\">Brig\u00e1da pred ma\u013eovan\u00edm o\u00a010:00<\/td>\n<\/tr>\n<tr>\n<td style=\"text-align: center;\">Streda 12.4.<\/td>\n<td style=\"text-align: center;\"><span style=\"color: #000000;\">7:00<\/span><\/td>\n<td style=\"text-align: center;\"><span style=\"color: #808000;\">Streda vo Ve\u013ekono\u010dnej okt\u00e1ve<\/span><\/td>\n<td style=\"text-align: center;\">za obr\u00e1tenie a uzdravenie Jozefa<\/td>\n<td style=\"text-align: center;\">Stavanie le\u0161enia na ma\u013eovanie<\/td>\n<\/tr>\n<tr>\n<td style=\"text-align: center;\">\u0160tvrtok 13.4.<\/td>\n<td style=\"text-align: center;\"><strong><span style=\"color: #000000;\">18:00<\/span><\/strong><\/td>\n<td style=\"text-align: center;\"><span style=\"color: #808000;\">\u0160tvrtok vo Ve\u013ekono\u010dnej okt\u00e1ve<\/span><\/td>\n<td style=\"text-align: center;\">za zdravie, Bo\u017eie po\u017eehnanie a vieru pre rodinu<\/td>\n<td style=\"text-align: center;\">Ador\u00e1cia od 17:30<\/td>\n<\/tr>\n<tr>\n<td style=\"text-align: center;\">Piatok 14.4.<\/td>\n<td style=\"text-align: center;\"><strong><span style=\"color: #000000;\">18:00<\/span><\/strong><\/td>\n<td style=\"text-align: center;\"><span style=\"color: #808000;\">Piatok vo Ve\u013ekono\u010dnej okt\u00e1ve<\/span><\/td>\n<td style=\"text-align: center;\">+ Jaroslav<\/td>\n<td style=\"text-align: center;\"><\/td>\n<\/tr>\n<tr>\n<td style=\"text-align: center;\">Sobota 15.4.<\/td>\n<td style=\"text-align: center;\"><span style=\"color: #000000;\">8:00<\/span><\/td>\n<td style=\"text-align: center;\"><span style=\"color: #808000;\">Sobota vo Ve\u013ekono\u010dnej okt\u00e1ve<\/span><\/td>\n<td style=\"text-align: center;\">za zdravie a Bo\u017eie po\u017eehnanie pre rodinu Veselovsk\u00fa<\/td>\n<td style=\"text-align: center;\"><\/td>\n<\/tr>\n<tr>\n<td style=\"text-align: center;\"><strong>Nede\u013ea 16.4.<\/strong><\/td>\n<td style=\"text-align: center;\">7:00<\/p>\n<p><span style=\"color: #000000;\"><strong>8:15<\/strong><\/span><\/p>\n<p><span style=\"color: #000000;\">9:45<\/span><\/td>\n<td style=\"text-align: center;\"><span style=\"color: #808000;\"><strong>2. ve\u013ekono\u010dn\u00e1 nede\u013ea<\/strong><\/span><\/p>\n<p><span style=\"color: #808000;\"><strong>Nede\u013ea Bo\u017eieho milosrdenstva<\/strong><\/span><\/td>\n<td style=\"text-align: center;\">za zdravie a Bo\u017eie po\u017eehnanie pre rodinu Kolej\u00e1kov\u00fa<\/p>\n<p><span style=\"font-family: inherit; font-size: inherit;\"><strong>Bodice:<\/strong> na \u00famysel<\/span><\/p>\n<p>za veriacich<\/td>\n<td style=\"text-align: center;\"><strong>Zbierka na kostol<\/strong><\/p>\n<p>Pobo\u017enos\u0165 k Bo\u017eiemu milosrdenstvu o\u00a015:00<\/td>\n<\/tr>\n<\/tbody>\n<\/table>\n<\/div>\n<ul>\n<li>namiesto modlitby Anjel P\u00e1na sa po\u010das cel\u00e9ho Ve\u013ekono\u010dn\u00e9ho obdobia modl\u00edme Raduj sa, nebies Kr\u00e1\u013eovn\u00e1.<\/li>\n<li>Bohuzn\u00e1me na ma\u013eovanie kostola obetovali 100, 100 a 100 \u20ac. Bohuzn\u00e1ma rodina zo Zuberca darovala na ma\u013eovanie kostola 200 \u20ac. P\u00e1n Boh zapla\u0165.<\/li>\n<li>na bud\u00facu nede\u013eu bude zbierka na opravu kostolov. Vopred v\u0161etk\u00fdm darcom P\u00e1n Boh zapla\u0165.<\/li>\n<li>P\u00e1n Boh zapla\u0165 v\u0161etk\u00fdm, ktor\u00ed ste ak\u00fdmko\u013evek sp\u00f4sobom pomohli pri sl\u00e1ven\u00ed ve\u013ekono\u010dn\u00fdch sviatkov &#8211; spev\u00e1kom, mini\u0161trantom, lektorom, v\u0161etk\u00fdm \u010do zdobili a upratovali kostol, v\u0161etk\u00fdm, \u010do ste ak\u00fdmko\u013evek sp\u00f4sobom prispeli k d\u00f4stojn\u00e9mu sl\u00e1veniu ve\u013ekono\u010dn\u00fdch sviatkov.<\/li>\n<li>o upratovanie kostola pros\u00edm rodiny Ra\u010dkov\u00fa, Mra\u010dnov\u00fa, Tk\u00e1\u010dov\u00fa a Gub\u00e1\u0161ov\u00fa. P\u00e1n Boh zapla\u0165 za slu\u017ebu.\n<p style=\"text-align: center;\"><strong><em>PRAJEM V\u00c1M MILOSTIPLN\u00c9 VE\u013dKONO\u010cN\u00c9 SVIATKY<\/em><\/strong><\/p>\n<\/li>\n<\/ul>\n","protected":false},"excerpt":{"rendered":"<p>De\u0148 \u010cas Liturgick\u00fd kalend\u00e1r \u00damysel O\u010dak\u00e1vame Nede\u013ea 9.4. 7:00 8:15 9:45 Ve\u013ekono\u010dn\u00e1 nede\u013ea P\u00e1novho zm\u0155tvychvstania za zdavie a Bo\u017eie po\u017eehnanie pre r. Garbiarov\u00fa Bodice: na \u00famysel za veriacich 6:45 po\u017eehnanie ve\u013ekono\u010dn\u00fdch jed\u00e1l Pondelok 10.4. 8:15 9:45 Pondelok vo Ve\u013ekono\u010dnej okt\u00e1ve Bodice: na \u00famysel + Daniel, Karol, Janka, Bruno, Erna a Albert Utorok 11.4. 18:00 Utorok [&hellip;]<\/p>\n","protected":false},"author":1,"featured_media":0,"comment_status":"closed","ping_status":"closed","sticky":false,"template":"","format":"standard","meta":{"_links_to":"","_links_to_target":""},"categories":[4,19],"tags":[],"_links":{"self":[{"href":"http:\/\/www.paludzka.fara.sk\/index.php?rest_route=\/wp\/v2\/posts\/2276"}],"collection":[{"href":"http:\/\/www.paludzka.fara.sk\/index.php?rest_route=\/wp\/v2\/posts"}],"about":[{"href":"http:\/\/www.paludzka.fara.sk\/index.php?rest_route=\/wp\/v2\/types\/post"}],"author":[{"embeddable":true,"href":"http:\/\/www.paludzka.fara.sk\/index.php?rest_route=\/wp\/v2\/users\/1"}],"replies":[{"embeddable":true,"href":"http:\/\/www.paludzka.fara.sk\/index.php?rest_route=%2Fwp%2Fv2%2Fcomments&post=2276"}],"version-history":[{"count":4,"href":"http:\/\/www.paludzka.fara.sk\/index.php?rest_route=\/wp\/v2\/posts\/2276\/revisions"}],"predecessor-version":[{"id":2315,"href":"http:\/\/www.paludzka.fara.sk\/index.php?rest_route=\/wp\/v2\/posts\/2276\/revisions\/2315"}],"wp:attachment":[{"href":"http:\/\/www.paludzka.fara.sk\/index.php?rest_route=%2Fwp%2Fv2%2Fmedia&parent=2276"}],"wp:term":[{"taxonomy":"category","embeddable":true,"href":"http:\/\/www.paludzka.fara.sk\/index.php?rest_route=%2Fwp%2Fv2%2Fcategories&post=2276"},{"taxonomy":"post_tag","embeddable":true,"href":"http:\/\/www.paludzka.fara.sk\/index.php?rest_route=%2Fwp%2Fv2%2Ftags&post=2276"}],"curies":[{"name":"wp","href":"https:\/\/api.w.org\/{rel}","templated":true}]}}