
{"id":2240,"date":"2023-04-02T00:00:59","date_gmt":"2023-04-01T22:00:59","guid":{"rendered":"http:\/\/www.paludzka.fara.sk\/?p=2240"},"modified":"2023-04-01T21:49:23","modified_gmt":"2023-04-01T19:49:23","slug":"farske-oznamy-2-4-9-4-2023","status":"publish","type":"post","link":"http:\/\/www.paludzka.fara.sk\/?p=2240","title":{"rendered":"Farsk\u00e9 oznamy 2.4.-9.4.2023"},"content":{"rendered":"<div class=\"table-responsive\">\n<table class=\"table table-bordered\">\n<thead>\n<tr>\n<th style=\"text-align: center;\">De\u0148<\/th>\n<th style=\"text-align: center;\">\u010cas<\/th>\n<th style=\"text-align: center;\">Liturgick\u00fd kalend\u00e1r<\/th>\n<th style=\"text-align: center;\">\u00damysel<\/th>\n<th style=\"text-align: center;\">O\u010dak\u00e1vame<\/th>\n<\/tr>\n<\/thead>\n<tbody>\n<tr>\n<td style=\"text-align: center;\"><strong>Nede\u013ea 2.4.<\/strong><\/td>\n<td style=\"text-align: center;\">7:00<\/p>\n<p><span style=\"color: #000000;\"><strong>8:15<\/strong><\/span><\/p>\n<p><span style=\"color: #000000;\">9:45<\/span><\/td>\n<td style=\"text-align: center;\"><span style=\"color: #ff0000;\"><strong>Palmov\u00e1 (Kvetn\u00e1) nede\u013ea<\/strong><\/span><\/p>\n<p><span style=\"color: #ff0000;\"><strong>Nede\u013ea utrpenia P\u00e1na<\/strong><\/span><\/td>\n<td style=\"text-align: center;\">na \u00famysel ordin\u00e1ra<\/p>\n<p><strong>Bodice:<\/strong> na \u00famysel<\/p>\n<p>za veriacich<\/td>\n<td style=\"text-align: center;\">kr\u00ed\u017eov\u00e1 cesta o 14:00 &#8211; lektori<\/p>\n<p><span style=\"color: #ff0000;\">sviatos\u0165 zmierenia LM 15:00 &#8211; 18:00<\/span><\/td>\n<\/tr>\n<tr>\n<td style=\"text-align: center;\">Pondelok 3.4.<\/td>\n<td style=\"text-align: center;\"><strong>18:00<\/strong><\/td>\n<td style=\"text-align: center;\"><span style=\"color: #800080;\">Pondelok Sv\u00e4t\u00e9ho t\u00fd\u017ed\u0148a<\/span><\/td>\n<td style=\"text-align: center;\">+ Matej a Anna Ba\u0165ankov\u00ed<\/td>\n<td style=\"text-align: center;\">sviatos\u0165 zmierenia od 17:30<\/td>\n<\/tr>\n<tr>\n<td style=\"text-align: center;\">Utorok 4.4.<\/td>\n<td style=\"text-align: center;\"><strong>18:00<\/strong><\/td>\n<td style=\"text-align: center;\"><span style=\"color: #800080;\">Utorok Sv\u00e4t\u00e9ho t\u00fd\u017ed\u0148a<\/span><\/td>\n<td style=\"text-align: center;\">+ Ondrej a Eva<\/td>\n<td style=\"text-align: center;\">sviatos\u0165 zmierenia od 17:30<\/td>\n<\/tr>\n<tr>\n<td style=\"text-align: center;\">Streda 5.4.<\/td>\n<td style=\"text-align: center;\"><span style=\"color: #000000;\">7:00<\/span><\/td>\n<td style=\"text-align: center;\"><span style=\"color: #800080;\">Streda Sv\u00e4t\u00e9ho t\u00fd\u017ed\u0148a<\/span><\/td>\n<td style=\"text-align: center;\">+ Miroslav, Peter, Anna a Vlastimil<\/td>\n<td style=\"text-align: center;\"><\/td>\n<\/tr>\n<tr>\n<td style=\"text-align: center;\">\u0160tvrtok 6.4.<\/td>\n<td style=\"text-align: center;\"><strong><span style=\"color: #000000;\">18:00<\/span><\/strong><\/td>\n<td style=\"text-align: center;\"><span style=\"color: #808000;\">\u0160tvrtok P\u00e1novej ve\u010dere<\/span><\/td>\n<td style=\"text-align: center;\">za dobrodincov<\/td>\n<td style=\"text-align: center;\">poklona do 20:00<\/td>\n<\/tr>\n<tr>\n<td style=\"text-align: center;\">Piatok 7.4.<\/td>\n<td style=\"text-align: center;\"><strong><span style=\"color: #000000;\">15:00<\/span><\/strong><\/td>\n<td style=\"text-align: center;\"><span style=\"color: #ff0000;\">Piatok utrpenia P\u00e1na<\/span><\/p>\n<p><span style=\"color: #ff0000;\">(Ve\u013ek\u00fd piatok)<\/span><\/p>\n<p><span style=\"color: #ff0000;\">Sl\u00e1venie utrpenia a\u00a0smrti P\u00e1na<\/span><\/td>\n<td style=\"text-align: center;\"><\/td>\n<td style=\"text-align: center;\"><span style=\"color: #ff0000;\">de\u0148 pr\u00edsneho p\u00f4stu<\/span><\/p>\n<p>kr\u00ed\u017eov\u00e1 cesta o 10:00<\/p>\n<p>poklona Je\u017ei\u0161ovi v hrobe do 18:30<\/p>\n<p>Nov\u00e9na pred nede\u013eou Bo\u017eieho milosrdenstva<\/td>\n<\/tr>\n<tr>\n<td style=\"text-align: center;\">Sobota 8.4.<\/td>\n<td style=\"text-align: center;\"><span style=\"color: #000000;\">19:30<\/span><\/td>\n<td style=\"text-align: center;\"><span style=\"color: #808000;\">Ve\u013ekono\u010dn\u00e1 vig\u00edlia vo Sv\u00e4tej noci<\/span><\/td>\n<td style=\"text-align: center;\">na \u00famysel<\/td>\n<td style=\"text-align: center;\">poklona Je\u017ei\u0161ovi v hrobe od 12:00 do 18:00<\/td>\n<\/tr>\n<tr>\n<td style=\"text-align: center;\"><strong>Nede\u013ea 9.4.<\/strong><\/td>\n<td style=\"text-align: center;\">7:00<\/p>\n<p><span style=\"color: #000000;\"><strong>8:15<\/strong><\/span><\/p>\n<p><span style=\"color: #000000;\">9:45<\/span><\/td>\n<td style=\"text-align: center;\"><span style=\"color: #808000;\"><strong>Ve\u013ekono\u010dn\u00e1 nede\u013ea<\/strong><\/span><\/td>\n<td style=\"text-align: center;\">za zdavie a Bo\u017eie po\u017eehnanie pre r. Garbiarov\u00fa<\/p>\n<p><span style=\"font-family: inherit; font-size: inherit;\"><strong>Bodice:<\/strong> na \u00famysel<\/span><\/p>\n<p>za veriacich<\/td>\n<td style=\"text-align: center;\">6:45 po\u017eehnanie ve\u013ekono\u010dn\u00fdch jed\u00e1l<\/td>\n<\/tr>\n<\/tbody>\n<\/table>\n<\/div>\n<ul>\n<li>dne\u0161n\u00fdm d\u0148om za\u010d\u00edna Sv\u00e4t\u00fd t\u00fd\u017ede\u0148. P\u00f4stne obdobie pokra\u010duje a\u017e do \u0161tvrtku P\u00e1novej ve\u010dere. Ve\u013ekono\u010dn\u00e9 trojdnie za\u010d\u00edna vo \u0161tvrtok ve\u010dernou sv. om\u0161ou na pamiatku P\u00e1novej ve\u010dere a kon\u010d\u00ed sa ve\u0161perami Nedele P\u00e1novho zm\u0155tvychvstania. \u00dapln\u00e9 odpustky za zvy\u010dajn\u00fdch podmienok mo\u017eno z\u00edska\u0165:\n<ul>\n<li>pri verejnej ador\u00e1cii Olt\u00e1rnej sviatosti vo \u0160tvrtok P\u00e1novej ve\u010dere recitovan\u00edm alebo spevom Ct\u00edme t\u00fato Sviatos\u0165 sl\u00e1vnu<\/li>\n<li>za n\u00e1bo\u017en\u00fa \u00fa\u010das\u0165 poklony kr\u00ed\u017ea pri liturgickom sl\u00e1ven\u00ed v Piatok utrpenia P\u00e1na<\/li>\n<li>za obnovu krstn\u00fdch s\u013eubov pri sl\u00e1ven\u00ed Ve\u013ekono\u010dnej vig\u00edlie<\/li>\n<\/ul>\n<\/li>\n<li>zbierka na pomoc prenasledovan\u00fdm kres\u0165anom a vojnov\u00fdm ute\u010dencom bola 305 \u20ac. Z toho 50 \u20ac obetovali \u010dlenovia ru\u017eencov\u00e9ho spolo\u010denstva. P\u00e1n Boh zapla\u0165.<\/li>\n<li>Bohuzn\u00e1ma rodina zo Zuberca obetovala na ma\u013eovanie kostola 200 \u20ac, Bohuzn\u00e1mi obetovali na ma\u013eovanie kostola 50 a 200 \u20ac. P\u00e1n Boh zapla\u0165.<\/li>\n<li>o upratovanie kostola pros\u00edm rodiny Ku\u010derov\u00fa, J\u00e1no\u0161\u00edkov\u00fa, Adam\u010diakov\u00fa J.. Upratovanie bude v sobotu. P\u00e1n Boh zapla\u0165 za slu\u017ebu.\n<p style=\"text-align: center;\">PRAJEM V\u00c1M MILOSTIPLN\u00c9 VE\u013dKONO\u010cN\u00c9 SVIATKY<\/p>\n<\/li>\n<\/ul>\n","protected":false},"excerpt":{"rendered":"<p>De\u0148 \u010cas Liturgick\u00fd kalend\u00e1r \u00damysel O\u010dak\u00e1vame Nede\u013ea 2.4. 7:00 8:15 9:45 Palmov\u00e1 (Kvetn\u00e1) nede\u013ea Nede\u013ea utrpenia P\u00e1na na \u00famysel ordin\u00e1ra Bodice: na \u00famysel za veriacich kr\u00ed\u017eov\u00e1 cesta o 14:00 &#8211; lektori sviatos\u0165 zmierenia LM 15:00 &#8211; 18:00 Pondelok 3.4. 18:00 Pondelok Sv\u00e4t\u00e9ho t\u00fd\u017ed\u0148a + Matej a Anna Ba\u0165ankov\u00ed sviatos\u0165 zmierenia od 17:30 Utorok 4.4. 18:00 [&hellip;]<\/p>\n","protected":false},"author":1,"featured_media":0,"comment_status":"closed","ping_status":"closed","sticky":false,"template":"","format":"standard","meta":{"_links_to":"","_links_to_target":""},"categories":[4,19],"tags":[],"_links":{"self":[{"href":"http:\/\/www.paludzka.fara.sk\/index.php?rest_route=\/wp\/v2\/posts\/2240"}],"collection":[{"href":"http:\/\/www.paludzka.fara.sk\/index.php?rest_route=\/wp\/v2\/posts"}],"about":[{"href":"http:\/\/www.paludzka.fara.sk\/index.php?rest_route=\/wp\/v2\/types\/post"}],"author":[{"embeddable":true,"href":"http:\/\/www.paludzka.fara.sk\/index.php?rest_route=\/wp\/v2\/users\/1"}],"replies":[{"embeddable":true,"href":"http:\/\/www.paludzka.fara.sk\/index.php?rest_route=%2Fwp%2Fv2%2Fcomments&post=2240"}],"version-history":[{"count":4,"href":"http:\/\/www.paludzka.fara.sk\/index.php?rest_route=\/wp\/v2\/posts\/2240\/revisions"}],"predecessor-version":[{"id":2246,"href":"http:\/\/www.paludzka.fara.sk\/index.php?rest_route=\/wp\/v2\/posts\/2240\/revisions\/2246"}],"wp:attachment":[{"href":"http:\/\/www.paludzka.fara.sk\/index.php?rest_route=%2Fwp%2Fv2%2Fmedia&parent=2240"}],"wp:term":[{"taxonomy":"category","embeddable":true,"href":"http:\/\/www.paludzka.fara.sk\/index.php?rest_route=%2Fwp%2Fv2%2Fcategories&post=2240"},{"taxonomy":"post_tag","embeddable":true,"href":"http:\/\/www.paludzka.fara.sk\/index.php?rest_route=%2Fwp%2Fv2%2Ftags&post=2240"}],"curies":[{"name":"wp","href":"https:\/\/api.w.org\/{rel}","templated":true}]}}