
{"id":223,"date":"2017-11-04T18:00:42","date_gmt":"2017-11-04T17:00:42","guid":{"rendered":"http:\/\/www.paludzka.fara.sk\/?p=223"},"modified":"2017-11-05T15:18:51","modified_gmt":"2017-11-05T14:18:51","slug":"farske-oznamy-5-11-12-11-2017","status":"publish","type":"post","link":"http:\/\/www.paludzka.fara.sk\/?p=223","title":{"rendered":"Farsk\u00e9 oznamy 5.11.-12.11.2017"},"content":{"rendered":"<h3 style=\"text-align: center;\">Liturgick\u00fd preh\u013ead a program bohoslu\u017eieb na t\u00fd\u017ede\u0148 5.11. &#8211; 12.11. 2017<\/h3>\n<p><strong>Oznamy pre farsk\u00fd kostol:<\/strong><\/p>\n<div class=\"table-responsive\">\n<table class=\"table table-bordered\">\n<thead>\n<tr>\n<th style=\"text-align: center;\">d\u00e1tum<\/th>\n<th style=\"text-align: center;\">sv. om\u0161a<\/th>\n<th style=\"text-align: center;\">liturgick\u00fd de\u0148<\/th>\n<th style=\"text-align: center;\">\u00famysel<\/th>\n<\/tr>\n<\/thead>\n<tbody>\n<tr>\n<td style=\"text-align: center;\"><strong>Nede\u013ea 5.11.<\/strong><\/td>\n<td style=\"text-align: center;\"><strong>9:30<\/strong><\/td>\n<td style=\"text-align: center;\"><strong>31. nede\u013ea v Cezro\u010dnom obdob\u00ed<\/strong><\/td>\n<td style=\"text-align: center;\"><strong>za farnos\u0165<\/strong><\/td>\n<\/tr>\n<tr>\n<td style=\"text-align: center;\">Pondelok 6.11.<\/td>\n<td style=\"text-align: center;\">18:00<\/td>\n<td style=\"text-align: center;\">Pondelok 31. t\u00fd\u017ed\u0148a v Cezro\u010dnom obdob\u00ed<\/td>\n<td style=\"text-align: center;\">+<\/td>\n<\/tr>\n<tr>\n<td style=\"text-align: center;\">Utorok 7.11.<\/td>\n<td style=\"text-align: center;\">18:00<\/td>\n<td style=\"text-align: center;\">Utorok 31. t\u00fd\u017ed\u0148a v Cezro\u010dnom obdob\u00ed<\/td>\n<td style=\"text-align: center;\">+<\/td>\n<\/tr>\n<tr>\n<td style=\"text-align: center;\">Streda 8.11.<\/td>\n<td style=\"text-align: center;\">7:00<\/td>\n<td style=\"text-align: center;\">Streda 31. t\u00fd\u017ed\u0148a v Cezro\u010dnom obdob\u00ed<\/td>\n<td style=\"text-align: center;\">+<\/td>\n<\/tr>\n<tr>\n<td style=\"text-align: center;\">\u0160tvrtok 9.11.<\/td>\n<td style=\"text-align: center;\">nebude<\/td>\n<td style=\"text-align: center;\"><em>V\u00fdro\u010die posviacky Later\u00e1nskej baziliky<\/em><\/td>\n<td style=\"text-align: center;\">+<\/td>\n<\/tr>\n<tr>\n<td style=\"text-align: center;\">Piatok 10.11.<\/td>\n<td style=\"text-align: center;\">18:00<\/td>\n<td style=\"text-align: center;\">Sv\u00e4t\u00e9ho Leva Ve\u013ek\u00e9ho,<\/p>\n<p>p\u00e1pe\u017ea a u\u010dite\u013ea Cirkvi<\/td>\n<td style=\"text-align: center;\">+<\/td>\n<\/tr>\n<tr>\n<td style=\"text-align: center;\">Sobota 11.11.<\/td>\n<td style=\"text-align: center;\">8:00<\/td>\n<td style=\"text-align: center;\">Sv\u00e4t\u00e9ho Martina z Tours, biskupa<\/td>\n<td style=\"text-align: center;\">+<\/td>\n<\/tr>\n<tr>\n<td style=\"text-align: center;\"><strong>Nede\u013ea 12.11.<\/strong><\/td>\n<td style=\"text-align: center;\"><strong>9:30<\/strong><\/td>\n<td style=\"text-align: center;\"><strong>32. nede\u013ea v Cezro\u010dnom obdob\u00ed<\/strong><\/td>\n<td style=\"text-align: center;\"><strong>za farnos\u0165<\/strong><\/td>\n<\/tr>\n<\/tbody>\n<\/table>\n<\/div>\n<p><strong>Oznamy pre fili\u00e1lku Bodice:<\/strong><\/p>\n<div class=\"table-responsive\">\n<table class=\"table table-bordered\">\n<thead>\n<tr style=\"height: 24px;\">\n<th style=\"text-align: center; height: 24px;\">d\u00e1tum<\/th>\n<th style=\"text-align: center; height: 24px;\">sv. om\u0161a<\/th>\n<th style=\"text-align: center; height: 24px;\">liturgick\u00fd de\u0148<\/th>\n<\/tr>\n<\/thead>\n<tbody>\n<tr style=\"height: 24px;\">\n<td style=\"text-align: center; height: 24px;\"><strong>Nede\u013ea 5.11.<\/strong><\/td>\n<td style=\"text-align: center; height: 24px;\"><strong>8:00<\/strong><\/td>\n<td style=\"text-align: center; height: 24px;\"><strong>31. nede\u013ea v Cezro\u010dnom obdob\u00ed<\/strong><\/td>\n<\/tr>\n<tr style=\"height: 24px;\">\n<td style=\"text-align: center; height: 24px;\"><strong>Nede\u013ea 12.11.<\/strong><\/td>\n<td style=\"text-align: center; height: 24px;\"><strong>8:00<\/strong><\/td>\n<td style=\"text-align: center; height: 24px;\"><strong>32. nede\u013ea v Cezro\u010dnom obdob\u00ed<\/strong><\/td>\n<\/tr>\n<\/tbody>\n<\/table>\n<\/div>\n<p><strong>Oznamy pre kaplnku v nemocnici:<\/strong><\/p>\n<div class=\"table-responsive\">\n<table class=\"table table-bordered\">\n<thead>\n<tr>\n<th style=\"text-align: center;\">d\u00e1tum<\/th>\n<th style=\"text-align: center;\">sv. om\u0161a<\/th>\n<th style=\"text-align: center;\">liturgick\u00fd de\u0148<\/th>\n<\/tr>\n<\/thead>\n<tbody>\n<tr>\n<td style=\"text-align: center;\"><strong>Nede\u013ea 5.11.<\/strong><\/td>\n<td style=\"text-align: center;\"><strong>11:00<\/strong><\/td>\n<td style=\"text-align: center;\"><strong>31. nede\u013ea v Cezro\u010dnom obdob\u00ed<\/strong><\/td>\n<\/tr>\n<tr>\n<td style=\"text-align: center;\"><strong>Nede\u013ea 12.11.<\/strong><\/td>\n<td style=\"text-align: center;\"><b>11:00<\/b><\/td>\n<td style=\"text-align: center;\"><strong>32. nede\u013ea v Cezro\u010dnom obdob\u00ed<\/strong><\/td>\n<\/tr>\n<\/tbody>\n<\/table>\n<\/div>\n<p><strong>V\u0161eobecn\u00e9 oznamy:<\/strong><\/p>\n<ul>\n<li>Vo \u0161tvrtok 9.11.2017 sv\u00e4t\u00e1 om\u0161a nebude, v stredu je mimoriadne presunut\u00e1 na 7. hodinu r\u00e1no<\/li>\n<li>Spevokol det\u00ed bude ma\u0165 n\u00e1cvik v piatok po skon\u010den\u00ed sv. om\u0161e<\/li>\n<\/ul>\n","protected":false},"excerpt":{"rendered":"<p>Liturgick\u00fd preh\u013ead a program bohoslu\u017eieb na t\u00fd\u017ede\u0148 5.11. &#8211; 12.11. 2017 Oznamy pre farsk\u00fd kostol: d\u00e1tum sv. om\u0161a liturgick\u00fd de\u0148 \u00famysel Nede\u013ea 5.11. 9:30 31. nede\u013ea v Cezro\u010dnom obdob\u00ed za farnos\u0165 Pondelok 6.11. 18:00 Pondelok 31. t\u00fd\u017ed\u0148a v Cezro\u010dnom obdob\u00ed + Utorok 7.11. 18:00 Utorok 31. t\u00fd\u017ed\u0148a v Cezro\u010dnom obdob\u00ed + Streda 8.11. 7:00 Streda [&hellip;]<\/p>\n","protected":false},"author":1,"featured_media":0,"comment_status":"open","ping_status":"open","sticky":false,"template":"","format":"standard","meta":{"_links_to":"","_links_to_target":""},"categories":[4,19],"tags":[],"_links":{"self":[{"href":"http:\/\/www.paludzka.fara.sk\/index.php?rest_route=\/wp\/v2\/posts\/223"}],"collection":[{"href":"http:\/\/www.paludzka.fara.sk\/index.php?rest_route=\/wp\/v2\/posts"}],"about":[{"href":"http:\/\/www.paludzka.fara.sk\/index.php?rest_route=\/wp\/v2\/types\/post"}],"author":[{"embeddable":true,"href":"http:\/\/www.paludzka.fara.sk\/index.php?rest_route=\/wp\/v2\/users\/1"}],"replies":[{"embeddable":true,"href":"http:\/\/www.paludzka.fara.sk\/index.php?rest_route=%2Fwp%2Fv2%2Fcomments&post=223"}],"version-history":[{"count":1,"href":"http:\/\/www.paludzka.fara.sk\/index.php?rest_route=\/wp\/v2\/posts\/223\/revisions"}],"predecessor-version":[{"id":224,"href":"http:\/\/www.paludzka.fara.sk\/index.php?rest_route=\/wp\/v2\/posts\/223\/revisions\/224"}],"wp:attachment":[{"href":"http:\/\/www.paludzka.fara.sk\/index.php?rest_route=%2Fwp%2Fv2%2Fmedia&parent=223"}],"wp:term":[{"taxonomy":"category","embeddable":true,"href":"http:\/\/www.paludzka.fara.sk\/index.php?rest_route=%2Fwp%2Fv2%2Fcategories&post=223"},{"taxonomy":"post_tag","embeddable":true,"href":"http:\/\/www.paludzka.fara.sk\/index.php?rest_route=%2Fwp%2Fv2%2Ftags&post=223"}],"curies":[{"name":"wp","href":"https:\/\/api.w.org\/{rel}","templated":true}]}}