
{"id":2206,"date":"2023-03-26T00:00:05","date_gmt":"2023-03-25T23:00:05","guid":{"rendered":"http:\/\/www.paludzka.fara.sk\/?p=2206"},"modified":"2023-03-25T19:31:26","modified_gmt":"2023-03-25T18:31:26","slug":"farske-oznamy-26-3-2-4-2023","status":"publish","type":"post","link":"http:\/\/www.paludzka.fara.sk\/?p=2206","title":{"rendered":"Farsk\u00e9 oznamy 26.3.-2.4.2023"},"content":{"rendered":"<div class=\"table-responsive\">\n<table class=\"table table-bordered\">\n<thead>\n<tr>\n<th style=\"text-align: center;\">De\u0148<\/th>\n<th style=\"text-align: center;\">\u010cas<\/th>\n<th style=\"text-align: center;\">Liturgick\u00fd kalend\u00e1r<\/th>\n<th style=\"text-align: center;\">\u00damysel<\/th>\n<th style=\"text-align: center;\">O\u010dak\u00e1vame<\/th>\n<\/tr>\n<\/thead>\n<tbody>\n<tr>\n<td style=\"text-align: center;\"><strong>Nede\u013ea 26.3.<\/strong><\/td>\n<td style=\"text-align: center;\">7:00<\/p>\n<p><span style=\"color: #000000;\"><strong>8:15<\/strong><\/span><\/p>\n<p><span style=\"color: #000000;\">9:45<\/span><\/td>\n<td style=\"text-align: center;\"><span style=\"color: #800080;\"><strong>5. p\u00f4stna nede\u013ea<\/strong><\/span><\/td>\n<td style=\"text-align: center;\">za zdravie a Bo\u017eie po\u017eehnanie pre Bo\u017eenu<\/p>\n<p><strong>Bodice:<\/strong> na \u00famysel<\/p>\n<p>Za 70 ro\u010dn\u00fa jubilantku Seraf\u00ednu<\/td>\n<td style=\"text-align: center;\">Kr\u00ed\u017eov\u00e1 cesta o 14:00<\/p>\n<p><em>Zbierka na pomoc prenasledovan\u00fdm<\/em><br \/>\n<em>kres\u0165anom a vojnov\u00fdm ute\u010dencom<\/em><\/td>\n<\/tr>\n<tr>\n<td style=\"text-align: center;\">Pondelok 27.3.<\/td>\n<td style=\"text-align: center;\"><strong>18:00<\/strong><\/td>\n<td style=\"text-align: center;\"><span style=\"color: #800080;\">Pondelok po 5. p\u00f4stnej nedeli<\/span><\/td>\n<td style=\"text-align: center;\">+ Jozef a Viliam<\/td>\n<td style=\"text-align: center;\"><\/td>\n<\/tr>\n<tr>\n<td style=\"text-align: center;\">Utorok 28.3.<\/td>\n<td style=\"text-align: center;\"><strong>18:00<\/strong><\/td>\n<td style=\"text-align: center;\"><span style=\"color: #800080;\">Utorok po 5. p\u00f4stnej nedeli<\/span><\/td>\n<td style=\"text-align: center;\">na \u00famysel<\/td>\n<td style=\"text-align: center;\"><\/td>\n<\/tr>\n<tr>\n<td style=\"text-align: center;\">Streda 29.3.<\/td>\n<td style=\"text-align: center;\"><span style=\"color: #000000;\">7:00<\/span><\/td>\n<td style=\"text-align: center;\"><span style=\"color: #800080;\">Streda po 5. p\u00f4stnej nedeli<\/span><\/td>\n<td style=\"text-align: center;\">+ Vladim\u00edr<\/td>\n<td style=\"text-align: center;\"><\/td>\n<\/tr>\n<tr>\n<td style=\"text-align: center;\">\u0160tvrtok 30.3.<\/td>\n<td style=\"text-align: center;\"><strong><span style=\"color: #000000;\">18:00<\/span><\/strong><\/td>\n<td style=\"text-align: center;\"><span style=\"color: #800080;\">\u0160tvrtok po 5. p\u00f4stnej nedeli<\/span><\/td>\n<td style=\"text-align: center;\">+ Rudolf, Matej a Eva<\/td>\n<td style=\"text-align: center;\"><\/td>\n<\/tr>\n<tr>\n<td style=\"text-align: center;\">Piatok 31.3.<\/td>\n<td style=\"text-align: center;\"><strong><span style=\"color: #000000;\">18:00<\/span><\/strong><\/td>\n<td style=\"text-align: center;\"><span style=\"color: #800080;\">Piatok po 5. p\u00f4stnej nedeli<\/span><\/td>\n<td style=\"text-align: center;\">za obr\u00e1tenie det\u00ed<\/td>\n<td style=\"text-align: center;\">N\u00e1v\u0161teva chor\u00fdch od 8:00<br \/>\n<span style=\"color: #800080;\">Predve\u013ekono\u010dn\u00e9 vysluhovanie sv. zmierenia:<\/span><br \/>\n<span style=\"color: #800080;\">Bodice: 15:30-16:00<\/span><br \/>\n<span style=\"color: #800080;\">Pal\u00fadzka: 16:00-17:00<\/span><br \/>\n<em>Kr\u00ed\u017eov\u00e1 cesta o\u00a018:00 \u2013 deti<\/em><\/td>\n<\/tr>\n<tr>\n<td style=\"text-align: center;\">Sobota 1.4.<\/td>\n<td style=\"text-align: center;\"><span style=\"color: #000000;\">8:00<\/span><\/td>\n<td style=\"text-align: center;\"><span style=\"color: #800080;\">Sobota po 5. p\u00f4stnej nedeli<\/span><\/td>\n<td style=\"text-align: center;\">+ Jozef<\/td>\n<td style=\"text-align: center;\">Fatimsk\u00e1 pobo\u017enos\u0165 o 7:30<\/td>\n<\/tr>\n<tr>\n<td style=\"text-align: center;\"><strong>Nede\u013ea 2.4.<\/strong><\/td>\n<td style=\"text-align: center;\">7:00<\/p>\n<p><span style=\"color: #000000;\"><strong>8:15<\/strong><\/span><\/p>\n<p><span style=\"color: #000000;\">9:45<\/span><\/td>\n<td style=\"text-align: center;\"><span style=\"color: #ff0000;\"><strong>Palmov\u00e1 (Kvetn\u00e1) nede\u013ea<\/strong><\/span><\/p>\n<p><span style=\"color: #ff0000;\"><strong>Nede\u013ea utrpenia P\u00e1na<\/strong><\/span><\/td>\n<td style=\"text-align: center;\">za veriacich<\/p>\n<p><span style=\"font-family: inherit; font-size: inherit;\"><strong>Bodice:<\/strong> na \u00famysel<\/span><\/p>\n<p>+ Jozef a M\u00e1ria U\u017e\u00edk<\/td>\n<td style=\"text-align: center;\"><strong><em>Kr\u00ed\u017eov\u00e1 cesta o 14:00 &#8211; lektori<\/em><\/strong><\/p>\n<p><span style=\"color: #800080;\">Sviatos\u0165 zmiernia Lipt. Mikul\u00e1\u0161 15:00-18:00<\/span><\/td>\n<\/tr>\n<\/tbody>\n<\/table>\n<\/div>\n<ul>\n<li>\u00famysly sv. om\u0161\u00ed na mesiac apr\u00edl budem zapisova\u0165 v pondelok po sv. om\u0161i.<\/li>\n<li>Bohuzn\u00e1me rodiny na ma\u013eovanie kostola v Pal\u00fadzke obetovali 100, 100, 500 a 50 \u20ac. P\u00e1n Boh zapla\u0165 za va\u0161e vn\u00edmav\u00e9 srdcia.<\/li>\n<li>v zbierke na kostol ste prispeli: Bodice 245 \u20ac. Pal\u00fadzka 820 \u20ac. P\u00e1n Boh zapla\u0165 za va\u0161u \u0161tedros\u0165.<\/li>\n<li>dnes je zbierka na pomoc prenasledovan\u00fdm kres\u0165anom a vojnov\u00fdm ute\u010dencom.<\/li>\n<li>ve\u013ek\u00e1 v\u010faka rodine Kolen\u010d\u00edkovej za upratanie kostola po pr\u00e1cach po v\u00fdmene parapiet v kostole v Pal\u00fadzke.<\/li>\n<li>o upratovanie kostola pros\u00edm rodiny Kostoln\u00fa, Dia\u010dikov\u00fa, Korman\u00edkov\u00fa a S\u00e1lusov\u00fa. P\u00e1n Boh zapla\u0165 za slu\u017ebu.<\/li>\n<\/ul>\n","protected":false},"excerpt":{"rendered":"<p>De\u0148 \u010cas Liturgick\u00fd kalend\u00e1r \u00damysel O\u010dak\u00e1vame Nede\u013ea 26.3. 7:00 8:15 9:45 5. p\u00f4stna nede\u013ea za zdravie a Bo\u017eie po\u017eehnanie pre Bo\u017eenu Bodice: na \u00famysel Za 70 ro\u010dn\u00fa jubilantku Seraf\u00ednu Kr\u00ed\u017eov\u00e1 cesta o 14:00 Zbierka na pomoc prenasledovan\u00fdm kres\u0165anom a vojnov\u00fdm ute\u010dencom Pondelok 27.3. 18:00 Pondelok po 5. p\u00f4stnej nedeli + Jozef a Viliam Utorok 28.3. [&hellip;]<\/p>\n","protected":false},"author":1,"featured_media":0,"comment_status":"closed","ping_status":"closed","sticky":false,"template":"","format":"standard","meta":{"_links_to":"","_links_to_target":""},"categories":[4,19],"tags":[],"_links":{"self":[{"href":"http:\/\/www.paludzka.fara.sk\/index.php?rest_route=\/wp\/v2\/posts\/2206"}],"collection":[{"href":"http:\/\/www.paludzka.fara.sk\/index.php?rest_route=\/wp\/v2\/posts"}],"about":[{"href":"http:\/\/www.paludzka.fara.sk\/index.php?rest_route=\/wp\/v2\/types\/post"}],"author":[{"embeddable":true,"href":"http:\/\/www.paludzka.fara.sk\/index.php?rest_route=\/wp\/v2\/users\/1"}],"replies":[{"embeddable":true,"href":"http:\/\/www.paludzka.fara.sk\/index.php?rest_route=%2Fwp%2Fv2%2Fcomments&post=2206"}],"version-history":[{"count":2,"href":"http:\/\/www.paludzka.fara.sk\/index.php?rest_route=\/wp\/v2\/posts\/2206\/revisions"}],"predecessor-version":[{"id":2208,"href":"http:\/\/www.paludzka.fara.sk\/index.php?rest_route=\/wp\/v2\/posts\/2206\/revisions\/2208"}],"wp:attachment":[{"href":"http:\/\/www.paludzka.fara.sk\/index.php?rest_route=%2Fwp%2Fv2%2Fmedia&parent=2206"}],"wp:term":[{"taxonomy":"category","embeddable":true,"href":"http:\/\/www.paludzka.fara.sk\/index.php?rest_route=%2Fwp%2Fv2%2Fcategories&post=2206"},{"taxonomy":"post_tag","embeddable":true,"href":"http:\/\/www.paludzka.fara.sk\/index.php?rest_route=%2Fwp%2Fv2%2Ftags&post=2206"}],"curies":[{"name":"wp","href":"https:\/\/api.w.org\/{rel}","templated":true}]}}