
{"id":2186,"date":"2023-03-19T00:00:11","date_gmt":"2023-03-18T23:00:11","guid":{"rendered":"http:\/\/www.paludzka.fara.sk\/?p=2186"},"modified":"2023-03-19T16:06:54","modified_gmt":"2023-03-19T15:06:54","slug":"farske-oznamy-19-3-26-3-2023","status":"publish","type":"post","link":"http:\/\/www.paludzka.fara.sk\/?p=2186","title":{"rendered":"Farsk\u00e9 oznamy 19.3.-26.3.2023"},"content":{"rendered":"<div class=\"table-responsive\">\n<table class=\"table table-bordered\">\n<thead>\n<tr>\n<th style=\"text-align: center;\">De\u0148<\/th>\n<th style=\"text-align: center;\">\u010cas<\/th>\n<th style=\"text-align: center;\">Liturgick\u00fd kalend\u00e1r<\/th>\n<th style=\"text-align: center;\">\u00damysel<\/th>\n<th style=\"text-align: center;\">O\u010dak\u00e1vame<\/th>\n<\/tr>\n<\/thead>\n<tbody>\n<tr>\n<td style=\"text-align: center;\"><strong>Nede\u013ea 19.3.<\/strong><\/td>\n<td style=\"text-align: center;\">7:00<\/p>\n<p><span style=\"color: #000000;\"><strong>8:15<\/strong><\/span><\/p>\n<p><span style=\"color: #000000;\">9:45<\/span><\/td>\n<td style=\"text-align: center;\"><span style=\"color: #ff99cc;\"><strong>4. p\u00f4stna nede\u013ea<\/strong><\/span><\/p>\n<p><span style=\"color: #ff99cc;\"><b>Nede\u013ea radosti (Laetare)<\/b><\/span><\/td>\n<td style=\"text-align: center;\">na \u00famysel ordin\u00e1ra<\/p>\n<p><strong>Bodice:<\/strong> na \u00famysel<\/p>\n<p>za veriacich<\/td>\n<td style=\"text-align: center;\">Kr\u00ed\u017eov\u00e1 cesta o 14:00 &#8211; mu\u017ei<\/p>\n<p><strong>Zbierka na kostol<\/strong><\/td>\n<\/tr>\n<tr>\n<td style=\"text-align: center;\">Pondelok 20.3.<\/td>\n<td style=\"text-align: center;\">17:00<\/td>\n<td style=\"text-align: center;\"><span style=\"color: #808000;\">Sv\u00e4t\u00e9ho Jozefa, \u017een\u00edcha Panny M\u00e1rie<\/span><\/p>\n<p><span style=\"color: #808000;\">sl\u00e1vnos\u0165<\/span><\/td>\n<td style=\"text-align: center;\">+ Jozef a Jaroslav<\/td>\n<td style=\"text-align: center;\"><\/td>\n<\/tr>\n<tr>\n<td style=\"text-align: center;\">Utorok 21.3.<\/td>\n<td style=\"text-align: center;\">17:00<\/td>\n<td style=\"text-align: center;\"><span style=\"color: #800080;\">Utorok po 4. p\u00f4stnej nedeli<\/span><\/td>\n<td style=\"text-align: center;\">+ Pavol Hol\u00fd, 1. v\u00fdro\u010die<\/td>\n<td style=\"text-align: center;\"><\/td>\n<\/tr>\n<tr>\n<td style=\"text-align: center;\">Streda 22.3.<\/td>\n<td style=\"text-align: center;\"><span style=\"color: #000000;\">7:00<\/span><\/td>\n<td style=\"text-align: center;\"><span style=\"color: #800080;\">Streda po 4. p\u00f4stnej nedeli<\/span><\/td>\n<td style=\"text-align: center;\">+ rodi\u010dia a star\u00ed rodi\u010dia Stanislava a Moniky<\/td>\n<td style=\"text-align: center;\"><\/td>\n<\/tr>\n<tr>\n<td style=\"text-align: center;\">\u0160tvrtok 23.3.<\/td>\n<td style=\"text-align: center;\"><span style=\"color: #000000;\">17:00<\/span><\/td>\n<td style=\"text-align: center;\"><span style=\"color: #800080;\">\u0160tvrtok po 4. p\u00f4stnej nedeli<\/span><\/td>\n<td style=\"text-align: center;\">za po\u017eehnanie Michaely a Martiny<\/td>\n<td style=\"text-align: center;\">Ador\u00e1cia od 16:30<\/td>\n<\/tr>\n<tr>\n<td style=\"text-align: center;\">Piatok 24.3.<\/td>\n<td style=\"text-align: center;\"><span style=\"color: #000000;\">17:00<\/span><\/td>\n<td style=\"text-align: center;\"><span style=\"color: #800080;\">Piatok po 4. p\u00f4stnej nedeli<\/span><\/p>\n<p><span style=\"color: #808000;\">Sv\u00e4t\u00e1 om\u0161a z nasleduj\u00facej sl\u00e1vnosti<\/span><\/td>\n<td style=\"text-align: center;\">+ Pavol a rodi\u010dia<\/td>\n<td style=\"text-align: center;\">Kr\u00ed\u017eov\u00e1 cesta o 17:00 &#8211; deti<\/td>\n<\/tr>\n<tr>\n<td style=\"text-align: center;\">Sobota 25.3.<\/td>\n<td style=\"text-align: center;\"><span style=\"color: #000000;\">8:00<\/span><\/td>\n<td style=\"text-align: center;\"><span style=\"color: #808000;\">Zvestovanie P\u00e1na<\/span><\/p>\n<p><span style=\"color: #808000;\">sl\u00e1vnos\u0165<\/span><\/td>\n<td style=\"text-align: center;\">+ Jozef\u00edna, \u0160tefan a Anna<\/td>\n<td style=\"text-align: center;\"><\/td>\n<\/tr>\n<tr>\n<td style=\"text-align: center;\"><strong>Nede\u013ea 26.3.<\/strong><\/td>\n<td style=\"text-align: center;\">7:00<\/p>\n<p><span style=\"color: #000000;\"><strong>8:15<\/strong><\/span><\/p>\n<p><span style=\"color: #000000;\">9:45<\/span><\/td>\n<td style=\"text-align: center;\"><span style=\"color: #800080;\"><strong>5. p\u00f4stna nede\u013ea<\/strong><\/span><\/td>\n<td style=\"text-align: center;\">za zdravie a Bo\u017eie po\u017eehnanie pre Bo\u017eenu<\/p>\n<p><span style=\"font-family: inherit; font-size: inherit;\"><strong>Bodice:<\/strong> na \u00famysel<\/span><\/p>\n<p>za veriacich<\/td>\n<td style=\"text-align: center;\">Kr\u00ed\u017eov\u00e1 cesta o 14:00<\/p>\n<p><em>Zbierka na pomoc prenasledovan\u00fdm<\/em><br \/>\n<em>kres\u0165anom a vojnov\u00fdm ute\u010dencom<\/em><\/td>\n<\/tr>\n<\/tbody>\n<\/table>\n<\/div>\n<ul>\n<li>na bud\u00faci t\u00fd\u017ede\u0148 sa v noci z 25. na 26. marca men\u00ed \u010das o hodinu dopredu.<\/li>\n<li>Bohuzn\u00e1me rodiny zo Zuberca na ma\u013eovanie kostola obetovali 100 a 500 \u20ac. P\u00e1n Boh zapla\u0165.<\/li>\n<li>Dnes je zbierka na kostol. V\u0161etk\u00fdm darcom vopred P\u00e1n Boh zapla\u0165. Po Ve\u013ekej noci pl\u00e1nujeme za\u010da\u0165 s ma\u013eovan\u00edm sv\u00e4tyne farsk\u00e9ho kostola v Pal\u00fadzke.<\/li>\n<li>na bud\u00facu nede\u013eu bude zbierka na pomoc prenasledovan\u00fd kres\u0165anom a vojnov\u00fdm ute\u010dencom.<\/li>\n<li>za ak\u00fako\u013evek pomoc pre na\u0161u farnos\u0165 P\u00e1n Boh zapla\u0165.<\/li>\n<li>o upratovanie kostola pros\u00edm rodiny Kolen\u010d\u00edkov\u00e1, Kov\u00e1\u010dov\u00e1, Slafkovsk\u00e1 a Ko\u0161\u00fatov\u00e1. P\u00e1n Boh zapla\u0165 za slu\u017ebu.<\/li>\n<\/ul>\n","protected":false},"excerpt":{"rendered":"<p>De\u0148 \u010cas Liturgick\u00fd kalend\u00e1r \u00damysel O\u010dak\u00e1vame Nede\u013ea 19.3. 7:00 8:15 9:45 4. p\u00f4stna nede\u013ea Nede\u013ea radosti (Laetare) na \u00famysel ordin\u00e1ra Bodice: na \u00famysel za veriacich Kr\u00ed\u017eov\u00e1 cesta o 14:00 &#8211; mu\u017ei Zbierka na kostol Pondelok 20.3. 17:00 Sv\u00e4t\u00e9ho Jozefa, \u017een\u00edcha Panny M\u00e1rie sl\u00e1vnos\u0165 + Jozef a Jaroslav Utorok 21.3. 17:00 Utorok po 4. p\u00f4stnej nedeli [&hellip;]<\/p>\n","protected":false},"author":1,"featured_media":0,"comment_status":"closed","ping_status":"closed","sticky":false,"template":"","format":"standard","meta":{"_links_to":"","_links_to_target":""},"categories":[4,19],"tags":[],"_links":{"self":[{"href":"http:\/\/www.paludzka.fara.sk\/index.php?rest_route=\/wp\/v2\/posts\/2186"}],"collection":[{"href":"http:\/\/www.paludzka.fara.sk\/index.php?rest_route=\/wp\/v2\/posts"}],"about":[{"href":"http:\/\/www.paludzka.fara.sk\/index.php?rest_route=\/wp\/v2\/types\/post"}],"author":[{"embeddable":true,"href":"http:\/\/www.paludzka.fara.sk\/index.php?rest_route=\/wp\/v2\/users\/1"}],"replies":[{"embeddable":true,"href":"http:\/\/www.paludzka.fara.sk\/index.php?rest_route=%2Fwp%2Fv2%2Fcomments&post=2186"}],"version-history":[{"count":1,"href":"http:\/\/www.paludzka.fara.sk\/index.php?rest_route=\/wp\/v2\/posts\/2186\/revisions"}],"predecessor-version":[{"id":2188,"href":"http:\/\/www.paludzka.fara.sk\/index.php?rest_route=\/wp\/v2\/posts\/2186\/revisions\/2188"}],"wp:attachment":[{"href":"http:\/\/www.paludzka.fara.sk\/index.php?rest_route=%2Fwp%2Fv2%2Fmedia&parent=2186"}],"wp:term":[{"taxonomy":"category","embeddable":true,"href":"http:\/\/www.paludzka.fara.sk\/index.php?rest_route=%2Fwp%2Fv2%2Fcategories&post=2186"},{"taxonomy":"post_tag","embeddable":true,"href":"http:\/\/www.paludzka.fara.sk\/index.php?rest_route=%2Fwp%2Fv2%2Ftags&post=2186"}],"curies":[{"name":"wp","href":"https:\/\/api.w.org\/{rel}","templated":true}]}}