
{"id":2104,"date":"2023-03-05T00:00:37","date_gmt":"2023-03-04T23:00:37","guid":{"rendered":"http:\/\/www.paludzka.fara.sk\/?p=2104"},"modified":"2023-03-04T18:34:46","modified_gmt":"2023-03-04T17:34:46","slug":"farske-oznamy-5-3-12-3-2023","status":"publish","type":"post","link":"http:\/\/www.paludzka.fara.sk\/?p=2104","title":{"rendered":"Farsk\u00e9 oznamy 5.3.-12.3.2023"},"content":{"rendered":"<div class=\"table-responsive\">\n<table class=\"table table-bordered\">\n<thead>\n<tr>\n<th style=\"text-align: center;\">De\u0148<\/th>\n<th style=\"text-align: center;\">\u010cas<\/th>\n<th style=\"text-align: center;\">Liturgick\u00fd kalend\u00e1r<\/th>\n<th style=\"text-align: center;\">\u00damysel<\/th>\n<th style=\"text-align: center;\">O\u010dak\u00e1vame<\/th>\n<\/tr>\n<\/thead>\n<tbody>\n<tr>\n<td style=\"text-align: center;\"><strong>Nede\u013ea 5.3.<\/strong><\/td>\n<td style=\"text-align: center;\">7:00<\/p>\n<p><span style=\"color: #000000;\"><strong>8:15<\/strong><\/span><\/p>\n<p><span style=\"color: #000000;\">9:45<\/span><\/td>\n<td style=\"text-align: center;\"><span style=\"color: #800080;\"><strong>2. p\u00f4stna nede\u013ea<\/strong><\/span><\/td>\n<td style=\"text-align: center;\">za veriacich<\/p>\n<p><strong>Bodice:<\/strong> na \u00famysel<\/p>\n<p>za zdravie man\u017eela<\/td>\n<td style=\"text-align: center;\">Kr\u00ed\u017eov\u00e1 cesta o 14:00 &#8211; seniori<\/td>\n<\/tr>\n<tr>\n<td style=\"text-align: center;\">Pondelok 6.3.<\/td>\n<td style=\"text-align: center;\">17:00<\/td>\n<td style=\"text-align: center;\"><span style=\"color: #800080;\">Pondelok po 2. p\u00f4stnej nedeli<\/span><\/td>\n<td style=\"text-align: center;\">+ J\u00e1n Jan\u010dula<\/td>\n<td style=\"text-align: center;\"><\/td>\n<\/tr>\n<tr>\n<td style=\"text-align: center;\">Utorok 7.3.<\/td>\n<td style=\"text-align: center;\">17:00<\/td>\n<td style=\"text-align: center;\"><span style=\"color: #800080;\">Utorok po 2. p\u00f4stnej nedeli<\/span><\/td>\n<td style=\"text-align: center;\">za rodinu<\/td>\n<td style=\"text-align: center;\"><\/td>\n<\/tr>\n<tr>\n<td style=\"text-align: center;\">Streda 8.3.<\/td>\n<td style=\"text-align: center;\"><span style=\"color: #000000;\">7:00<\/span><\/td>\n<td style=\"text-align: center;\"><span style=\"color: #800080;\">Streda po 2. p\u00f4stnej nedeli<\/span><\/td>\n<td style=\"text-align: center;\">+ Franti\u0161ek<\/td>\n<td style=\"text-align: center;\"><\/td>\n<\/tr>\n<tr>\n<td style=\"text-align: center;\">\u0160tvrtok 9.3.<\/td>\n<td style=\"text-align: center;\"><span style=\"color: #000000;\">17:00<\/span><\/td>\n<td style=\"text-align: center;\"><span style=\"color: #800080;\">\u0160tvrtok po 2. p\u00f4stnej nedeli<\/span><\/td>\n<td style=\"text-align: center;\">+ Ernest a M\u00e1ria<\/td>\n<td style=\"text-align: center;\">Ador\u00e1cia od 16:30<\/td>\n<\/tr>\n<tr>\n<td style=\"text-align: center;\">Piatok 10.3.<\/td>\n<td style=\"text-align: center;\"><span style=\"color: #000000;\">17:00<\/span><\/td>\n<td style=\"text-align: center;\"><span style=\"color: #800080;\">Piatok po 2. p\u00f4stnej nedeli<\/span><\/td>\n<td style=\"text-align: center;\">za rodinu Martina a Veroniky<\/td>\n<td style=\"text-align: center;\"><em>Kr\u00ed\u017eov\u00e1 cesta o 17:00 &#8211; deti<\/em><\/p>\n<p><em>po sv. om\u0161i stretko det\u00ed na fare<\/em><\/p>\n<p>po sv. om\u0161i stretnutie hospod\u00e1rskej rady farnosti<\/td>\n<\/tr>\n<tr>\n<td style=\"text-align: center;\">Sobota 11.3.<\/td>\n<td style=\"text-align: center;\"><span style=\"color: #000000;\">8:00<\/span><\/td>\n<td style=\"text-align: center;\"><span style=\"color: #800080;\">Sobota po 2. p\u00f4stnej nedeli<\/span><\/td>\n<td style=\"text-align: center;\">+ Kliment, Helena, Alojz a Irena<\/td>\n<td style=\"text-align: center;\"><\/td>\n<\/tr>\n<tr>\n<td style=\"text-align: center;\"><strong>Nede\u013ea 12.3.<\/strong><\/td>\n<td style=\"text-align: center;\">7:00<\/p>\n<p><span style=\"color: #000000;\"><strong>8:15<\/strong><\/span><\/p>\n<p><span style=\"color: #000000;\">9:45<\/span><\/td>\n<td style=\"text-align: center;\"><span style=\"color: #800080;\"><strong>3. p\u00f4stna nede\u013ea<\/strong><\/span><\/td>\n<td style=\"text-align: center;\">za zdravie a Bo\u017eie po\u017eehnanie pre Editu<\/p>\n<p><span style=\"font-family: inherit; font-size: inherit;\"><strong>Bodice:<\/strong> na \u00famysel<\/span><\/p>\n<p>za veriacich<\/td>\n<td style=\"text-align: center;\">Kr\u00ed\u017eov\u00e1 cesta o 14:00 &#8211; \u017eeny<\/td>\n<\/tr>\n<\/tbody>\n<\/table>\n<\/div>\n<ul>\n<li>sviatos\u0165 zmierenia je mo\u017en\u00e9 prija\u0165 pol hodinu pre sv. om\u0161ami.<\/li>\n<li>v piatok 10.3.2023 poz\u00fdvame deti na detsk\u00e9 stretko \u2013 zrnko, ktor\u00e9 bude po sv. om\u0161i na fare.<\/li>\n<li>poz\u00fdvame v\u00e1s na otvoren\u00e9 stretnutie spolo\u010denstva mlad\u00fdch a rod\u00edn 8.3. (streda) o 18:00 v Katol\u00edckom dome v Liptovskom Mikul\u00e1\u0161i. M\u00f4\u017eete sa te\u0161i\u0165 na spolo\u010dn\u00fa modlitbu chv\u00e1l, predn\u00e1\u0161ku otca \u013dubo\u0161a La\u0161kotyho a agap\u00e9.<\/li>\n<li>v zbierke na charitu sme prispeli 355 \u20ac. V\u0161etk\u00fdm darcom P\u00e1n Boh zapla\u0165.<\/li>\n<li>Bohuzn\u00e1ma na kostol v Bodiciach obetovala 100 \u20ac. P\u00e1n Boh zapla\u0165.<\/li>\n<li>Bohuzn\u00e1mi na ma\u013eovanie kostola obetovali 40, 50 a 100 \u20ac. P\u00e1n Boh zapla\u0165.<\/li>\n<li>o upratovanie kostola pros\u00edm rodiny Hunana, Adam\u010diakov\u00e1 M., Slukov\u00e1, Jurisov\u00e1. P\u00e1n Boh zapla\u0165 za slu\u017ebu.<\/li>\n<\/ul>\n","protected":false},"excerpt":{"rendered":"<p>De\u0148 \u010cas Liturgick\u00fd kalend\u00e1r \u00damysel O\u010dak\u00e1vame Nede\u013ea 5.3. 7:00 8:15 9:45 2. p\u00f4stna nede\u013ea za veriacich Bodice: na \u00famysel za zdravie man\u017eela Kr\u00ed\u017eov\u00e1 cesta o 14:00 &#8211; seniori Pondelok 6.3. 17:00 Pondelok po 2. p\u00f4stnej nedeli + J\u00e1n Jan\u010dula Utorok 7.3. 17:00 Utorok po 2. p\u00f4stnej nedeli za rodinu Streda 8.3. 7:00 Streda po 2. [&hellip;]<\/p>\n","protected":false},"author":1,"featured_media":0,"comment_status":"closed","ping_status":"closed","sticky":false,"template":"","format":"standard","meta":{"_links_to":"","_links_to_target":""},"categories":[4,19],"tags":[],"_links":{"self":[{"href":"http:\/\/www.paludzka.fara.sk\/index.php?rest_route=\/wp\/v2\/posts\/2104"}],"collection":[{"href":"http:\/\/www.paludzka.fara.sk\/index.php?rest_route=\/wp\/v2\/posts"}],"about":[{"href":"http:\/\/www.paludzka.fara.sk\/index.php?rest_route=\/wp\/v2\/types\/post"}],"author":[{"embeddable":true,"href":"http:\/\/www.paludzka.fara.sk\/index.php?rest_route=\/wp\/v2\/users\/1"}],"replies":[{"embeddable":true,"href":"http:\/\/www.paludzka.fara.sk\/index.php?rest_route=%2Fwp%2Fv2%2Fcomments&post=2104"}],"version-history":[{"count":1,"href":"http:\/\/www.paludzka.fara.sk\/index.php?rest_route=\/wp\/v2\/posts\/2104\/revisions"}],"predecessor-version":[{"id":2105,"href":"http:\/\/www.paludzka.fara.sk\/index.php?rest_route=\/wp\/v2\/posts\/2104\/revisions\/2105"}],"wp:attachment":[{"href":"http:\/\/www.paludzka.fara.sk\/index.php?rest_route=%2Fwp%2Fv2%2Fmedia&parent=2104"}],"wp:term":[{"taxonomy":"category","embeddable":true,"href":"http:\/\/www.paludzka.fara.sk\/index.php?rest_route=%2Fwp%2Fv2%2Fcategories&post=2104"},{"taxonomy":"post_tag","embeddable":true,"href":"http:\/\/www.paludzka.fara.sk\/index.php?rest_route=%2Fwp%2Fv2%2Ftags&post=2104"}],"curies":[{"name":"wp","href":"https:\/\/api.w.org\/{rel}","templated":true}]}}