
{"id":209,"date":"2017-10-28T18:00:11","date_gmt":"2017-10-28T16:00:11","guid":{"rendered":"http:\/\/www.paludzka.fara.sk\/?p=209"},"modified":"2017-10-30T20:34:08","modified_gmt":"2017-10-30T19:34:08","slug":"farske-oznamy-29-10-5-11-2017","status":"publish","type":"post","link":"http:\/\/www.paludzka.fara.sk\/?p=209","title":{"rendered":"Farsk\u00e9 oznamy 29.10.-5.11.2017"},"content":{"rendered":"<h3 style=\"text-align: center;\">Liturgick\u00fd preh\u013ead a program bohoslu\u017eieb na t\u00fd\u017ede\u0148 29.10. &#8211; 5.11. 2017<\/h3>\n<p><strong>Oznamy pre farsk\u00fd kostol:<\/strong><\/p>\n<div class=\"table-responsive\">\n<table class=\"table table-bordered\">\n<thead>\n<tr>\n<th style=\"text-align: center;\">d\u00e1tum<\/th>\n<th style=\"text-align: center;\">sv. om\u0161a<\/th>\n<th style=\"text-align: center;\">liturgick\u00fd de\u0148<\/th>\n<th style=\"text-align: center;\">\u00famysel<\/th>\n<\/tr>\n<\/thead>\n<tbody>\n<tr>\n<td style=\"text-align: center;\"><strong>Nede\u013ea 29.10.<\/strong><\/td>\n<td style=\"text-align: center;\"><strong>9:30<\/strong><\/td>\n<td style=\"text-align: center;\"><strong>30. nede\u013ea v Cezro\u010dnom obdob\u00ed<\/strong><\/td>\n<td style=\"text-align: center;\"><strong>za farnos\u0165<\/strong><\/td>\n<\/tr>\n<tr>\n<td style=\"text-align: center;\">Pondelok 30.10.<\/td>\n<td style=\"text-align: center;\">18:00<\/td>\n<td style=\"text-align: center;\"><em>Vot\u00edvna sv. om\u0161a k \u00facte sv. Valent\u00edna<\/em><\/td>\n<td style=\"text-align: center;\">+<\/td>\n<\/tr>\n<tr>\n<td style=\"text-align: center;\">Utorok 31.10.<\/td>\n<td style=\"text-align: center;\">18:00<\/td>\n<td style=\"text-align: center;\"><em>Vot\u00edvna sv. om\u0161a k \u00facte sv. Martina<\/em><\/td>\n<td style=\"text-align: center;\">+<\/td>\n<\/tr>\n<tr>\n<td style=\"text-align: center;\">Streda 1.11.<\/td>\n<td style=\"text-align: center;\">9:30<\/td>\n<td style=\"text-align: center;\"><strong>V\u0161ech sv\u00e4t\u00fdch &#8211; prik\u00e1zan\u00fd sviatok<\/strong><\/td>\n<td style=\"text-align: center;\">+<\/td>\n<\/tr>\n<tr>\n<td style=\"text-align: center;\">\u0160tvrtok 2.11.<\/td>\n<td style=\"text-align: center;\">18:00<\/td>\n<td style=\"text-align: center;\">V\u0161etk\u00fdch vern\u00fdch zosnul\u00fdch<\/td>\n<td style=\"text-align: center;\">+<\/td>\n<\/tr>\n<tr>\n<td style=\"text-align: center;\">Piatok 3.11.<\/td>\n<td style=\"text-align: center;\">18:00<\/td>\n<td style=\"text-align: center;\">Piatok 30. t\u00fd\u017ed\u0148a v Cezro\u010dnom obdob\u00ed<\/td>\n<td style=\"text-align: center;\">+<\/td>\n<\/tr>\n<tr>\n<td style=\"text-align: center;\">Sobota 4.11.<\/td>\n<td style=\"text-align: center;\">8:00<\/td>\n<td style=\"text-align: center;\">Sv\u00e4t\u00e9ho Karola Boromejsk\u00e9ho, biskupa<\/td>\n<td style=\"text-align: center;\">+<\/td>\n<\/tr>\n<tr>\n<td style=\"text-align: center;\"><strong>Nede\u013ea 5.11.<\/strong><\/td>\n<td style=\"text-align: center;\"><strong>9:30<\/strong><\/td>\n<td style=\"text-align: center;\"><strong>31. nede\u013ea v Cezro\u010dnom obdob\u00ed<\/strong><\/td>\n<td style=\"text-align: center;\"><strong>za farnos\u0165<\/strong><\/td>\n<\/tr>\n<\/tbody>\n<\/table>\n<\/div>\n<p><strong>Oznamy pre fili\u00e1lku Bodice:<\/strong><\/p>\n<div class=\"table-responsive\">\n<table class=\"table table-bordered\">\n<thead>\n<tr style=\"height: 24px;\">\n<th style=\"text-align: center; height: 24px;\">d\u00e1tum<\/th>\n<th style=\"text-align: center; height: 24px;\">sv. om\u0161a<\/th>\n<th style=\"text-align: center; height: 24px;\">liturgick\u00fd de\u0148<\/th>\n<\/tr>\n<\/thead>\n<tbody>\n<tr style=\"height: 24px;\">\n<td style=\"text-align: center; height: 24px;\"><strong>Nede\u013ea 22.10.<\/strong><\/td>\n<td style=\"text-align: center; height: 24px;\"><strong>8:00<\/strong><\/td>\n<td style=\"text-align: center; height: 24px;\"><strong>30. nede\u013ea v Cezro\u010dnom obdob\u00ed<\/strong><\/td>\n<\/tr>\n<tr style=\"height: 24px;\">\n<td style=\"text-align: center; height: 24px;\">Streda 1.11.<\/td>\n<td style=\"text-align: center; height: 24px;\">8:00<\/td>\n<td style=\"text-align: center; height: 24px;\"><strong>V\u0161ech sv\u00e4t\u00fdch &#8211; prik\u00e1zan\u00fd sviatok<\/strong><\/td>\n<\/tr>\n<tr style=\"height: 24px;\">\n<td style=\"text-align: center; height: 24px;\">Piatok 3.11.<\/td>\n<td style=\"text-align: center; height: 24px;\">17:00<\/td>\n<td style=\"text-align: center; height: 24px;\">Piatok 30. t\u00fd\u017ed\u0148a v Cezro\u010dnom obdob\u00ed<\/td>\n<\/tr>\n<tr style=\"height: 24px;\">\n<td style=\"text-align: center; height: 24px;\"><strong>Nede\u013ea 5.11.<\/strong><\/td>\n<td style=\"text-align: center; height: 24px;\"><strong>8:00<\/strong><\/td>\n<td style=\"text-align: center; height: 24px;\"><strong>31. nede\u013ea v Cezro\u010dnom obdob\u00ed<\/strong><\/td>\n<\/tr>\n<\/tbody>\n<\/table>\n<\/div>\n<p><strong>Oznamy pre kaplnku v nemocnici:<\/strong><\/p>\n<div class=\"table-responsive\">\n<table class=\"table table-bordered\">\n<thead>\n<tr>\n<th style=\"text-align: center;\">d\u00e1tum<\/th>\n<th style=\"text-align: center;\">sv. om\u0161a<\/th>\n<th style=\"text-align: center;\">liturgick\u00fd de\u0148<\/th>\n<\/tr>\n<\/thead>\n<tbody>\n<tr>\n<td style=\"text-align: center;\"><strong>Nede\u013ea 22.10.<\/strong><\/td>\n<td style=\"text-align: center;\"><strong>11:00<\/strong><\/td>\n<td style=\"text-align: center;\"><strong>30. nede\u013ea v Cezro\u010dnom obdob\u00ed<\/strong><\/td>\n<\/tr>\n<tr>\n<td style=\"text-align: center;\"><strong>Nede\u013ea 5.11.<\/strong><\/td>\n<td style=\"text-align: center;\"><b>11:00<\/b><\/td>\n<td style=\"text-align: center;\"><strong>31. nede\u013ea v Cezro\u010dnom obdob\u00ed<\/strong><\/td>\n<\/tr>\n<\/tbody>\n<\/table>\n<\/div>\n<p><strong>V\u0161eobecn\u00e9 oznamy:<\/strong><\/p>\n<ul>\n<li>Po\u010das cel\u00e9ho mesiaca okt\u00f3ber sa pred ka\u017edou ve\u010dernou sv. om\u0161ou modl\u00edme spolo\u010dne sv. ru\u017eenec, v\u017edy 15 min\u00fat pred za\u010diatkom sv. om\u0161e.<\/li>\n<li>Spevokol det\u00ed bude ma\u0165 n\u00e1cvik v piatok po skon\u010den\u00ed sv. om\u0161e<\/li>\n<li>Na\u0161a farnos\u0165 m\u00e1 do stredy 1.11. zapo\u017ei\u010dan\u00e9 relikvie sv. Martina a \u010fal\u0161\u00edch sv\u00e4t\u00fdch v relikvi\u00e1ri zo Spi\u0161skej Kapituly. Z tohto d\u00f4vodu sa vo farnosti sl\u00fa\u017eia aj vot\u00edvne sv. om\u0161e k \u00facte sv\u00e4t\u00fdm.<\/li>\n<li>V stredu 1.11. o 14:00 bude pobo\u017enos\u0165 k V\u0161etk\u00fdm sv\u00e4t\u00fdm, kde sa budeme modli\u0165 aj za du\u0161e na\u0161ich vern\u00fdch zosnul\u00fdch, pomodl\u00edme sa v krypte kostola. Po pobo\u017enosti bud\u00fa relikvie vr\u00e1ten\u00e9 do Spi\u0161skej Kapituly.<\/li>\n<li>Po\u010das t\u00fd\u017ed\u0148a od 1.11. do 8.11. je mo\u017en\u00e9 z\u00edska\u0165 ka\u017ed\u00fd de\u0148 \u00fapln\u00e9 odpustky pre du\u0161e v o\u010distci. Podmienkami na ich z\u00edskanie s\u00fa sv. spove\u010f v kr\u00e1tkom \u010dase pred alebo po, sv. prij\u00edmanie, modlitba na \u00famysel sv. Otca, n\u00e1v\u0161teva cintor\u00edna a modlitba za du\u0161e v o\u010distci. Z\u00e1rove\u0148 je potrebn\u00e9 vyl\u00fa\u010di\u0165 ak\u00fako\u013evek prip\u00fatanos\u0165 ku hriechu, aj v\u0161edn\u00e9mu. T\u00ed, ktor\u00ed z ur\u010dit\u00fdch d\u00f4vodov (napr. zdravotn\u00fdch) nem\u00f4\u017eu nav\u0161t\u00edvi\u0165 cintor\u00edn, sa m\u00f4\u017eu pr\u00eds\u0165 pomodli\u0165 do kostola (pr\u00edpadne priamo do krypty pod kostolom).<\/li>\n<li>Tento t\u00fd\u017ede\u0148 je prv\u00fd piatok v mesiaci. Sv. spove\u010f bude ude\u013eovan\u00e1 v pondelok a utorok 17:00 &#8211; 17:45, v piatok 14:00 &#8211; 16:00. V Bodiciach v piatok pred sv. om\u0161ou.<\/li>\n<\/ul>\n","protected":false},"excerpt":{"rendered":"<p>Liturgick\u00fd preh\u013ead a program bohoslu\u017eieb na t\u00fd\u017ede\u0148 29.10. &#8211; 5.11. 2017 Oznamy pre farsk\u00fd kostol: d\u00e1tum sv. om\u0161a liturgick\u00fd de\u0148 \u00famysel Nede\u013ea 29.10. 9:30 30. nede\u013ea v Cezro\u010dnom obdob\u00ed za farnos\u0165 Pondelok 30.10. 18:00 Vot\u00edvna sv. om\u0161a k \u00facte sv. Valent\u00edna + Utorok 31.10. 18:00 Vot\u00edvna sv. om\u0161a k \u00facte sv. Martina + Streda 1.11. [&hellip;]<\/p>\n","protected":false},"author":1,"featured_media":0,"comment_status":"open","ping_status":"open","sticky":false,"template":"","format":"standard","meta":{"_links_to":"","_links_to_target":""},"categories":[4,19],"tags":[],"_links":{"self":[{"href":"http:\/\/www.paludzka.fara.sk\/index.php?rest_route=\/wp\/v2\/posts\/209"}],"collection":[{"href":"http:\/\/www.paludzka.fara.sk\/index.php?rest_route=\/wp\/v2\/posts"}],"about":[{"href":"http:\/\/www.paludzka.fara.sk\/index.php?rest_route=\/wp\/v2\/types\/post"}],"author":[{"embeddable":true,"href":"http:\/\/www.paludzka.fara.sk\/index.php?rest_route=\/wp\/v2\/users\/1"}],"replies":[{"embeddable":true,"href":"http:\/\/www.paludzka.fara.sk\/index.php?rest_route=%2Fwp%2Fv2%2Fcomments&post=209"}],"version-history":[{"count":1,"href":"http:\/\/www.paludzka.fara.sk\/index.php?rest_route=\/wp\/v2\/posts\/209\/revisions"}],"predecessor-version":[{"id":210,"href":"http:\/\/www.paludzka.fara.sk\/index.php?rest_route=\/wp\/v2\/posts\/209\/revisions\/210"}],"wp:attachment":[{"href":"http:\/\/www.paludzka.fara.sk\/index.php?rest_route=%2Fwp%2Fv2%2Fmedia&parent=209"}],"wp:term":[{"taxonomy":"category","embeddable":true,"href":"http:\/\/www.paludzka.fara.sk\/index.php?rest_route=%2Fwp%2Fv2%2Fcategories&post=209"},{"taxonomy":"post_tag","embeddable":true,"href":"http:\/\/www.paludzka.fara.sk\/index.php?rest_route=%2Fwp%2Fv2%2Ftags&post=209"}],"curies":[{"name":"wp","href":"https:\/\/api.w.org\/{rel}","templated":true}]}}