
{"id":20,"date":"2017-06-01T00:00:49","date_gmt":"2017-05-31T22:00:49","guid":{"rendered":"http:\/\/www.paludzka.fara.sk\/?p=20"},"modified":"2024-05-24T20:45:52","modified_gmt":"2024-05-24T18:45:52","slug":"knazi","status":"publish","type":"post","link":"http:\/\/www.paludzka.fara.sk\/?p=20","title":{"rendered":"K\u0148azi"},"content":{"rendered":"<p style=\"text-align: center;\"><strong>Aktu\u00e1lny k\u0148az v Pal\u00fadzke<\/strong><\/p>\n<div class=\"table-responsive\">\n<table class=\"aligncenter\" style=\"margin: 0px auto;\" border=\"1\">\n<tbody>\n<tr>\n<td style=\"text-align: center;\" rowspan=\"4\"><strong><img decoding=\"async\" class=\"responsive\" src=\"http:\/\/www.paludzka.fara.sk\/wp-content\/uploads\/2017\/06\/anonymous.jpg\" alt=\"\" \/><\/strong><\/td>\n<td width=\"60%\"><strong> Mgr. Vladim\u00edr Bolibruch<\/strong><\/td>\n<\/tr>\n<tr>\n<td>naroden\u00fd 8.9.1977<\/td>\n<\/tr>\n<tr>\n<td>ordinovan\u00fd 19.6.2004<\/td>\n<\/tr>\n<tr>\n<td>predch\u00e1dzaj\u00face p\u00f4sobenie:<\/p>\n<ul>\n<li>1.7.2004 kapl\u00e1n v Ru\u017eomberku<\/li>\n<li>1.7.2007 kapl\u00e1n v Levo\u010di<\/li>\n<li>12.7.2012 kapl\u00e1n v Spi\u0161skej Kapitule<\/li>\n<li>8.7.2014 farsk\u00fd administr\u00e1tor v Zuberci<\/li>\n<li>1.7.2020 far\u00e1r v Pal\u00fadzke<\/li>\n<\/ul>\n<\/td>\n<\/tr>\n<\/tbody>\n<\/table>\n<\/div>\n<h2 style=\"text-align: center;\">K\u0148azi v hist\u00f3rii farnost\u00ed Pal\u00fadzka a Bodice<\/h2>\n<h3 style=\"text-align: center;\">Farnos\u0165 Pal\u00fadzka s fili\u00e1lkou Bodice, 1. obdobie<\/h3>\n<p style=\"text-align: center;\"><span style=\"font-size: 12pt;\">1439-1450 &#8211; Peter<\/span><\/p>\n<p style=\"text-align: center;\"><span style=\"font-size: 12pt;\">1540 &#8211; Peter, presbyter<\/span><\/p>\n<p style=\"text-align: center;\"><span style=\"font-size: 12pt;\">1558 &#8211;\u00a0J\u00e1n<\/span><\/p>\n<p style=\"text-align: center;\"><span style=\"font-size: 12pt;\">?-1561\u00a0&#8211; Anton Juraj Palu\u010fai<\/span><\/p>\n<p style=\"text-align: center;\"><span style=\"font-size: 12pt;\">1561-1564\u00a0&#8211; Ga\u0161par<\/span><\/p>\n<p style=\"text-align: center;\"><span style=\"font-size: 12pt;\">1564-1565\u00a0&#8211; Valent\u00edn<\/span><\/p>\n<p style=\"text-align: center;\"><span style=\"font-size: 12pt;\">1580 &#8211; Franti\u0161ek<\/span><\/p>\n<h3 style=\"text-align: center;\">Obdobie reform\u00e1cie &#8211; protestantsk\u00ed kazatelia, 2. obdobie<\/h3>\n<p style=\"text-align: center;\"><span style=\"font-size: 12pt;\">1592 &#8211; Jakub Caban<\/span><\/p>\n<p style=\"text-align: center;\"><span style=\"font-size: 12pt;\">1596-1615 &#8211; \u0160alam\u00fan Melik<\/span><\/p>\n<p style=\"text-align: center;\"><span style=\"font-size: 12pt;\">1616-1620 &#8211; Andrej Krelius<\/span><\/p>\n<p style=\"text-align: center;\"><span style=\"font-size: 12pt;\">1636-1640 &#8211; Andrej Fabi\u00e1nus<\/span><\/p>\n<p style=\"text-align: center;\"><span style=\"font-size: 12pt;\">1640-1647 &#8211; Juraj \u0160m\u00e1l<\/span><\/p>\n<p style=\"text-align: center;\"><span style=\"font-size: 12pt;\">1648-1658 &#8211; J\u00e1n Bartolomeides<\/span><\/p>\n<p style=\"text-align: center;\"><span style=\"font-size: 12pt;\">1659-1667 &#8211; Teodosius Mikliani<\/span><\/p>\n<h3 style=\"text-align: center;\">Farnos\u0165 Bodice s fili\u00e1lkou Pal\u00fadzka, 3. obdobie<\/h3>\n<p style=\"text-align: center;\"><span style=\"font-size: 12pt;\">1677 &#8211; Jakub Kubinsk\u00fd (Kubinszky)<\/span><\/p>\n<p style=\"text-align: center;\"><span style=\"font-size: 12pt;\">1677 &#8211; Juraj Gal\u00f3ci (Gall\u00f3czy)<\/span><\/p>\n<p style=\"text-align: center;\"><span style=\"font-size: 12pt;\">1680 &#8211;\u00a0Anton Palu\u010fai<\/span><\/p>\n<p style=\"text-align: center;\"><span style=\"font-size: 12pt;\">1687-1689 &#8211; Juraj Hedy<\/span><\/p>\n<p style=\"text-align: center;\"><span style=\"font-size: 12pt;\">1689 &#8211; Juraj Jonek<\/span><\/p>\n<p style=\"text-align: center;\"><span style=\"font-size: 12pt;\">1694-1708 &#8211; Juraj Bernard Iv\u00e1nek (Iwanek)<\/span><\/p>\n<p style=\"text-align: center;\"><span style=\"font-size: 12pt;\">1708 &#8211; Michal Bolko<\/span><\/p>\n<p style=\"text-align: center;\"><span style=\"font-size: 12pt;\">1710-1713 &#8211; J\u00e1n Jozef Diani\u0161<\/span><\/p>\n<p style=\"text-align: center;\"><span style=\"font-size: 12pt;\">1718-1719\u00a0&#8211; Michal Hlu\u0161kovi\u010d (Hlusskovics)<\/span><\/p>\n<p style=\"text-align: center;\"><span style=\"font-size: 12pt;\">1721-1728 &#8211; Martin Kydon\u010dek (Kydoncsek)<\/span><\/p>\n<p style=\"text-align: center;\"><span style=\"font-size: 12pt;\">1728, 1732 &#8211; J\u00e1n \u017dilkaj (Zsilkay)<\/span><\/p>\n<p style=\"text-align: center;\"><span style=\"font-size: 12pt;\">1744 &#8211; Andrej Hrom\u00e1dka<\/span><\/p>\n<p style=\"text-align: center;\"><span style=\"font-size: 12pt;\">1750-1754 &#8211; J\u00e1n Nepomuk Panchner<\/span><\/p>\n<p style=\"text-align: center;\"><span style=\"font-size: 12pt;\">1754-1758 &#8211; J\u00e1n Nepomuk L\u00ed\u0161ka (Lisska)<\/span><\/p>\n<p style=\"text-align: center;\"><span style=\"font-size: 12pt;\">1758-1770 &#8211; J\u00e1n Kva\u0161aj (Kvassay)<\/span><\/p>\n<p style=\"text-align: center;\"><span style=\"font-size: 12pt;\">1771-1781 &#8211; Andrej Ichn\u00e1t<\/span><\/p>\n<p style=\"text-align: center;\"><span style=\"font-size: 12pt;\">1781-1795 &#8211; Martin Fabri<\/span><\/p>\n<p style=\"text-align: center;\"><span style=\"font-size: 12pt;\">1795-1809 &#8211; Andrej Tornaj<\/span><\/p>\n<p style=\"text-align: center;\"><span style=\"font-size: 12pt;\">1809-1821 &#8211; J\u00e1n \u010curiak<\/span><\/p>\n<p style=\"text-align: center;\"><span style=\"font-size: 12pt;\">1822-1847 &#8211; J\u00e1n Bertholdy<\/span><\/p>\n<p style=\"text-align: center;\"><span style=\"font-size: 12pt;\">1847-1901 &#8211; Pavol Hanz\u00e9ly<\/span><\/p>\n<p style=\"text-align: center;\"><span style=\"font-size: 12pt;\">1901- ? &#8211; Ign\u00e1c Omais<\/span><\/p>\n<p style=\"text-align: center;\"><span style=\"font-size: 12pt;\">1927-1960 &#8211; \u00a0Pavol Pobeha<\/span><\/p>\n<h3 style=\"text-align: center;\">Farnos\u0165 Pal\u00fadzka s fili\u00e1lkou Bodice, 4. obdobie<\/h3>\n<p style=\"text-align: center;\"><span style=\"font-size: 12pt;\">1948-1960 &#8211; Pavol Pobeha<\/span><\/p>\n<p style=\"text-align: center;\"><span style=\"font-size: 12pt;\">1960-1979 &#8211; Jozef Banas<\/span><\/p>\n<p style=\"text-align: center;\"><span style=\"font-size: 12pt;\">1979-1980 &#8211; Michal Pa\u010dn\u00e1r<\/span><\/p>\n<p style=\"text-align: center;\"><span style=\"font-size: 12pt;\">1980-1982 &#8211; Jozef Frielich<\/span><\/p>\n<p style=\"text-align: center;\"><span style=\"font-size: 12pt;\">1982-1987 &#8211; Du\u0161an \u0160piner<\/span><\/p>\n<p style=\"text-align: center;\"><span style=\"font-size: 12pt;\">1987-2008 &#8211; Jozef Skur\u010d\u00e1k<\/span><\/p>\n<p style=\"text-align: center;\"><span style=\"font-size: 12pt;\">2008-2020 &#8211; Ivan Buj\u0148\u00e1k<\/span><\/p>\n<p style=\"text-align: center;\">2020 &#8211; <strong>Vladim\u00edr Bolibruch<\/strong><\/p>\n<p>&nbsp;<\/p>\n<p>&nbsp;<\/p>\n","protected":false},"excerpt":{"rendered":"<p>Aktu\u00e1lny k\u0148az v Pal\u00fadzke Mgr. Vladim\u00edr Bolibruch naroden\u00fd 8.9.1977 ordinovan\u00fd 19.6.2004 predch\u00e1dzaj\u00face p\u00f4sobenie: 1.7.2004 kapl\u00e1n v Ru\u017eomberku 1.7.2007 kapl\u00e1n v Levo\u010di 12.7.2012 kapl\u00e1n v Spi\u0161skej Kapitule 8.7.2014 farsk\u00fd administr\u00e1tor v Zuberci 1.7.2020 far\u00e1r v Pal\u00fadzke K\u0148azi v hist\u00f3rii farnost\u00ed Pal\u00fadzka a Bodice Farnos\u0165 Pal\u00fadzka s fili\u00e1lkou Bodice, 1. obdobie 1439-1450 &#8211; Peter 1540 &#8211; Peter, [&hellip;]<\/p>\n","protected":false},"author":1,"featured_media":0,"comment_status":"open","ping_status":"open","sticky":false,"template":"","format":"standard","meta":{"_links_to":"","_links_to_target":""},"categories":[3],"tags":[],"_links":{"self":[{"href":"http:\/\/www.paludzka.fara.sk\/index.php?rest_route=\/wp\/v2\/posts\/20"}],"collection":[{"href":"http:\/\/www.paludzka.fara.sk\/index.php?rest_route=\/wp\/v2\/posts"}],"about":[{"href":"http:\/\/www.paludzka.fara.sk\/index.php?rest_route=\/wp\/v2\/types\/post"}],"author":[{"embeddable":true,"href":"http:\/\/www.paludzka.fara.sk\/index.php?rest_route=\/wp\/v2\/users\/1"}],"replies":[{"embeddable":true,"href":"http:\/\/www.paludzka.fara.sk\/index.php?rest_route=%2Fwp%2Fv2%2Fcomments&post=20"}],"version-history":[{"count":25,"href":"http:\/\/www.paludzka.fara.sk\/index.php?rest_route=\/wp\/v2\/posts\/20\/revisions"}],"predecessor-version":[{"id":4438,"href":"http:\/\/www.paludzka.fara.sk\/index.php?rest_route=\/wp\/v2\/posts\/20\/revisions\/4438"}],"wp:attachment":[{"href":"http:\/\/www.paludzka.fara.sk\/index.php?rest_route=%2Fwp%2Fv2%2Fmedia&parent=20"}],"wp:term":[{"taxonomy":"category","embeddable":true,"href":"http:\/\/www.paludzka.fara.sk\/index.php?rest_route=%2Fwp%2Fv2%2Fcategories&post=20"},{"taxonomy":"post_tag","embeddable":true,"href":"http:\/\/www.paludzka.fara.sk\/index.php?rest_route=%2Fwp%2Fv2%2Ftags&post=20"}],"curies":[{"name":"wp","href":"https:\/\/api.w.org\/{rel}","templated":true}]}}