
{"id":1999,"date":"2023-02-26T00:00:30","date_gmt":"2023-02-25T23:00:30","guid":{"rendered":"http:\/\/www.paludzka.fara.sk\/?p=1999"},"modified":"2023-02-25T20:54:24","modified_gmt":"2023-02-25T19:54:24","slug":"farske-oznamy-26-2-5-3-2023","status":"publish","type":"post","link":"http:\/\/www.paludzka.fara.sk\/?p=1999","title":{"rendered":"Farsk\u00e9 oznamy 26.2.-5.3.2023"},"content":{"rendered":"<div class=\"table-responsive\">\n<table class=\"table table-bordered\">\n<thead>\n<tr>\n<th style=\"text-align: center;\">De\u0148<\/th>\n<th style=\"text-align: center;\">\u010cas<\/th>\n<th style=\"text-align: center;\">Liturgick\u00fd kalend\u00e1r<\/th>\n<th style=\"text-align: center;\">\u00damysel<\/th>\n<th style=\"text-align: center;\">O\u010dak\u00e1vame<\/th>\n<\/tr>\n<\/thead>\n<tbody>\n<tr>\n<td style=\"text-align: center;\"><strong>Nede\u013ea 26.2.<\/strong><\/td>\n<td style=\"text-align: center;\">7:00<\/p>\n<p><span style=\"color: #000000;\"><strong>8:15<\/strong><\/span><\/p>\n<p><span style=\"color: #000000;\">9:45<\/span><\/td>\n<td style=\"text-align: center;\"><span style=\"color: #800080;\"><strong>1. p\u00f4stna nede\u013ea<\/strong><\/span><\/td>\n<td style=\"text-align: center;\">na \u00famysel ordin\u00e1ra<\/p>\n<p><strong>Bodice:<\/strong> na \u00famysel<\/p>\n<p>za veriacich<\/td>\n<td style=\"text-align: center;\">Kr\u00ed\u017eov\u00e1 cesta o 14:00 &#8211; man\u017eelia<\/p>\n<p><strong>Zbierka na charitu<\/strong><\/td>\n<\/tr>\n<tr>\n<td style=\"text-align: center;\">Pondelok 27.2.<\/td>\n<td style=\"text-align: center;\">17:00<\/td>\n<td style=\"text-align: center;\"><span style=\"color: #800080;\">Pondelok po 1. p\u00f4stnej nedeli<\/span><\/td>\n<td style=\"text-align: center;\">za Bo\u017eie po\u017eehnanie rodiny<\/td>\n<td style=\"text-align: center;\">Sviatos\u0165 zmierenia od 16:30<\/td>\n<\/tr>\n<tr>\n<td style=\"text-align: center;\">Utorok 28.2.<\/td>\n<td style=\"text-align: center;\">17:00<\/td>\n<td style=\"text-align: center;\"><span style=\"color: #800080;\">Utorok po 1. p\u00f4stnej nedeli<\/span><\/td>\n<td style=\"text-align: center;\">+ M\u00e1ria a Koloman<\/td>\n<td style=\"text-align: center;\">Sviatos\u0165 zmierenia od 16:30<\/td>\n<\/tr>\n<tr>\n<td style=\"text-align: center;\">Streda 1.3.<\/td>\n<td style=\"text-align: center;\"><span style=\"color: #000000;\">7:00<\/span><\/td>\n<td style=\"text-align: center;\"><span style=\"color: #800080;\">Streda po 1. p\u00f4stnej nedeli<\/span><\/td>\n<td style=\"text-align: center;\">+ Ondrej<\/td>\n<td style=\"text-align: center;\"><\/td>\n<\/tr>\n<tr>\n<td style=\"text-align: center;\">\u0160tvrtok 2.3.<\/td>\n<td style=\"text-align: center;\"><span style=\"color: #000000;\">17:00<\/span><\/td>\n<td style=\"text-align: center;\"><span style=\"color: #800080;\">\u0160tvrtok po 1. p\u00f4stnej nedeli<\/span><\/td>\n<td style=\"text-align: center;\">+ rodi\u010dia Petra a Anny<\/td>\n<td style=\"text-align: center;\">Ador\u00e1cia od 16:15<\/p>\n<p>Sviatos\u0165 zmierenia od 16:15<\/p>\n<p>De\u0148 modlitieb za duchovn\u00e9 povolania<\/td>\n<\/tr>\n<tr>\n<td style=\"text-align: center;\">Piatok 3.3.<\/td>\n<td style=\"text-align: center;\"><strong>16:00<\/strong><\/p>\n<p><span style=\"color: #000000;\">17:00<\/span><\/td>\n<td style=\"text-align: center;\"><span style=\"color: #800080;\">Piatok po 1. p\u00f4stnej nedeli<\/span><\/p>\n<p><span style=\"color: #ff0000;\">Prv\u00fd piatok v mesiaci<\/span><\/td>\n<td style=\"text-align: center;\"><strong>Bodice:<\/strong> na \u00famysel<\/p>\n<p>za vieru a Bo\u017eie po\u017eehnanie pre vn\u00fa\u010dat\u00e1<\/td>\n<td style=\"text-align: center;\"><em>N\u00e1v\u0161teva chor\u00fdch od 08:00<\/em><\/p>\n<p><strong>Bodice:<\/strong> sviatos\u0165 zmierenia od 16:30<\/p>\n<p>Kr\u00ed\u017eov\u00e1 cesta o\u00a017:00<\/td>\n<\/tr>\n<tr>\n<td style=\"text-align: center;\">Sobota 4.3.<\/td>\n<td style=\"text-align: center;\"><span style=\"color: #000000;\">8:00<\/span><\/td>\n<td style=\"text-align: center;\"><span style=\"color: #800080;\">Sobota po 1. p\u00f4stnej nedeli<\/span><\/td>\n<td style=\"text-align: center;\">+ Vincent a Pavl\u00edna<\/td>\n<td style=\"text-align: center;\">Fatimsk\u00e1 pobo\u017enos\u0165 o 7:30<\/td>\n<\/tr>\n<tr>\n<td style=\"text-align: center;\"><strong>Nede\u013ea 5.3.<\/strong><\/td>\n<td style=\"text-align: center;\">7:00<\/p>\n<p><span style=\"color: #000000;\"><strong>8:15<\/strong><\/span><\/p>\n<p><span style=\"color: #000000;\">9:45<\/span><\/td>\n<td style=\"text-align: center;\"><span style=\"color: #800080;\"><strong>2. p\u00f4stna nede\u013ea<\/strong><\/span><\/td>\n<td style=\"text-align: center;\">na \u00famysel ordin\u00e1ra<\/p>\n<p><span style=\"font-family: inherit; font-size: inherit;\"><strong>Bodice:<\/strong> na \u00famysel<\/span><\/p>\n<p>za veriacich<\/td>\n<td style=\"text-align: center;\">Kr\u00ed\u017eov\u00e1 cesta o 14:00 &#8211; seniori<\/td>\n<\/tr>\n<\/tbody>\n<\/table>\n<\/div>\n<ul>\n<li>\u00famysly sv. om\u0161\u00ed na mesiac marec budem zapisova\u0165 v pondelok po sv. om\u0161i.<\/li>\n<li>na bud\u00faci t\u00fd\u017ede\u0148 s\u00fa v stredu, piatok a sobotu jarn\u00e9 k\u00e1ntrov\u00e9 dni. Z\u00e1v\u00e4zn\u00fd je iba jeden de\u0148. Obsah jarn\u00fdch k\u00e1ntrov\u00fdch dn\u00ed: Pr\u00edprava na pok\u00e1nie a na sviatos\u0165 zmierenia a \u010dinorod\u00e1 l\u00e1ska k bl\u00ed\u017enemu.<\/li>\n<li>v zbierke na opravu kostolov sa vyzbieralo Bodice 305 \u20ac, Pal\u00fadzka 530 \u20ac. P\u00e1n Boh zapla\u0165 za va\u0161e \u0161tedr\u00e9 srdcia.<\/li>\n<li>dnes je zbierka na charitu. V\u0161etk\u00fdm darcom P\u00e1n Boh zapla\u0165.<\/li>\n<li>o upratovanie kostola pros\u00edm rodiny Badl\u00edkov\u00fa, Kuskov\u00fa, Plevov\u00fa, Tur\u010dinov\u00fa a Je\u017eov\u00fa. P\u00e1n Boh zapla\u0165 za slu\u017ebu.<\/li>\n<\/ul>\n","protected":false},"excerpt":{"rendered":"<p>De\u0148 \u010cas Liturgick\u00fd kalend\u00e1r \u00damysel O\u010dak\u00e1vame Nede\u013ea 26.2. 7:00 8:15 9:45 1. p\u00f4stna nede\u013ea na \u00famysel ordin\u00e1ra Bodice: na \u00famysel za veriacich Kr\u00ed\u017eov\u00e1 cesta o 14:00 &#8211; man\u017eelia Zbierka na charitu Pondelok 27.2. 17:00 Pondelok po 1. p\u00f4stnej nedeli za Bo\u017eie po\u017eehnanie rodiny Sviatos\u0165 zmierenia od 16:30 Utorok 28.2. 17:00 Utorok po 1. p\u00f4stnej nedeli [&hellip;]<\/p>\n","protected":false},"author":1,"featured_media":0,"comment_status":"closed","ping_status":"closed","sticky":false,"template":"","format":"standard","meta":{"_links_to":"","_links_to_target":""},"categories":[4,19],"tags":[],"_links":{"self":[{"href":"http:\/\/www.paludzka.fara.sk\/index.php?rest_route=\/wp\/v2\/posts\/1999"}],"collection":[{"href":"http:\/\/www.paludzka.fara.sk\/index.php?rest_route=\/wp\/v2\/posts"}],"about":[{"href":"http:\/\/www.paludzka.fara.sk\/index.php?rest_route=\/wp\/v2\/types\/post"}],"author":[{"embeddable":true,"href":"http:\/\/www.paludzka.fara.sk\/index.php?rest_route=\/wp\/v2\/users\/1"}],"replies":[{"embeddable":true,"href":"http:\/\/www.paludzka.fara.sk\/index.php?rest_route=%2Fwp%2Fv2%2Fcomments&post=1999"}],"version-history":[{"count":2,"href":"http:\/\/www.paludzka.fara.sk\/index.php?rest_route=\/wp\/v2\/posts\/1999\/revisions"}],"predecessor-version":[{"id":2057,"href":"http:\/\/www.paludzka.fara.sk\/index.php?rest_route=\/wp\/v2\/posts\/1999\/revisions\/2057"}],"wp:attachment":[{"href":"http:\/\/www.paludzka.fara.sk\/index.php?rest_route=%2Fwp%2Fv2%2Fmedia&parent=1999"}],"wp:term":[{"taxonomy":"category","embeddable":true,"href":"http:\/\/www.paludzka.fara.sk\/index.php?rest_route=%2Fwp%2Fv2%2Fcategories&post=1999"},{"taxonomy":"post_tag","embeddable":true,"href":"http:\/\/www.paludzka.fara.sk\/index.php?rest_route=%2Fwp%2Fv2%2Ftags&post=1999"}],"curies":[{"name":"wp","href":"https:\/\/api.w.org\/{rel}","templated":true}]}}