
{"id":1979,"date":"2023-02-19T00:00:30","date_gmt":"2023-02-18T23:00:30","guid":{"rendered":"http:\/\/www.paludzka.fara.sk\/?p=1979"},"modified":"2023-02-18T23:00:15","modified_gmt":"2023-02-18T22:00:15","slug":"farske-oznamy-19-2-26-2-2023","status":"publish","type":"post","link":"http:\/\/www.paludzka.fara.sk\/?p=1979","title":{"rendered":"Farsk\u00e9 oznamy 19.2.-26.2.2023"},"content":{"rendered":"<div class=\"table-responsive\">\n<table class=\"table table-bordered\">\n<thead>\n<tr>\n<th style=\"text-align: center;\">De\u0148<\/th>\n<th style=\"text-align: center;\">\u010cas<\/th>\n<th style=\"text-align: center;\">Liturgick\u00fd kalend\u00e1r<\/th>\n<th style=\"text-align: center;\">\u00damysel<\/th>\n<th style=\"text-align: center;\">O\u010dak\u00e1vame<\/th>\n<\/tr>\n<\/thead>\n<tbody>\n<tr>\n<td style=\"text-align: center;\"><strong>Nede\u013ea 19.2.<\/strong><\/td>\n<td style=\"text-align: center;\">7:00<\/p>\n<p><span style=\"color: #000000;\"><strong>8:15<\/strong><\/span><\/p>\n<p><span style=\"color: #000000;\">9:45<\/span><\/td>\n<td style=\"text-align: center;\"><span style=\"color: #008000;\"><strong>7. nede\u013ea v Cezro\u010dnom obdob\u00ed<\/strong><\/span><\/td>\n<td style=\"text-align: center;\">na \u00famysel ordin\u00e1ra<\/p>\n<p><strong>Bodice:<\/strong> na \u00famysel<\/p>\n<p>za veriacich<\/td>\n<td style=\"text-align: center;\">Zbierka na opravu kostolov<\/td>\n<\/tr>\n<tr>\n<td style=\"text-align: center;\">Pondelok 20.2.<\/td>\n<td style=\"text-align: center;\">17:00<\/td>\n<td style=\"text-align: center;\"><span style=\"color: #008000;\">Pondelok 7. t\u00fd\u017ed\u0148a v Cezro\u010dnom obdob\u00ed<\/span><\/td>\n<td style=\"text-align: center;\">za dary Ducha Sv\u00e4t\u00e9ho a po\u017eehnanie pre rodinu<\/td>\n<td style=\"text-align: center;\"><\/td>\n<\/tr>\n<tr>\n<td style=\"text-align: center;\">Utorok 21.2.<\/td>\n<td style=\"text-align: center;\">17:00<\/td>\n<td style=\"text-align: center;\"><span style=\"color: #008000;\">Utorok 7. t\u00fd\u017ed\u0148a v Cezro\u010dnom obdob\u00ed<\/span><\/td>\n<td style=\"text-align: center;\">po\u010fakovanie za 90 ro\u010dn\u00fa Em\u00edliu<\/td>\n<td style=\"text-align: center;\"><strong>Zmierna poklona o 16:30<\/strong><br \/>\nModlitba odprosenia Bo\u017esk\u00e9ho Srdca<br \/>\nza hriechy spolo\u010dnosti.<br \/>\nJe mo\u017en\u00e9 z\u00edska\u0165 \u00fapln\u00e9 odpustky<\/td>\n<\/tr>\n<tr>\n<td style=\"text-align: center;\">Streda 22.2.<\/td>\n<td style=\"text-align: center;\"><strong>16:00<\/strong><\/p>\n<p><span style=\"color: #000000;\">17:00<\/span><\/td>\n<td style=\"text-align: center;\"><span style=\"color: #800080;\">Popolcov\u00e1 streda<\/span><\/td>\n<td style=\"text-align: center;\"><strong>Bodice:<\/strong> na \u00famysel<\/p>\n<p>+ rodi\u010dia Petra a Anny<\/td>\n<td style=\"text-align: center;\"><span style=\"color: #800080;\"><strong>P\u00f4st a zdr\u017eovania sa m\u00e4sit\u00e9ho pokrmu<\/strong><\/span><\/td>\n<\/tr>\n<tr>\n<td style=\"text-align: center;\">\u0160tvrtok 23.2.<\/td>\n<td style=\"text-align: center;\"><span style=\"color: #000000;\">17:00<\/span><\/td>\n<td style=\"text-align: center;\"><span style=\"color: #800080;\">\u0160tvrtok po popolcovej strede<\/span><\/td>\n<td style=\"text-align: center;\">+ Darina<\/td>\n<td style=\"text-align: center;\"><\/td>\n<\/tr>\n<tr>\n<td style=\"text-align: center;\">Piatok 24.2.<\/td>\n<td style=\"text-align: center;\"><span style=\"color: #000000;\">17:00<\/span><\/td>\n<td style=\"text-align: center;\"><span style=\"color: #800080;\">Piatok po popolcovej strede<\/span><\/td>\n<td style=\"text-align: center;\">+ Kamil a Jozef<\/td>\n<td style=\"text-align: center;\">Kr\u00ed\u017eov\u00e1 cesta o\u00a017:00 &#8211; deti<\/td>\n<\/tr>\n<tr>\n<td style=\"text-align: center;\">Sobota 25.2.<\/td>\n<td style=\"text-align: center;\"><span style=\"color: #000000;\">8:00<\/span><\/td>\n<td style=\"text-align: center;\"><span style=\"color: #800080;\">Sobota po popolcovej strede<\/span><\/td>\n<td style=\"text-align: center;\">za rodinu Ko\u0161ov\u00fa<\/td>\n<td style=\"text-align: center;\"><\/td>\n<\/tr>\n<tr>\n<td style=\"text-align: center;\"><strong>Nede\u013ea 26.2.<\/strong><\/td>\n<td style=\"text-align: center;\">7:00<\/p>\n<p><span style=\"color: #000000;\"><strong>8:15<\/strong><\/span><\/p>\n<p><span style=\"color: #000000;\">9:45<\/span><\/td>\n<td style=\"text-align: center;\"><span style=\"color: #800080;\"><strong>1. p\u00f4stna nede\u013ea<\/strong><\/span><\/td>\n<td style=\"text-align: center;\">na \u00famysel ordin\u00e1ra<\/p>\n<p><span style=\"font-family: inherit; font-size: inherit;\"><strong>Bodice:<\/strong> na \u00famysel<\/span><\/p>\n<p>za veriacich<\/td>\n<td style=\"text-align: center;\">Kr\u00ed\u017eov\u00e1 cesta o 14:00 &#8211; man\u017eelia<\/p>\n<p><strong>Zbierka na charitu<\/strong><\/td>\n<\/tr>\n<\/tbody>\n<\/table>\n<\/div>\n<ul>\n<li>sviatos\u0165 zmierenia je mo\u017en\u00e9 prija\u0165 pred sv. om\u0161ami.<\/li>\n<li><strong>na Popolcov\u00fa stredu je pr\u00edsny p\u00f4st<\/strong>. Zdr\u017eovanie sa m\u00e4sit\u00e9ho pokrmu, sa nem\u00f4\u017ee nahradi\u0165 in\u00fdm skutkom pok\u00e1nia. P\u00f4st znamen\u00e1 iba raz do d\u0148a sa dos\u00fdta najes\u0165 (pri\u010dom mo\u017eno prija\u0165 trochu pokrmu e\u0161te dvakr\u00e1t v priebehu d\u0148a).<\/li>\n<li>Bohuzn\u00e1me na ma\u013eovanie kostola v Pal\u00fadzke obetovali 50 a 250 \u20ac. P\u00e1n Boh zapla\u0165.<\/li>\n<li>dnes je zbierka na opravu kostolov. Vopred v\u0161etk\u00fdm darcom P\u00e1n Boh zapla\u0165.<\/li>\n<li>na bud\u00facu nede\u013eu sa uskuto\u010dn\u00ed zbierka na charitu.<\/li>\n<li>o upratovanie kostola pros\u00edm rodiny Ra\u010dkov\u00fa, Mra\u010dnov\u00fa, Tk\u00e1\u010dov\u00fa a Gub\u00e1\u0161ov\u00fa. P\u00e1n Boh zapla\u0165 za slu\u017ebu.<\/li>\n<\/ul>\n","protected":false},"excerpt":{"rendered":"<p>De\u0148 \u010cas Liturgick\u00fd kalend\u00e1r \u00damysel O\u010dak\u00e1vame Nede\u013ea 19.2. 7:00 8:15 9:45 7. nede\u013ea v Cezro\u010dnom obdob\u00ed na \u00famysel ordin\u00e1ra Bodice: na \u00famysel za veriacich Zbierka na opravu kostolov Pondelok 20.2. 17:00 Pondelok 7. t\u00fd\u017ed\u0148a v Cezro\u010dnom obdob\u00ed za dary Ducha Sv\u00e4t\u00e9ho a po\u017eehnanie pre rodinu Utorok 21.2. 17:00 Utorok 7. t\u00fd\u017ed\u0148a v Cezro\u010dnom obdob\u00ed po\u010fakovanie [&hellip;]<\/p>\n","protected":false},"author":1,"featured_media":0,"comment_status":"closed","ping_status":"closed","sticky":false,"template":"","format":"standard","meta":{"_links_to":"","_links_to_target":""},"categories":[4,19],"tags":[],"_links":{"self":[{"href":"http:\/\/www.paludzka.fara.sk\/index.php?rest_route=\/wp\/v2\/posts\/1979"}],"collection":[{"href":"http:\/\/www.paludzka.fara.sk\/index.php?rest_route=\/wp\/v2\/posts"}],"about":[{"href":"http:\/\/www.paludzka.fara.sk\/index.php?rest_route=\/wp\/v2\/types\/post"}],"author":[{"embeddable":true,"href":"http:\/\/www.paludzka.fara.sk\/index.php?rest_route=\/wp\/v2\/users\/1"}],"replies":[{"embeddable":true,"href":"http:\/\/www.paludzka.fara.sk\/index.php?rest_route=%2Fwp%2Fv2%2Fcomments&post=1979"}],"version-history":[{"count":1,"href":"http:\/\/www.paludzka.fara.sk\/index.php?rest_route=\/wp\/v2\/posts\/1979\/revisions"}],"predecessor-version":[{"id":1981,"href":"http:\/\/www.paludzka.fara.sk\/index.php?rest_route=\/wp\/v2\/posts\/1979\/revisions\/1981"}],"wp:attachment":[{"href":"http:\/\/www.paludzka.fara.sk\/index.php?rest_route=%2Fwp%2Fv2%2Fmedia&parent=1979"}],"wp:term":[{"taxonomy":"category","embeddable":true,"href":"http:\/\/www.paludzka.fara.sk\/index.php?rest_route=%2Fwp%2Fv2%2Fcategories&post=1979"},{"taxonomy":"post_tag","embeddable":true,"href":"http:\/\/www.paludzka.fara.sk\/index.php?rest_route=%2Fwp%2Fv2%2Ftags&post=1979"}],"curies":[{"name":"wp","href":"https:\/\/api.w.org\/{rel}","templated":true}]}}