
{"id":1950,"date":"2023-02-05T00:00:42","date_gmt":"2023-02-04T23:00:42","guid":{"rendered":"http:\/\/www.paludzka.fara.sk\/?p=1950"},"modified":"2023-02-05T21:49:19","modified_gmt":"2023-02-05T20:49:19","slug":"farske-oznamy-5-2-12-2-2023","status":"publish","type":"post","link":"http:\/\/www.paludzka.fara.sk\/?p=1950","title":{"rendered":"Farsk\u00e9 oznamy 5.2.-12.2.2023"},"content":{"rendered":"<div class=\"table-responsive\">\n<table class=\"table table-bordered\">\n<thead>\n<tr>\n<th style=\"text-align: center;\">De\u0148<\/th>\n<th style=\"text-align: center;\">\u010cas<\/th>\n<th style=\"text-align: center;\">Liturgick\u00fd kalend\u00e1r<\/th>\n<th style=\"text-align: center;\">\u00damysel<\/th>\n<th style=\"text-align: center;\">O\u010dak\u00e1vame<\/th>\n<\/tr>\n<\/thead>\n<tbody>\n<tr>\n<td style=\"text-align: center;\"><strong>Nede\u013ea 5.2.<\/strong><\/td>\n<td style=\"text-align: center;\">7:00<\/p>\n<p><span style=\"color: #000000;\"><strong>8:15<\/strong><\/span><\/p>\n<p><span style=\"color: #000000;\">9:45<\/span><\/td>\n<td style=\"text-align: center;\"><span style=\"color: #008000;\"><strong>5. nede\u013ea v Cezro\u010dnom obdob\u00ed<\/strong><\/span><\/td>\n<td style=\"text-align: center;\">za veriacich<\/p>\n<p><strong>Bodice:<\/strong> na \u00famysel<\/p>\n<p>na \u00famysel ordin\u00e1ra<\/td>\n<td style=\"text-align: center;\">po sv. om\u0161i o 10:30 stretnutie<br \/>\ns rodi\u010dmi prvoprij\u00edmaj\u00facich det\u00ed<\/td>\n<\/tr>\n<tr>\n<td style=\"text-align: center;\">Pondelok 6.2.<\/td>\n<td style=\"text-align: center;\">17:00<\/td>\n<td style=\"text-align: center;\"><span style=\"color: #ff0000;\">Sv\u00e4t\u00e9ho Pavla Mikiho a spolo\u010dn\u00edkov, mu\u010den\u00edkov<\/span><\/p>\n<p><span style=\"color: #ff0000;\">spomienka<\/span><\/td>\n<td style=\"text-align: center;\">+ 6 s\u00farodencov a rodi\u010dov<\/td>\n<td style=\"text-align: center;\"><\/td>\n<\/tr>\n<tr>\n<td style=\"text-align: center;\">Utorok 7.2.<\/td>\n<td style=\"text-align: center;\">17:00<\/td>\n<td style=\"text-align: center;\"><span style=\"color: #008000;\">Utorok 5. t\u00fd\u017ed\u0148a v Cezro\u010dnom obdob\u00ed<\/span><\/td>\n<td style=\"text-align: center;\">+ Rudolf<\/td>\n<td style=\"text-align: center;\"><\/td>\n<\/tr>\n<tr>\n<td style=\"text-align: center;\">Streda 8.2.<\/td>\n<td style=\"text-align: center;\"><span style=\"color: #000000;\">7:00<\/span><\/td>\n<td style=\"text-align: center;\"><span style=\"color: #008000;\">Streda 5. t\u00fd\u017ed\u0148a v Cezro\u010dnom obdob\u00ed<\/span><\/td>\n<td style=\"text-align: center;\">+ Franti\u0161ek a rodi\u010dia<\/td>\n<td style=\"text-align: center;\"><\/td>\n<\/tr>\n<tr>\n<td style=\"text-align: center;\">\u0160tvrtok 9.2.<\/td>\n<td style=\"text-align: center;\"><span style=\"color: #000000;\">17:00<\/span><\/td>\n<td style=\"text-align: center;\"><span style=\"color: #008000;\">\u0160tvrtok 5. t\u00fd\u017ed\u0148a v Cezro\u010dnom obdob\u00ed<\/span><\/td>\n<td style=\"text-align: center;\">za zdravie a Bo\u017eie po\u017eehnanie pre rodinu Palajov\u00fa<\/td>\n<td style=\"text-align: center;\">Ador\u00e1cia od 16:30<\/td>\n<\/tr>\n<tr>\n<td style=\"text-align: center;\">Piatok 10.2.<\/td>\n<td style=\"text-align: center;\"><span style=\"color: #000000;\">17:00<\/span><\/td>\n<td style=\"text-align: center;\"><span style=\"color: #808000;\">Sv\u00e4tej \u0160kolastiky, panny<\/span><\/p>\n<p><span style=\"color: #808000;\">spomienka<\/span><\/td>\n<td style=\"text-align: center;\">za dar viery pre deti<\/td>\n<td style=\"text-align: center;\">&nbsp;<\/td>\n<\/tr>\n<tr>\n<td style=\"text-align: center;\">Sobota 11.2.<\/td>\n<td style=\"text-align: center;\"><span style=\"color: #000000;\">8:00<\/span><\/td>\n<td style=\"text-align: center;\"><span style=\"color: #0000ff;\">Preblahoslavenej Panny M\u00e1rie Lurdskej<\/span><\/p>\n<p><span style=\"color: #0000ff;\">\u013eubovo\u013en\u00e1 spomienka<\/span><\/td>\n<td style=\"text-align: center;\">za Magdal\u00e9nu s rodinou<\/td>\n<td style=\"text-align: center;\">31. Svetov\u00fd de\u0148 chor\u00fdch<\/p>\n<p>pri sv. om\u0161i pomazanie chor\u00fdch<\/td>\n<\/tr>\n<tr>\n<td style=\"text-align: center;\"><strong>Nede\u013ea 12.2.<\/strong><\/td>\n<td style=\"text-align: center;\">7:00<\/p>\n<p><span style=\"color: #000000;\"><strong>8:15<\/strong><\/span><\/p>\n<p><span style=\"color: #000000;\">9:45<\/span><\/td>\n<td style=\"text-align: center;\"><span style=\"color: #008000;\"><strong>6. nede\u013ea v Cezro\u010dnom obdob\u00ed<\/strong><\/span><\/td>\n<td style=\"text-align: center;\">za veriacich<\/p>\n<p><span style=\"font-family: inherit; font-size: inherit;\"><strong>Bodice:<\/strong> na \u00famysel<\/span><\/p>\n<p>za zdravie a Bo\u017eie po\u017eehnanie pre Katar\u00ednu<\/td>\n<td style=\"text-align: center;\"><\/td>\n<\/tr>\n<\/tbody>\n<\/table>\n<\/div>\n<ul>\n<li>sviatos\u0165 zmierenia je mo\u017en\u00e9 prija\u0165 30 min\u00fat pre sv. om\u0161ami.<\/li>\n<li>dnes po sv. om\u0161i o 10:30 bude stretnutie s rodi\u010dmi prvoprij\u00edmaj\u00facich det\u00ed.<\/li>\n<li>pomazanie chor\u00fdch m\u00f4\u017ee prija\u0165 ka\u017ed\u00fd, kto dov\u0155\u0161il 60. rok veku \u017eivota alebo sa nach\u00e1dza v \u0165a\u017ekom zdravotnom stave. Jednou z podmienok je, aby prij\u00edmate\u013e sviatosti bol v stave posv\u00e4cuj\u00facej milosti.<\/li>\n<li>poz\u00fdvame v\u00e1s na otvoren\u00e9 stretnutie spolo\u010denstva mlad\u00fdch a rod\u00edn 8.2. (streda) o 18:00 v Katol\u00edckom dome v Liptovskom Mikul\u00e1\u0161i. M\u00f4\u017eete sa te\u0161i\u0165 na spolo\u010dn\u00fa modlitbu chv\u00e1l, predn\u00e1\u0161ku otca \u013dubo\u0161a La\u0161kotyho a agap\u00e9.<\/li>\n<li>Bohuzn\u00e1ma na kostol v Pal\u00fadzke obetovala 100 \u20ac. P\u00e1n Boh zapla\u0165.<\/li>\n<li>o upratovanie kostola pros\u00edm rodiny Ku\u010derov\u00fa, J\u00e1no\u0161\u00edkov\u00fa, Adam\u010diakov\u00fa J. Boh zapla\u0165 za slu\u017ebu.<\/li>\n<\/ul>\n","protected":false},"excerpt":{"rendered":"<p>De\u0148 \u010cas Liturgick\u00fd kalend\u00e1r \u00damysel O\u010dak\u00e1vame Nede\u013ea 5.2. 7:00 8:15 9:45 5. nede\u013ea v Cezro\u010dnom obdob\u00ed za veriacich Bodice: na \u00famysel na \u00famysel ordin\u00e1ra po sv. om\u0161i o 10:30 stretnutie s rodi\u010dmi prvoprij\u00edmaj\u00facich det\u00ed Pondelok 6.2. 17:00 Sv\u00e4t\u00e9ho Pavla Mikiho a spolo\u010dn\u00edkov, mu\u010den\u00edkov spomienka + 6 s\u00farodencov a rodi\u010dov Utorok 7.2. 17:00 Utorok 5. t\u00fd\u017ed\u0148a [&hellip;]<\/p>\n","protected":false},"author":1,"featured_media":0,"comment_status":"closed","ping_status":"closed","sticky":false,"template":"","format":"standard","meta":{"_links_to":"","_links_to_target":""},"categories":[4,19],"tags":[],"_links":{"self":[{"href":"http:\/\/www.paludzka.fara.sk\/index.php?rest_route=\/wp\/v2\/posts\/1950"}],"collection":[{"href":"http:\/\/www.paludzka.fara.sk\/index.php?rest_route=\/wp\/v2\/posts"}],"about":[{"href":"http:\/\/www.paludzka.fara.sk\/index.php?rest_route=\/wp\/v2\/types\/post"}],"author":[{"embeddable":true,"href":"http:\/\/www.paludzka.fara.sk\/index.php?rest_route=\/wp\/v2\/users\/1"}],"replies":[{"embeddable":true,"href":"http:\/\/www.paludzka.fara.sk\/index.php?rest_route=%2Fwp%2Fv2%2Fcomments&post=1950"}],"version-history":[{"count":1,"href":"http:\/\/www.paludzka.fara.sk\/index.php?rest_route=\/wp\/v2\/posts\/1950\/revisions"}],"predecessor-version":[{"id":1951,"href":"http:\/\/www.paludzka.fara.sk\/index.php?rest_route=\/wp\/v2\/posts\/1950\/revisions\/1951"}],"wp:attachment":[{"href":"http:\/\/www.paludzka.fara.sk\/index.php?rest_route=%2Fwp%2Fv2%2Fmedia&parent=1950"}],"wp:term":[{"taxonomy":"category","embeddable":true,"href":"http:\/\/www.paludzka.fara.sk\/index.php?rest_route=%2Fwp%2Fv2%2Fcategories&post=1950"},{"taxonomy":"post_tag","embeddable":true,"href":"http:\/\/www.paludzka.fara.sk\/index.php?rest_route=%2Fwp%2Fv2%2Ftags&post=1950"}],"curies":[{"name":"wp","href":"https:\/\/api.w.org\/{rel}","templated":true}]}}