
{"id":1919,"date":"2023-01-29T00:00:06","date_gmt":"2023-01-28T23:00:06","guid":{"rendered":"http:\/\/www.paludzka.fara.sk\/?p=1919"},"modified":"2023-01-28T22:32:11","modified_gmt":"2023-01-28T21:32:12","slug":"farske-oznamy-29-1-5-2-2023","status":"publish","type":"post","link":"http:\/\/www.paludzka.fara.sk\/?p=1919","title":{"rendered":"Farsk\u00e9 oznamy 29.1.-5.2.2023"},"content":{"rendered":"<div class=\"table-responsive\">\n<table class=\"table table-bordered\">\n<thead>\n<tr>\n<th style=\"text-align: center;\">De\u0148<\/th>\n<th style=\"text-align: center;\">\u010cas<\/th>\n<th style=\"text-align: center;\">Liturgick\u00fd kalend\u00e1r<\/th>\n<th style=\"text-align: center;\">\u00damysel<\/th>\n<th style=\"text-align: center;\">O\u010dak\u00e1vame<\/th>\n<\/tr>\n<\/thead>\n<tbody>\n<tr>\n<td style=\"text-align: center;\"><strong>Nede\u013ea 29.1.<\/strong><\/td>\n<td style=\"text-align: center;\">7:00<\/p>\n<p><span style=\"color: #000000;\"><strong>8:15<\/strong><\/span><\/p>\n<p><span style=\"color: #000000;\">9:45<\/span><\/td>\n<td style=\"text-align: center;\"><span style=\"color: #008000;\"><strong>4. nede\u013ea v Cezro\u010dnom obdob\u00ed<\/strong><\/span><\/td>\n<td style=\"text-align: center;\">na \u00famysel<\/p>\n<p><strong>Bodice:<\/strong> na \u00famysel<\/p>\n<p>za veriacich<\/td>\n<td style=\"text-align: center;\"><\/td>\n<\/tr>\n<tr>\n<td style=\"text-align: center;\">Pondelok 30.1.<\/td>\n<td style=\"text-align: center;\">17:00<\/td>\n<td style=\"text-align: center;\"><span style=\"color: #008000;\">Pondelok 4. t\u00fd\u017ed\u0148a v Cezro\u010dnom obdob\u00ed<\/span><\/td>\n<td style=\"text-align: center;\">za \u013dubom\u00edra a Ivetku s rodinou<\/td>\n<td style=\"text-align: center;\">vysluhovanie sv. zmierenia od 16:30<\/td>\n<\/tr>\n<tr>\n<td style=\"text-align: center;\">Utorok 31.1.<\/td>\n<td style=\"text-align: center;\">17:00<\/td>\n<td style=\"text-align: center;\"><span style=\"color: #808000;\">Sv\u00e4t\u00e9ho J\u00e1na Bosca, k\u0148aza<\/span><\/p>\n<p><span style=\"color: #808000;\">spomienka<\/span><\/td>\n<td style=\"text-align: center;\">za rodinu \u0160kerdov\u00fa<\/td>\n<td style=\"text-align: center;\">vysluhovanie sv. zmierenia od 16:30<\/td>\n<\/tr>\n<tr>\n<td style=\"text-align: center;\">Streda 1.2.<\/td>\n<td style=\"text-align: center;\"><span style=\"color: #000000;\">7:00<\/span><\/td>\n<td style=\"text-align: center;\"><span style=\"color: #008000;\">Streda 4. t\u00fd\u017ed\u0148a v Cezro\u010dnom obdob\u00ed<\/span><\/td>\n<td style=\"text-align: center;\">+ rodi\u010dia a man\u017eel<\/td>\n<td style=\"text-align: center;\"><\/td>\n<\/tr>\n<tr>\n<td style=\"text-align: center;\">\u0160tvrtok 2.2.<\/td>\n<td style=\"text-align: center;\">16:00<\/p>\n<p><span style=\"color: #000000;\">17:00<\/span><\/td>\n<td style=\"text-align: center;\"><span style=\"color: #808000;\">Obetovanie P\u00e1na<\/span><\/p>\n<p><span style=\"color: #808000;\">sviatok<\/span><\/td>\n<td style=\"text-align: center;\"><strong>Bodice:<\/strong> na \u00famysel<\/p>\n<p>+ Em\u00edlia<\/td>\n<td style=\"text-align: center;\">pri sv. om\u0161iach po\u017eehnanie sviec<\/p>\n<p>po sv. om\u0161i v Pal\u00fadzke vysluhovanie sv. zmierenia<\/td>\n<\/tr>\n<tr>\n<td style=\"text-align: center;\">Piatok 3.2.<\/td>\n<td style=\"text-align: center;\">16:00<\/p>\n<p><span style=\"color: #000000;\">17:00<\/span><\/td>\n<td style=\"text-align: center;\"><span style=\"color: #808000;\">O Najsv\u00e4tej\u0161om Srdci Je\u017ei\u0161ovom<\/span><\/p>\n<p><span style=\"color: #ff0000;\">Prv\u00fd piatok<\/span><\/td>\n<td style=\"text-align: center;\"><strong>Bodice:<\/strong> na \u00famysel<\/p>\n<p>+ Sv\u00e4topluk a rodi\u010dia<\/td>\n<td style=\"text-align: center;\">N\u00e1v\u0161teva chor\u00fdch od 08:00<\/p>\n<p><strong>Bodice: sv. zmierenia od 15:30<\/strong><\/p>\n<p><em>Sv\u00e4tobla\u017eejsk\u00e9 po\u017eehnanie hrdla<\/em><\/p>\n<p>Detsk\u00e9 stretko po sv. om\u0161i<\/td>\n<\/tr>\n<tr>\n<td style=\"text-align: center;\">Sobota 4.2.<\/td>\n<td style=\"text-align: center;\"><span style=\"color: #000000;\">8:00<\/span><\/td>\n<td style=\"text-align: center;\"><span style=\"color: #0000ff;\">O Nepo\u0161kvrnenom Srdci Panny M\u00e1rie<\/span><\/td>\n<td style=\"text-align: center;\">+ \u0160tefan Masl\u00e1k a + z rodiny<\/td>\n<td style=\"text-align: center;\">Fatimsk\u00e1 pobo\u017enos\u0165 o 7:30<\/td>\n<\/tr>\n<tr>\n<td style=\"text-align: center;\"><strong>Nede\u013ea 5.2.<\/strong><\/td>\n<td style=\"text-align: center;\">7:00<\/p>\n<p><span style=\"color: #000000;\"><strong>8:15<\/strong><\/span><\/p>\n<p><span style=\"color: #000000;\">9:45<\/span><\/td>\n<td style=\"text-align: center;\"><span style=\"color: #008000;\"><strong>5. nede\u013ea v Cezro\u010dnom obdob\u00ed<\/strong><\/span><\/td>\n<td style=\"text-align: center;\">na \u00famysel ordin\u00e1ra<\/p>\n<p><span style=\"font-family: inherit; font-size: inherit;\"><strong>Bodice:<\/strong> na \u00famysel<\/span><\/p>\n<p>za veriacich<\/td>\n<td style=\"text-align: center;\">po sv. om\u0161i o 10:30 stretnutie<br \/>\ns\u00a0rodi\u010dmi prvoprij\u00edmaj\u00facich det\u00ed<\/td>\n<\/tr>\n<\/tbody>\n<\/table>\n<\/div>\n<ul>\n<li>\u00famysly sv. om\u0161\u00ed na mesiac febru\u00e1r budem zapisova\u0165 v pondelok po sv. om\u0161i.<\/li>\n<li>na bud\u00facu nede\u013eu po sv. om\u0161i o 10:30 bude stretnutie s rodi\u010dmi prvoprij\u00edmaj\u00facich det\u00ed<\/li>\n<li>o upratovanie kostola pros\u00edm rodiny Kolen\u010d\u00edkov\u00fa, Kov\u00e1\u010dov\u00fa, Slafkovsk\u00fa a Ko\u0161\u00fatov\u00fa. Boh zapla\u0165 za slu\u017ebu.<\/li>\n<\/ul>\n","protected":false},"excerpt":{"rendered":"<p>De\u0148 \u010cas Liturgick\u00fd kalend\u00e1r \u00damysel O\u010dak\u00e1vame Nede\u013ea 29.1. 7:00 8:15 9:45 4. nede\u013ea v Cezro\u010dnom obdob\u00ed na \u00famysel Bodice: na \u00famysel za veriacich Pondelok 30.1. 17:00 Pondelok 4. t\u00fd\u017ed\u0148a v Cezro\u010dnom obdob\u00ed za \u013dubom\u00edra a Ivetku s rodinou vysluhovanie sv. zmierenia od 16:30 Utorok 31.1. 17:00 Sv\u00e4t\u00e9ho J\u00e1na Bosca, k\u0148aza spomienka za rodinu \u0160kerdov\u00fa vysluhovanie [&hellip;]<\/p>\n","protected":false},"author":1,"featured_media":0,"comment_status":"closed","ping_status":"closed","sticky":false,"template":"","format":"standard","meta":{"_links_to":"","_links_to_target":""},"categories":[4,19],"tags":[],"_links":{"self":[{"href":"http:\/\/www.paludzka.fara.sk\/index.php?rest_route=\/wp\/v2\/posts\/1919"}],"collection":[{"href":"http:\/\/www.paludzka.fara.sk\/index.php?rest_route=\/wp\/v2\/posts"}],"about":[{"href":"http:\/\/www.paludzka.fara.sk\/index.php?rest_route=\/wp\/v2\/types\/post"}],"author":[{"embeddable":true,"href":"http:\/\/www.paludzka.fara.sk\/index.php?rest_route=\/wp\/v2\/users\/1"}],"replies":[{"embeddable":true,"href":"http:\/\/www.paludzka.fara.sk\/index.php?rest_route=%2Fwp%2Fv2%2Fcomments&post=1919"}],"version-history":[{"count":3,"href":"http:\/\/www.paludzka.fara.sk\/index.php?rest_route=\/wp\/v2\/posts\/1919\/revisions"}],"predecessor-version":[{"id":1922,"href":"http:\/\/www.paludzka.fara.sk\/index.php?rest_route=\/wp\/v2\/posts\/1919\/revisions\/1922"}],"wp:attachment":[{"href":"http:\/\/www.paludzka.fara.sk\/index.php?rest_route=%2Fwp%2Fv2%2Fmedia&parent=1919"}],"wp:term":[{"taxonomy":"category","embeddable":true,"href":"http:\/\/www.paludzka.fara.sk\/index.php?rest_route=%2Fwp%2Fv2%2Fcategories&post=1919"},{"taxonomy":"post_tag","embeddable":true,"href":"http:\/\/www.paludzka.fara.sk\/index.php?rest_route=%2Fwp%2Fv2%2Ftags&post=1919"}],"curies":[{"name":"wp","href":"https:\/\/api.w.org\/{rel}","templated":true}]}}