
{"id":1888,"date":"2023-01-22T00:00:30","date_gmt":"2023-01-21T23:00:30","guid":{"rendered":"http:\/\/www.paludzka.fara.sk\/?p=1888"},"modified":"2023-01-21T22:16:05","modified_gmt":"2023-01-21T21:16:05","slug":"farske-oznamy-22-1-29-1-2023","status":"publish","type":"post","link":"http:\/\/www.paludzka.fara.sk\/?p=1888","title":{"rendered":"Farsk\u00e9 oznamy 22.1.-29.1.2023"},"content":{"rendered":"<div class=\"table-responsive\">\n<table class=\"table table-bordered\">\n<thead>\n<tr>\n<th style=\"text-align: center;\">De\u0148<\/th>\n<th style=\"text-align: center;\">\u010cas<\/th>\n<th style=\"text-align: center;\">Liturgick\u00fd kalend\u00e1r<\/th>\n<th style=\"text-align: center;\">\u00damysel<\/th>\n<th style=\"text-align: center;\">O\u010dak\u00e1vame<\/th>\n<\/tr>\n<\/thead>\n<tbody>\n<tr>\n<td style=\"text-align: center;\"><strong>Nede\u013ea 22.1.<\/strong><\/td>\n<td style=\"text-align: center;\">7:00<\/p>\n<p><span style=\"color: #000000;\"><strong>8:15<\/strong><\/span><\/p>\n<p><span style=\"color: #000000;\">9:45<\/span><\/td>\n<td style=\"text-align: center;\"><span style=\"color: #008000;\"><strong>3. nede\u013ea v Cezro\u010dnom obdob\u00ed<\/strong><\/span><\/p>\n<p><span style=\"color: #ff0000;\">(Nede\u013ea Bo\u017eieho slova)<\/span><\/td>\n<td style=\"text-align: center;\">za J\u00e1na a Annu s rodinou<\/p>\n<p><strong>Bodice:<\/strong> na \u00famysel<\/p>\n<p>za veriacich<\/td>\n<td style=\"text-align: center;\"><\/td>\n<\/tr>\n<tr>\n<td style=\"text-align: center;\">Pondelok 23.1.<\/td>\n<td style=\"text-align: center;\">17:00<\/td>\n<td style=\"text-align: center;\"><span style=\"color: #008000;\">Pondelok 3. t\u00fd\u017ed\u0148a v Cezro\u010dnom obdob\u00ed<\/span><\/td>\n<td style=\"text-align: center;\">za rodinu Stanislava a Filom\u00e9ny, deti a vn\u00fa\u010dat\u00e1<\/td>\n<td style=\"text-align: center;\"><\/td>\n<\/tr>\n<tr>\n<td style=\"text-align: center;\">Utorok 24.1.<\/td>\n<td style=\"text-align: center;\">17:00<\/td>\n<td style=\"text-align: center;\"><span style=\"color: #808000;\">Sv\u00e4t\u00e9ho Franti\u0161ka Salesk\u00e9ho, biskupa a u\u010dite\u013ea Cirkvi<\/span><\/p>\n<p><span style=\"color: #808000;\">spomienka<\/span><\/td>\n<td style=\"text-align: center;\">+ Juraj Majer\u010d\u00e1k<\/td>\n<td style=\"text-align: center;\"><\/td>\n<\/tr>\n<tr>\n<td style=\"text-align: center;\">Streda 25.1.<\/td>\n<td style=\"text-align: center;\"><span style=\"color: #000000;\">7:00<\/span><\/td>\n<td style=\"text-align: center;\"><span style=\"color: #808000;\">Obr\u00e1tenie sv\u00e4t\u00e9ho Pavla, apo\u0161tola<\/span><\/p>\n<p><span style=\"color: #808000;\">sviatok<\/span><\/td>\n<td style=\"text-align: center;\">za Gitku Majer\u010d\u00e1kov\u00fa s rodinou<\/td>\n<td style=\"text-align: center;\"><\/td>\n<\/tr>\n<tr>\n<td style=\"text-align: center;\">\u0160tvrtok 26.1.<\/td>\n<td style=\"text-align: center;\"><span style=\"color: #000000;\">17:00<\/span><\/td>\n<td style=\"text-align: center;\"><span style=\"color: #808000;\">Sv\u00e4t\u00fdch Timoteja a T\u00edta, biskupov<\/span><\/p>\n<p><span style=\"color: #808000;\">spomienka<\/span><\/td>\n<td style=\"text-align: center;\">za deti<\/td>\n<td style=\"text-align: center;\">ador\u00e1cia od 16:30<\/td>\n<\/tr>\n<tr>\n<td style=\"text-align: center;\">Piatok 27.1.<\/td>\n<td style=\"text-align: center;\"><span style=\"color: #000000;\">17:00<\/span><\/td>\n<td style=\"text-align: center;\"><span style=\"color: #008000;\">Piatok 3. t\u00fd\u017ed\u0148a v Cezro\u010dnom obdob\u00ed<\/span><\/td>\n<td style=\"text-align: center;\">+ rodi\u010dia Majer\u010d\u00e1kovi a Mati\u0161t\u00edkovi<\/td>\n<td style=\"text-align: center;\"><\/td>\n<\/tr>\n<tr>\n<td style=\"text-align: center;\">Sobota 28.1.<\/td>\n<td style=\"text-align: center;\"><span style=\"color: #000000;\">8:00<\/span><\/td>\n<td style=\"text-align: center;\"><span style=\"color: #808000;\">Sv\u00e4t\u00e9ho Tom\u00e1\u0161a Akvinsk\u00e9ho, k\u0148aza a u\u010dite\u013ea Cirkvi<\/span><\/p>\n<p><span style=\"color: #808000;\">spomienka<\/span><\/td>\n<td style=\"text-align: center;\">za rodinu Martina a Michaely s rodinou<\/td>\n<td style=\"text-align: center;\"><\/td>\n<\/tr>\n<tr>\n<td style=\"text-align: center;\"><strong>Nede\u013ea 29.1.<\/strong><\/td>\n<td style=\"text-align: center;\">7:00<\/p>\n<p><span style=\"color: #000000;\"><strong>8:15<\/strong><\/span><\/p>\n<p><span style=\"color: #000000;\">9:45<\/span><\/td>\n<td style=\"text-align: center;\"><span style=\"color: #008000;\"><strong>4. nede\u013ea v Cezro\u010dnom obdob\u00ed<\/strong><\/span><\/td>\n<td style=\"text-align: center;\">na \u00famysel<\/p>\n<p><span style=\"font-family: inherit; font-size: inherit;\"><strong>Bodice:<\/strong> na \u00famysel<\/span><\/p>\n<p>za veriacich<\/td>\n<td style=\"text-align: center;\"><\/td>\n<\/tr>\n<\/tbody>\n<\/table>\n<\/div>\n<ul>\n<li>od 18. do 25. janu\u00e1ra je <em>T\u00fd\u017ede\u0148 modlitieb za jednotu kres\u0165anov<\/em>. Pam\u00e4tajme v modlitb\u00e1ch a obet\u00e1ch na tento \u00famysel.<\/li>\n<li>dne\u0161n\u00e1 nede\u013ea je nede\u013eou Bo\u017eieho slova. M\u00e1 by\u0165 d\u0148om oslavy, \u0161t\u00fadia a \u0161\u00edrenia Bo\u017eieho slova.<\/li>\n<li>v zbierke na opravu kostolov sa vyzbieralo: Bodice 210 \u20ac. Bohuzn\u00e1mi na kostol daroval 20 \u20ac. P\u00e1n Boh zapla\u0165. Pal\u00fadzka 640 \u20ac z toho 100 \u20ac darovalo ru\u017eencov\u00e9 spolo\u010denstvo. P\u00e1n Boh zapla\u0165.<\/li>\n<li>na ma\u013eovanie kostola Bohuzn\u00e1mi obetoval 100 \u20ac, na opravu kostola v Pal\u00fazke Bohuzn\u00e1me darovali 200 \u20ac. V\u0161etk\u00fdm \u0161tedr\u00fdm darcom P\u00e1n Boh zapla\u0165.<\/li>\n<li>o upratovanie kostola pros\u00edm rodiny Koh\u00fatov\u00fa, Vdovcov\u00fa, Bebkov\u00fa a Rybovi\u010dov\u00fa. Boh zapla\u0165 za slu\u017ebu.<\/li>\n<\/ul>\n","protected":false},"excerpt":{"rendered":"<p>De\u0148 \u010cas Liturgick\u00fd kalend\u00e1r \u00damysel O\u010dak\u00e1vame Nede\u013ea 22.1. 7:00 8:15 9:45 3. nede\u013ea v Cezro\u010dnom obdob\u00ed (Nede\u013ea Bo\u017eieho slova) za J\u00e1na a Annu s rodinou Bodice: na \u00famysel za veriacich Pondelok 23.1. 17:00 Pondelok 3. t\u00fd\u017ed\u0148a v Cezro\u010dnom obdob\u00ed za rodinu Stanislava a Filom\u00e9ny, deti a vn\u00fa\u010dat\u00e1 Utorok 24.1. 17:00 Sv\u00e4t\u00e9ho Franti\u0161ka Salesk\u00e9ho, biskupa a [&hellip;]<\/p>\n","protected":false},"author":1,"featured_media":0,"comment_status":"closed","ping_status":"closed","sticky":false,"template":"","format":"standard","meta":{"_links_to":"","_links_to_target":""},"categories":[4,19],"tags":[],"_links":{"self":[{"href":"http:\/\/www.paludzka.fara.sk\/index.php?rest_route=\/wp\/v2\/posts\/1888"}],"collection":[{"href":"http:\/\/www.paludzka.fara.sk\/index.php?rest_route=\/wp\/v2\/posts"}],"about":[{"href":"http:\/\/www.paludzka.fara.sk\/index.php?rest_route=\/wp\/v2\/types\/post"}],"author":[{"embeddable":true,"href":"http:\/\/www.paludzka.fara.sk\/index.php?rest_route=\/wp\/v2\/users\/1"}],"replies":[{"embeddable":true,"href":"http:\/\/www.paludzka.fara.sk\/index.php?rest_route=%2Fwp%2Fv2%2Fcomments&post=1888"}],"version-history":[{"count":1,"href":"http:\/\/www.paludzka.fara.sk\/index.php?rest_route=\/wp\/v2\/posts\/1888\/revisions"}],"predecessor-version":[{"id":1890,"href":"http:\/\/www.paludzka.fara.sk\/index.php?rest_route=\/wp\/v2\/posts\/1888\/revisions\/1890"}],"wp:attachment":[{"href":"http:\/\/www.paludzka.fara.sk\/index.php?rest_route=%2Fwp%2Fv2%2Fmedia&parent=1888"}],"wp:term":[{"taxonomy":"category","embeddable":true,"href":"http:\/\/www.paludzka.fara.sk\/index.php?rest_route=%2Fwp%2Fv2%2Fcategories&post=1888"},{"taxonomy":"post_tag","embeddable":true,"href":"http:\/\/www.paludzka.fara.sk\/index.php?rest_route=%2Fwp%2Fv2%2Ftags&post=1888"}],"curies":[{"name":"wp","href":"https:\/\/api.w.org\/{rel}","templated":true}]}}