
{"id":1869,"date":"2023-01-15T00:00:31","date_gmt":"2023-01-14T23:00:31","guid":{"rendered":"http:\/\/www.paludzka.fara.sk\/?p=1869"},"modified":"2023-01-14T12:46:57","modified_gmt":"2023-01-14T11:46:57","slug":"farske-oznamy-15-1-22-1-2023","status":"publish","type":"post","link":"http:\/\/www.paludzka.fara.sk\/?p=1869","title":{"rendered":"Farsk\u00e9 oznamy 15.1.-22.1.2023"},"content":{"rendered":"<div class=\"table-responsive\">\n<table class=\"table table-bordered\">\n<thead>\n<tr>\n<th style=\"text-align: center;\">De\u0148<\/th>\n<th style=\"text-align: center;\">\u010cas<\/th>\n<th style=\"text-align: center;\">Liturgick\u00fd kalend\u00e1r<\/th>\n<th style=\"text-align: center;\">\u00damysel<\/th>\n<th style=\"text-align: center;\">O\u010dak\u00e1vame<\/th>\n<\/tr>\n<\/thead>\n<tbody>\n<tr>\n<td style=\"text-align: center;\"><strong>Nede\u013ea 15.1.<\/strong><\/td>\n<td style=\"text-align: center;\">7:00<\/p>\n<p><span style=\"color: #000000;\"><strong>8:15<\/strong><\/span><\/p>\n<p><span style=\"color: #000000;\">9:45<\/span><\/td>\n<td style=\"text-align: center;\"><span style=\"color: #008000;\"><strong>2. nede\u013ea v Cezro\u010dnom obdob\u00ed<\/strong><\/span><\/td>\n<td style=\"text-align: center;\">za Val\u00e9ra a Alenu s rodinou<\/p>\n<p><strong>Bodice:<\/strong> na \u00famysel<\/p>\n<p>za veriacich<\/td>\n<td style=\"text-align: center;\">zbierka na opravu kostolov<\/td>\n<\/tr>\n<tr>\n<td style=\"text-align: center;\">Pondelok 16.1.<\/td>\n<td style=\"text-align: center;\">17:00<\/td>\n<td style=\"text-align: center;\"><span style=\"color: #008000;\">Pondelok 2. t\u00fd\u017ed\u0148a v Cezro\u010dnom obdob\u00ed<\/span><\/td>\n<td style=\"text-align: center;\">za zdravie a Bo\u017eie po\u017eehnanie pre rodinu \u0160i\u0161kov\u00fa<\/td>\n<td style=\"text-align: center;\"><\/td>\n<\/tr>\n<tr>\n<td style=\"text-align: center;\">Utorok 17.1.<\/td>\n<td style=\"text-align: center;\">17:00<\/td>\n<td style=\"text-align: center;\"><span style=\"color: #808000;\">Sv\u00e4t\u00e9ho Antona, op\u00e1ta<\/span><\/p>\n<p><span style=\"color: #808000;\">spomienka<\/span><\/td>\n<td style=\"text-align: center;\">za zdravie a Bo\u017eie po\u017eehnanie rod\u00edn Sur\u00e1kovej a Va\u0161\u00e1kovej<\/td>\n<td style=\"text-align: center;\"><\/td>\n<\/tr>\n<tr>\n<td style=\"text-align: center;\">Streda 18.1.<\/td>\n<td style=\"text-align: center;\"><span style=\"color: #000000;\">7:00<\/span><\/td>\n<td style=\"text-align: center;\"><span style=\"color: #008000;\">Streda 2. t\u00fd\u017ed\u0148a v Cezro\u010dnom obdob\u00ed<\/span><\/td>\n<td style=\"text-align: center;\">za rodinu \u0160uvadov\u00fa \u2013 50 rokov sob\u00e1\u0161a<\/td>\n<td style=\"text-align: center;\"><\/td>\n<\/tr>\n<tr>\n<td style=\"text-align: center;\">\u0160tvrtok 19.1.<\/td>\n<td style=\"text-align: center;\"><span style=\"color: #000000;\">17:00<\/span><\/td>\n<td style=\"text-align: center;\"><span style=\"color: #808000;\">Za jednotu kres\u0165anov<\/span><\/td>\n<td style=\"text-align: center;\">+ rodi\u010dia Petra a Andrei<\/td>\n<td style=\"text-align: center;\">ador\u00e1cia od 16:30<\/td>\n<\/tr>\n<tr>\n<td style=\"text-align: center;\">Piatok 20.1.<\/td>\n<td style=\"text-align: center;\"><span style=\"color: #000000;\">17:00<\/span><\/td>\n<td style=\"text-align: center;\"><span style=\"color: #008000;\">Piatok 2. t\u00fd\u017ed\u0148a v Cezro\u010dnom obdob\u00ed<\/span><\/td>\n<td style=\"text-align: center;\">+ J\u00e1n a Angela<\/td>\n<td style=\"text-align: center;\">sv. om\u0161a za \u00fa\u010dasti det\u00ed<\/td>\n<\/tr>\n<tr>\n<td style=\"text-align: center;\">Sobota 21.1.<\/td>\n<td style=\"text-align: center;\"><span style=\"color: #000000;\">8:00<\/span><\/td>\n<td style=\"text-align: center;\"><span style=\"color: #ff0000;\">Sv\u00e4tej Agnesy, panny a mu\u010denice<\/span><\/p>\n<p><span style=\"color: #ff0000;\">spomienka<\/span><\/td>\n<td style=\"text-align: center;\">+ rodi\u010dia Stanislava a Filom\u00e9ny<\/td>\n<td style=\"text-align: center;\"><\/td>\n<\/tr>\n<tr>\n<td style=\"text-align: center;\"><strong>Nede\u013ea 22.1.<\/strong><\/td>\n<td style=\"text-align: center;\">7:00<\/p>\n<p><span style=\"color: #000000;\"><strong>8:15<\/strong><\/span><\/p>\n<p><span style=\"color: #000000;\">9:45<\/span><\/td>\n<td style=\"text-align: center;\"><span style=\"color: #008000;\"><strong>3. nede\u013ea v Cezro\u010dnom obdob\u00ed<\/strong><\/span><\/p>\n<p><span style=\"color: #ff0000;\">(Nede\u013ea Bo\u017eieho slova)<\/span><\/td>\n<td style=\"text-align: center;\">za J\u00e1na a Annu s rodinou<\/p>\n<p><span style=\"font-family: inherit; font-size: inherit;\"><strong>Bodice:<\/strong> na \u00famysel<\/span><\/p>\n<p>za veriacich<\/td>\n<td style=\"text-align: center;\"><\/td>\n<\/tr>\n<\/tbody>\n<\/table>\n<\/div>\n<ul>\n<li>od 18. do 25. janu\u00e1ra je T\u00fd\u017ede\u0148 modlitieb za jednotu kres\u0165anov. Pam\u00e4tajme v modlitb\u00e1ch a obet\u00e1ch na tento \u00famysel.<\/li>\n<li>pri pr\u00edle\u017eitosti bl\u00ed\u017eiacej sa Nedele Bo\u017eieho slova, ktor\u00e1 sa bude sl\u00e1vi\u0165 v nede\u013eu 22. janu\u00e1ra 2023, si m\u00f4\u017eete zo str\u00e1nky farnosti stiahnu\u0165 pobo\u017enos\u0165 introniz\u00e1cie Sv\u00e4t\u00e9ho p\u00edsma v dom\u00e1cnostiach. Pobo\u017enos\u0165 pripravil prof. Franti\u0161ek Trstensk\u00fd, far\u00e1r a dekan v Ke\u017emarku.<\/li>\n<li>Bohuzn\u00e1me rodiny zo Zuberca darovali na kostol 100 \u20ac, Bohuzn\u00e1ma na kostol v Pal\u00fadzke obetovala 200 \u20ac. V\u0161etk\u00fdm darcom \u00faprimn\u00e9 P\u00e1n Boh zapla\u0165.<\/li>\n<li>dnes je zbierka na opravu kostolov. V\u0161etk\u00fdm darcom vopred P\u00e1n Boh zapla\u0165.<\/li>\n<li>o upratovanie kostola pros\u00edm rodiny Hunanov\u00fa, Adam\u010diakov\u00fa M., Slukov\u00fa a Jurisov\u00fa. Boh zapla\u0165 za slu\u017ebu.<\/li>\n<\/ul>\n","protected":false},"excerpt":{"rendered":"<p>De\u0148 \u010cas Liturgick\u00fd kalend\u00e1r \u00damysel O\u010dak\u00e1vame Nede\u013ea 15.1. 7:00 8:15 9:45 2. nede\u013ea v Cezro\u010dnom obdob\u00ed za Val\u00e9ra a Alenu s rodinou Bodice: na \u00famysel za veriacich zbierka na opravu kostolov Pondelok 16.1. 17:00 Pondelok 2. t\u00fd\u017ed\u0148a v Cezro\u010dnom obdob\u00ed za zdravie a Bo\u017eie po\u017eehnanie pre rodinu \u0160i\u0161kov\u00fa Utorok 17.1. 17:00 Sv\u00e4t\u00e9ho Antona, op\u00e1ta spomienka [&hellip;]<\/p>\n","protected":false},"author":1,"featured_media":0,"comment_status":"closed","ping_status":"closed","sticky":false,"template":"","format":"standard","meta":{"_links_to":"","_links_to_target":""},"categories":[4,19],"tags":[],"_links":{"self":[{"href":"http:\/\/www.paludzka.fara.sk\/index.php?rest_route=\/wp\/v2\/posts\/1869"}],"collection":[{"href":"http:\/\/www.paludzka.fara.sk\/index.php?rest_route=\/wp\/v2\/posts"}],"about":[{"href":"http:\/\/www.paludzka.fara.sk\/index.php?rest_route=\/wp\/v2\/types\/post"}],"author":[{"embeddable":true,"href":"http:\/\/www.paludzka.fara.sk\/index.php?rest_route=\/wp\/v2\/users\/1"}],"replies":[{"embeddable":true,"href":"http:\/\/www.paludzka.fara.sk\/index.php?rest_route=%2Fwp%2Fv2%2Fcomments&post=1869"}],"version-history":[{"count":1,"href":"http:\/\/www.paludzka.fara.sk\/index.php?rest_route=\/wp\/v2\/posts\/1869\/revisions"}],"predecessor-version":[{"id":1870,"href":"http:\/\/www.paludzka.fara.sk\/index.php?rest_route=\/wp\/v2\/posts\/1869\/revisions\/1870"}],"wp:attachment":[{"href":"http:\/\/www.paludzka.fara.sk\/index.php?rest_route=%2Fwp%2Fv2%2Fmedia&parent=1869"}],"wp:term":[{"taxonomy":"category","embeddable":true,"href":"http:\/\/www.paludzka.fara.sk\/index.php?rest_route=%2Fwp%2Fv2%2Fcategories&post=1869"},{"taxonomy":"post_tag","embeddable":true,"href":"http:\/\/www.paludzka.fara.sk\/index.php?rest_route=%2Fwp%2Fv2%2Ftags&post=1869"}],"curies":[{"name":"wp","href":"https:\/\/api.w.org\/{rel}","templated":true}]}}