
{"id":1849,"date":"2023-01-08T00:00:54","date_gmt":"2023-01-07T23:00:54","guid":{"rendered":"http:\/\/www.paludzka.fara.sk\/?p=1849"},"modified":"2023-01-08T13:48:28","modified_gmt":"2023-01-08T12:48:28","slug":"farske-oznamy-8-1-2022-15-1-2023","status":"publish","type":"post","link":"http:\/\/www.paludzka.fara.sk\/?p=1849","title":{"rendered":"Farsk\u00e9 oznamy 8.1.-15.1.2023"},"content":{"rendered":"<div class=\"table-responsive\">\n<table class=\"table table-bordered\">\n<thead>\n<tr>\n<th style=\"text-align: center;\">De\u0148<\/th>\n<th style=\"text-align: center;\">\u010cas<\/th>\n<th style=\"text-align: center;\">Liturgick\u00fd kalend\u00e1r<\/th>\n<th style=\"text-align: center;\">\u00damysel<\/th>\n<th style=\"text-align: center;\">O\u010dak\u00e1vame<\/th>\n<\/tr>\n<\/thead>\n<tbody>\n<tr>\n<td style=\"text-align: center;\"><strong>Nede\u013ea 8.1.<\/strong><\/td>\n<td style=\"text-align: center;\">7:00<\/p>\n<p><span style=\"color: #000000;\"><strong>8:15<\/strong><\/span><\/p>\n<p><span style=\"color: #000000;\">9:45<\/span><\/td>\n<td style=\"text-align: center;\"><span style=\"color: #808000;\"><strong>Krst Krista P\u00e1na<\/strong><\/span><\/p>\n<p><span style=\"color: #808000;\">sviatok<\/span><\/td>\n<td style=\"text-align: center;\">za Vladim\u00edra a Annu s rodinou<\/p>\n<p><strong>Bodice:<\/strong> na \u00famysel<\/p>\n<p>za veriacich<\/td>\n<td style=\"text-align: center;\">kon\u010d\u00ed viano\u010dn\u00e9 obdobie<\/p>\n<p>strom\u010deky ako ozdoba m\u00f4\u017eu zosta\u0165 do 2. febru\u00e1ra<\/td>\n<\/tr>\n<tr>\n<td style=\"text-align: center;\">Pondelok 9.1.<\/td>\n<td style=\"text-align: center;\">17:00<\/td>\n<td style=\"text-align: center;\"><span style=\"color: #008000;\">Pondelok 1. t\u00fd\u017ed\u0148a v Cezro\u010dnom obdob\u00ed<\/span><\/td>\n<td style=\"text-align: center;\">za Bo\u017eiu pomoc pre rodinu<\/td>\n<td style=\"text-align: center;\"><\/td>\n<\/tr>\n<tr>\n<td style=\"text-align: center;\">Utorok 10.1.<\/td>\n<td style=\"text-align: center;\">17:00<\/td>\n<td style=\"text-align: center;\"><span style=\"color: #008000;\">Utorok 1. t\u00fd\u017ed\u0148a v Cezro\u010dnom obdob\u00ed<\/span><\/td>\n<td style=\"text-align: center;\">za zdravie a Bo\u017eie po\u017eehnanie rodiny<\/td>\n<td style=\"text-align: center;\"><\/td>\n<\/tr>\n<tr>\n<td style=\"text-align: center;\">Streda 11.1.<\/td>\n<td style=\"text-align: center;\"><span style=\"color: #000000;\">7:00<\/span><\/td>\n<td style=\"text-align: center;\"><span style=\"color: #008000;\">Streda 1. t\u00fd\u017ed\u0148a v Cezro\u010dnom obdob\u00ed<\/span><\/td>\n<td style=\"text-align: center;\">+ J\u00e1n a Ter\u00e9zia<\/td>\n<td style=\"text-align: center;\"><\/td>\n<\/tr>\n<tr>\n<td style=\"text-align: center;\">\u0160tvrtok 12.1.<\/td>\n<td style=\"text-align: center;\"><span style=\"color: #000000;\">17:00<\/span><\/td>\n<td style=\"text-align: center;\"><span style=\"color: #008000;\">\u0160tvrtok 1. t\u00fd\u017ed\u0148a v Cezro\u010dnom obdob\u00ed<\/span><\/td>\n<td style=\"text-align: center;\">+ J\u00e1n a Eva<\/td>\n<td style=\"text-align: center;\">ador\u00e1cia od 16:30<\/td>\n<\/tr>\n<tr>\n<td style=\"text-align: center;\">Piatok 13.1.<\/td>\n<td style=\"text-align: center;\"><span style=\"color: #000000;\">17:00<\/span><\/td>\n<td style=\"text-align: center;\"><span style=\"color: #008000;\">Piatok 1. t\u00fd\u017ed\u0148a v Cezro\u010dnom obdob\u00ed<\/span><\/td>\n<td style=\"text-align: center;\">+ \u0160tefan, Vlasta, Edita a Anna<\/td>\n<td style=\"text-align: center;\"><\/td>\n<\/tr>\n<tr>\n<td style=\"text-align: center;\">Sobota 14.1.<\/td>\n<td style=\"text-align: center;\"><span style=\"color: #000000;\">8:00<\/span><\/td>\n<td style=\"text-align: center;\"><span style=\"color: #0000ff;\">Preblahoslavenej Panny M\u00e1rie v sobotu<\/span><\/p>\n<p><span style=\"color: #0000ff;\">\u013eubovo\u013en\u00e1 spomienka<\/span><\/td>\n<td style=\"text-align: center;\">+ J\u00e1n a Marcela<\/td>\n<td style=\"text-align: center;\"><\/td>\n<\/tr>\n<tr>\n<td style=\"text-align: center;\"><strong>Nede\u013ea 15.1.<\/strong><\/td>\n<td style=\"text-align: center;\">7:00<\/p>\n<p><span style=\"color: #000000;\"><strong>8:15<\/strong><\/span><\/p>\n<p><span style=\"color: #000000;\">9:45<\/span><\/td>\n<td style=\"text-align: center;\"><span style=\"color: #008000;\"><strong>2. nede\u013ea v Cezro\u010dnom obdob\u00ed<\/strong><\/span><\/td>\n<td style=\"text-align: center;\">za Val\u00e9ra a Alenu s rodinou<\/p>\n<p><span style=\"font-family: inherit; font-size: inherit;\"><strong>Bodice:<\/strong> na \u00famysel<\/span><\/p>\n<p>za veriacich<\/td>\n<td style=\"text-align: center;\">zbierka na opravu kostolov<\/td>\n<\/tr>\n<\/tbody>\n<\/table>\n<\/div>\n<ul>\n<li>P\u00e1n Boh zapla\u0165 v\u0161etk\u00fdm, ktor\u00ed prispeli k pekn\u00e9mu pre\u017eitiu Viano\u010dn\u00fdch sviatkov. Pani organistk\u00e1m, spevokolu, lektorom, mini\u0161trantom a t\u00fdm, ktor\u00ed pomohli pri v\u00fdzdobe na\u0161ich kostolov.<\/li>\n<li>Bohuzn\u00e1me rodiny na ma\u013eovanie kostola obetovali 50, 50 a 1 000 a 150 \u20ac. V\u0161etk\u00fdm darcom \u00faprimn\u00e9 P\u00e1n Boh zapla\u0165.<\/li>\n<li>na bud\u00facu nede\u013eu bude zbierka na opravu kostolov. V\u0161etk\u00fdm darcom vopred P\u00e1n Boh zapla\u0165.<\/li>\n<li>o upratovanie kostola pros\u00edm rodiny Badl\u00edkov\u00fa, Kuskov\u00fa, Plevov\u00fa, Tur\u010dinov\u00fa. Boh zapla\u0165 za slu\u017ebu.<\/li>\n<\/ul>\n","protected":false},"excerpt":{"rendered":"<p>De\u0148 \u010cas Liturgick\u00fd kalend\u00e1r \u00damysel O\u010dak\u00e1vame Nede\u013ea 8.1. 7:00 8:15 9:45 Krst Krista P\u00e1na sviatok za Vladim\u00edra a Annu s rodinou Bodice: na \u00famysel za veriacich kon\u010d\u00ed viano\u010dn\u00e9 obdobie strom\u010deky ako ozdoba m\u00f4\u017eu zosta\u0165 do 2. febru\u00e1ra Pondelok 9.1. 17:00 Pondelok 1. t\u00fd\u017ed\u0148a v Cezro\u010dnom obdob\u00ed za Bo\u017eiu pomoc pre rodinu Utorok 10.1. 17:00 Utorok [&hellip;]<\/p>\n","protected":false},"author":1,"featured_media":0,"comment_status":"closed","ping_status":"closed","sticky":false,"template":"","format":"standard","meta":{"_links_to":"","_links_to_target":""},"categories":[4,19],"tags":[],"_links":{"self":[{"href":"http:\/\/www.paludzka.fara.sk\/index.php?rest_route=\/wp\/v2\/posts\/1849"}],"collection":[{"href":"http:\/\/www.paludzka.fara.sk\/index.php?rest_route=\/wp\/v2\/posts"}],"about":[{"href":"http:\/\/www.paludzka.fara.sk\/index.php?rest_route=\/wp\/v2\/types\/post"}],"author":[{"embeddable":true,"href":"http:\/\/www.paludzka.fara.sk\/index.php?rest_route=\/wp\/v2\/users\/1"}],"replies":[{"embeddable":true,"href":"http:\/\/www.paludzka.fara.sk\/index.php?rest_route=%2Fwp%2Fv2%2Fcomments&post=1849"}],"version-history":[{"count":3,"href":"http:\/\/www.paludzka.fara.sk\/index.php?rest_route=\/wp\/v2\/posts\/1849\/revisions"}],"predecessor-version":[{"id":1853,"href":"http:\/\/www.paludzka.fara.sk\/index.php?rest_route=\/wp\/v2\/posts\/1849\/revisions\/1853"}],"wp:attachment":[{"href":"http:\/\/www.paludzka.fara.sk\/index.php?rest_route=%2Fwp%2Fv2%2Fmedia&parent=1849"}],"wp:term":[{"taxonomy":"category","embeddable":true,"href":"http:\/\/www.paludzka.fara.sk\/index.php?rest_route=%2Fwp%2Fv2%2Fcategories&post=1849"},{"taxonomy":"post_tag","embeddable":true,"href":"http:\/\/www.paludzka.fara.sk\/index.php?rest_route=%2Fwp%2Fv2%2Ftags&post=1849"}],"curies":[{"name":"wp","href":"https:\/\/api.w.org\/{rel}","templated":true}]}}