
{"id":1816,"date":"2023-01-01T00:00:13","date_gmt":"2022-12-31T23:00:13","guid":{"rendered":"http:\/\/www.paludzka.fara.sk\/?p=1816"},"modified":"2023-02-25T17:47:52","modified_gmt":"2023-02-25T16:47:52","slug":"farske-oznamy-1-1-2022-8-1-2023","status":"publish","type":"post","link":"http:\/\/www.paludzka.fara.sk\/?p=1816","title":{"rendered":"Farsk\u00e9 oznamy 1.1.-8.1.2023"},"content":{"rendered":"<div class=\"table-responsive\">\n<table class=\"table table-bordered\">\n<thead>\n<tr>\n<th style=\"text-align: center;\">De\u0148<\/th>\n<th style=\"text-align: center;\">\u010cas<\/th>\n<th style=\"text-align: center;\">Liturgick\u00fd kalend\u00e1r<\/th>\n<th style=\"text-align: center;\">\u00damysel<\/th>\n<th style=\"text-align: center;\">O\u010dak\u00e1vame<\/th>\n<\/tr>\n<\/thead>\n<tbody>\n<tr>\n<td style=\"text-align: center;\"><strong>Nede\u013ea 1.1.<\/strong><\/td>\n<td style=\"text-align: center;\">7:00<\/p>\n<p><span style=\"color: #000000;\"><strong>8:15<\/strong><\/span><\/p>\n<p><span style=\"color: #000000;\">9:45<\/span><\/td>\n<td style=\"text-align: center;\"><strong><span style=\"color: #0000ff;\">Panny M\u00e1rie Bohorodi\u010dky<\/span><\/strong><\/p>\n<p><span style=\"color: #0000ff;\">sl\u00e1vnos\u0165<\/span><\/td>\n<td style=\"text-align: center;\">na \u00famysel ordin\u00e1ra<\/p>\n<p><strong>Bodice:<\/strong> na \u00famysel<\/p>\n<p>za veriacich<\/td>\n<td style=\"text-align: center;\">\u00fapln\u00e9 odpustky \u2013 Pr\u00ed\u010f, Duchu Sv\u00e4t\u00fd, tvoriv\u00fd<\/p>\n<p><strong>Svetov\u00fd de\u0148 pokoja<\/strong><\/td>\n<\/tr>\n<tr>\n<td style=\"text-align: center;\">Pondelok 2.1.<\/td>\n<td style=\"text-align: center;\">17:00<\/td>\n<td style=\"text-align: center;\"><span style=\"color: #808000;\">Sv\u00e4t\u00fdch Bazila Ve\u013ek\u00e9ho a Gregora Nazianzsk\u00e9ho,<\/span><\/p>\n<p><span style=\"color: #808000;\">biskupov a u\u010dite\u013eov Cirkvi<\/span><\/p>\n<p><span style=\"color: #808000;\">spomienka<\/span><\/td>\n<td style=\"text-align: center;\">za po\u017eehnanie rodiny<\/td>\n<td style=\"text-align: center;\"><\/td>\n<\/tr>\n<tr>\n<td style=\"text-align: center;\">Utorok 3.1.<\/td>\n<td style=\"text-align: center;\">17:00<\/td>\n<td style=\"text-align: center;\"><span style=\"color: #808000;\">Najsv\u00e4tej\u0161ieho mena Je\u017ei\u0161<\/span><\/p>\n<p><span style=\"color: #808000;\">\u013eubovo\u013en\u00e1 spomienka<\/span><\/td>\n<td style=\"text-align: center;\">za dary zdravia a Bo\u017eieho po\u017eehnania pre rodinu<\/td>\n<td style=\"text-align: center;\">posviacka domov a rod\u00edn od 9:00 &#8211; Pal\u00fadzka<\/td>\n<\/tr>\n<tr>\n<td style=\"text-align: center;\">Streda 4.1.<\/td>\n<td style=\"text-align: center;\"><span style=\"color: #000000;\">7:00<\/span><\/td>\n<td style=\"text-align: center;\"><span style=\"color: #808000;\">Streda vo Viano\u010dnom obdob\u00ed<\/span><\/td>\n<td style=\"text-align: center;\">+ Jozef, \u0160tefan, Vladim\u00edr a Ivan<\/td>\n<td style=\"text-align: center;\"><\/td>\n<\/tr>\n<tr>\n<td style=\"text-align: center;\">\u0160tvrtok 5.1.<\/td>\n<td style=\"text-align: center;\"><span style=\"color: #000000;\">17:00<\/span><\/td>\n<td style=\"text-align: center;\"><span style=\"color: #808000;\">Sv\u00e4t\u00e1 om\u0161a z nasleduj\u00facej sl\u00e1vnosti<\/span><\/td>\n<td style=\"text-align: center;\">+ Ign\u00e1c, Darina, Jozef a M\u00e1ria<\/td>\n<td style=\"text-align: center;\">n\u00e1v\u0161teva chor\u00fdch od 08:00<br \/>\nPrv\u00fd \u0161tvrtok v mesiaci &#8211; de\u0148 modlitieb za duchovn\u00e9 povolania<\/td>\n<\/tr>\n<tr>\n<td style=\"text-align: center;\">Piatok 6.1.<\/td>\n<td style=\"text-align: center;\"><span style=\"color: #000000;\">7:00<\/span><\/p>\n<p><strong>8:15<\/strong><\/p>\n<p>9:45<\/td>\n<td style=\"text-align: center;\"><span style=\"color: #808000;\"><strong>Zjavenie P\u00e1na<\/strong><\/span><\/p>\n<p><span style=\"color: #808000;\">sl\u00e1vnos\u0165<\/span><\/td>\n<td style=\"text-align: center;\">na \u00famysel ordin\u00e1ra<\/p>\n<p><strong>Bodice:<\/strong> na \u00famysel<\/p>\n<p>+ Ivan Obrcian, 1. v\u00fdro\u010die<\/td>\n<td style=\"text-align: center;\"><span style=\"color: #ff0000;\">Pri sv\u00e4t\u00fdch om\u0161iach po\u017eehnanie vody<\/span><\/p>\n<p>posviacka domov a rod\u00edn &#8211; Bodice, Dem\u00e4nov\u00e1 od 12:00<\/td>\n<\/tr>\n<tr>\n<td style=\"text-align: center;\">Sobota 7.1.<\/td>\n<td style=\"text-align: center;\"><span style=\"color: #000000;\">8:00<\/span><\/td>\n<td style=\"text-align: center;\"><span style=\"color: #808000;\">Sobota po Zjaven\u00ed P\u00e1na<\/span><\/td>\n<td style=\"text-align: center;\">+ Rudolf<\/td>\n<td style=\"text-align: center;\">Fatimsk\u00e1 pobo\u017enos\u0165 o 7:30<\/p>\n<p>posviacka rod\u00edn a domov od 9:00<\/td>\n<\/tr>\n<tr>\n<td style=\"text-align: center;\"><strong>Nede\u013ea 8.1.<\/strong><\/td>\n<td style=\"text-align: center;\">7:00<\/p>\n<p><span style=\"color: #000000;\"><strong>8:15<\/strong><\/span><\/p>\n<p><span style=\"color: #000000;\">9:45<\/span><\/td>\n<td style=\"text-align: center;\"><span style=\"color: #808000;\"><strong>Krst Krista P\u00e1na<\/strong><\/span><\/p>\n<p><span style=\"color: #808000;\">sviatok<\/span><\/td>\n<td style=\"text-align: center;\">za Vladim\u00edra a Annu s rodinou<\/p>\n<p><span style=\"font-family: inherit; font-size: inherit;\"><strong>Bodice:<\/strong> na \u00famysel<\/span><\/p>\n<p>za veriacich<\/td>\n<td style=\"text-align: center;\">kon\u010d\u00ed viano\u010dn\u00e9 obdobie<\/p>\n<p>strom\u010deky ako ozdoba m\u00f4\u017eu zosta\u0165 do 2. febru\u00e1ra<\/td>\n<\/tr>\n<\/tbody>\n<\/table>\n<\/div>\n<ul>\n<li>na posviacku domov a rod\u00edn sa m\u00f4\u017eete zap\u00edsa\u0165 vzadu na stol\u00edku v kostoloch. Prebieha\u0165 bude:\n<ul>\n<li>v Pal\u00fadzke 3.1.2023 (utorok) od 9:00<\/li>\n<li>v Bodiciach, Dem\u00e4novej 6.1.2023 (piatok) od 12:00<\/li>\n<li>v Pal\u00fadzke, Andiciach, Beniciach 7.1.2023 (sobota) od 9:00<\/li>\n<\/ul>\n<\/li>\n<li>o upratovanie kostola pros\u00edm rodiny Ra\u010dkov\u00e1, Mra\u010dnov\u00e1, Tk\u00e1\u010dov\u00e1 a Gub\u00e1\u0161ov\u00e1. Boh zapla\u0165 za slu\u017ebu.<\/li>\n<\/ul>\n<h1 style=\"text-align: center;\"><strong>Prajem v\u00e1m po\u017eehnan\u00fd nov\u00fd rok<\/strong><\/h1>\n","protected":false},"excerpt":{"rendered":"<p>De\u0148 \u010cas Liturgick\u00fd kalend\u00e1r \u00damysel O\u010dak\u00e1vame Nede\u013ea 1.1. 7:00 8:15 9:45 Panny M\u00e1rie Bohorodi\u010dky sl\u00e1vnos\u0165 na \u00famysel ordin\u00e1ra Bodice: na \u00famysel za veriacich \u00fapln\u00e9 odpustky \u2013 Pr\u00ed\u010f, Duchu Sv\u00e4t\u00fd, tvoriv\u00fd Svetov\u00fd de\u0148 pokoja Pondelok 2.1. 17:00 Sv\u00e4t\u00fdch Bazila Ve\u013ek\u00e9ho a Gregora Nazianzsk\u00e9ho, biskupov a u\u010dite\u013eov Cirkvi spomienka za po\u017eehnanie rodiny Utorok 3.1. 17:00 Najsv\u00e4tej\u0161ieho mena [&hellip;]<\/p>\n","protected":false},"author":1,"featured_media":0,"comment_status":"closed","ping_status":"closed","sticky":false,"template":"","format":"standard","meta":{"_links_to":"","_links_to_target":""},"categories":[4,19],"tags":[],"_links":{"self":[{"href":"http:\/\/www.paludzka.fara.sk\/index.php?rest_route=\/wp\/v2\/posts\/1816"}],"collection":[{"href":"http:\/\/www.paludzka.fara.sk\/index.php?rest_route=\/wp\/v2\/posts"}],"about":[{"href":"http:\/\/www.paludzka.fara.sk\/index.php?rest_route=\/wp\/v2\/types\/post"}],"author":[{"embeddable":true,"href":"http:\/\/www.paludzka.fara.sk\/index.php?rest_route=\/wp\/v2\/users\/1"}],"replies":[{"embeddable":true,"href":"http:\/\/www.paludzka.fara.sk\/index.php?rest_route=%2Fwp%2Fv2%2Fcomments&post=1816"}],"version-history":[{"count":3,"href":"http:\/\/www.paludzka.fara.sk\/index.php?rest_route=\/wp\/v2\/posts\/1816\/revisions"}],"predecessor-version":[{"id":1852,"href":"http:\/\/www.paludzka.fara.sk\/index.php?rest_route=\/wp\/v2\/posts\/1816\/revisions\/1852"}],"wp:attachment":[{"href":"http:\/\/www.paludzka.fara.sk\/index.php?rest_route=%2Fwp%2Fv2%2Fmedia&parent=1816"}],"wp:term":[{"taxonomy":"category","embeddable":true,"href":"http:\/\/www.paludzka.fara.sk\/index.php?rest_route=%2Fwp%2Fv2%2Fcategories&post=1816"},{"taxonomy":"post_tag","embeddable":true,"href":"http:\/\/www.paludzka.fara.sk\/index.php?rest_route=%2Fwp%2Fv2%2Ftags&post=1816"}],"curies":[{"name":"wp","href":"https:\/\/api.w.org\/{rel}","templated":true}]}}