
{"id":1799,"date":"2022-12-25T00:00:26","date_gmt":"2022-12-24T23:00:26","guid":{"rendered":"http:\/\/www.paludzka.fara.sk\/?p=1799"},"modified":"2024-04-21T15:44:42","modified_gmt":"2024-04-21T13:44:42","slug":"farske-oznamy-25-12-2022-1-1-2023","status":"publish","type":"post","link":"http:\/\/www.paludzka.fara.sk\/?p=1799","title":{"rendered":"Farsk\u00e9 oznamy 25.12.2022 &#8211; 1.1.2023"},"content":{"rendered":"<div class=\"table-responsive\">\n<table class=\"table table-bordered\">\n<thead>\n<tr>\n<th style=\"text-align: center;\">De\u0148<\/th>\n<th style=\"text-align: center;\">\u010cas<\/th>\n<th style=\"text-align: center;\">Liturgick\u00fd kalend\u00e1r<\/th>\n<th style=\"text-align: center;\">\u00damysel<\/th>\n<th style=\"text-align: center;\">O\u010dak\u00e1vame<\/th>\n<\/tr>\n<\/thead>\n<tbody>\n<tr>\n<td style=\"text-align: center;\"><strong>Nede\u013ea 25.12.<\/strong><\/td>\n<td style=\"text-align: center;\">0:00<\/p>\n<p><span style=\"color: #000000;\"><strong>8:15<\/strong><\/span><\/p>\n<p><span style=\"color: #000000;\">9:45<\/span><\/td>\n<td style=\"text-align: center;\"><span style=\"color: #808000;\"><strong>Narodenie P\u00e1na<\/strong><\/span><\/p>\n<p><span style=\"color: #808000;\">sl\u00e1vnos\u0165<\/span><\/td>\n<td style=\"text-align: center;\">za rodinu<\/p>\n<p><strong>Bodice:<\/strong> na \u00famysel<\/p>\n<p>za veriacich<\/td>\n<td style=\"text-align: center;\"><strong>Jasli\u010dkov\u00e1 pobo\u017enos\u0165 o 15:00<\/strong><\/td>\n<\/tr>\n<tr>\n<td style=\"text-align: center;\">Pondelok 26.12.<\/td>\n<td style=\"text-align: center;\">7:00<\/p>\n<p><strong>8:15<\/strong><\/p>\n<p>9:45<\/td>\n<td style=\"text-align: center;\"><span style=\"color: #ff0000;\"><strong>Sv\u00e4t\u00e9ho \u0160tefana, prv\u00e9ho mu\u010den\u00edka<\/strong><\/span><\/p>\n<p><span style=\"color: #ff0000;\">sviatok<\/span><\/td>\n<td style=\"text-align: center;\">za Mareka a Anetku s rodinou<\/p>\n<p><strong>Bodice:<\/strong> na \u00famysel<\/p>\n<p>za zdravie a Bo\u017eie po\u017eehnanie<\/td>\n<td style=\"text-align: center;\"><\/td>\n<\/tr>\n<tr>\n<td style=\"text-align: center;\">Utorok 27.12.<\/td>\n<td style=\"text-align: center;\">17:00<\/td>\n<td style=\"text-align: center;\"><em><span style=\"color: #808000;\">Sv\u00e4t\u00e9ho J\u00e1na, apo\u0161tola a evanjelistu<\/span><\/em><\/p>\n<p><span style=\"color: #808000;\">sviatok<\/span><\/td>\n<td style=\"text-align: center;\">za dobrodincov kostola a fary<\/td>\n<td style=\"text-align: center;\"><span style=\"color: #808000;\">Odpustov\u00e1 sl\u00e1vnos\u0165 ku cti sv. J\u00e1na apo\u0161tola a evanjelistu<\/span><\/td>\n<\/tr>\n<tr>\n<td style=\"text-align: center;\">Streda 28.12.<\/td>\n<td style=\"text-align: center;\"><span style=\"color: #000000;\">7:00<\/span><\/td>\n<td style=\"text-align: center;\"><span style=\"color: #ff0000;\">Sv\u00e4t\u00fdch Neviniatok, mu\u010den\u00edkov<\/span><\/p>\n<p><span style=\"color: #ff0000;\">sviatok<\/span><\/td>\n<td style=\"text-align: center;\">+ Darina<\/td>\n<td style=\"text-align: center;\"><\/td>\n<\/tr>\n<tr>\n<td style=\"text-align: center;\">\u0160tvrtok 29.12.<\/td>\n<td style=\"text-align: center;\"><span style=\"color: #000000;\">17:00<\/span><\/td>\n<td style=\"text-align: center;\"><span style=\"color: #808000;\">Piaty de\u0148 v okt\u00e1ve narodenia P\u00e1na<\/span><\/td>\n<td style=\"text-align: center;\">+ Veronika<\/td>\n<td style=\"text-align: center;\"><\/td>\n<\/tr>\n<tr>\n<td style=\"text-align: center;\">Piatok 30.12.<\/td>\n<td style=\"text-align: center;\"><span style=\"color: #000000;\">17:00<\/span><\/td>\n<td style=\"text-align: center;\"><span style=\"color: #808000;\">Sv\u00e4tej rodiny \u2013 Je\u017ei\u0161a, M\u00e1rie a Jozefa<\/span><\/p>\n<p><span style=\"color: #808000;\">sviatok<\/span><\/td>\n<td style=\"text-align: center;\">+ Jozef a Gizela<\/td>\n<td style=\"text-align: center;\"><\/td>\n<\/tr>\n<tr>\n<td style=\"text-align: center;\">Sobota 31.12.<\/td>\n<td style=\"text-align: center;\"><strong><span style=\"color: #000000;\">15:00<\/span><\/strong><\/p>\n<p><span style=\"color: #000000;\">17:00<\/span><\/td>\n<td style=\"text-align: center;\"><span style=\"color: #0000ff;\">Vig\u00edlia zo sl\u00e1vnosti Panny M\u00e1rie Bohorodi\u010dky<\/span><\/td>\n<td style=\"text-align: center;\"><strong>Bodice:<\/strong> na \u00famysel<\/p>\n<p>za pokoj vo svete<\/td>\n<td style=\"text-align: center;\">\u00dapln\u00e9 odpustky &#8211; Teba, Bo\u017ee, chv\u00e1lime<br \/>\n<span style=\"color: #ff0000;\">\u010eakovn\u00e9 pobo\u017enosti na konci roka<\/span><br \/>\n(\u0160tatistiky a\u00a0Hospod\u00e1renie farnosti)<\/td>\n<\/tr>\n<tr>\n<td style=\"text-align: center;\"><strong>Nede\u013ea 1.1.<\/strong><\/td>\n<td style=\"text-align: center;\">7:00<\/p>\n<p><span style=\"color: #000000;\"><strong>8:15<\/strong><\/span><\/p>\n<p><span style=\"color: #000000;\">9:45<\/span><\/td>\n<td style=\"text-align: center;\"><strong><span style=\"color: #0000ff;\">Panny M\u00e1rie Bohorodi\u010dky<\/span><\/strong><\/p>\n<p><span style=\"color: #0000ff;\">sl\u00e1vnos\u0165<\/span><\/td>\n<td style=\"text-align: center;\">na \u00famysel ordin\u00e1ra<\/p>\n<p><span style=\"font-family: inherit; font-size: inherit;\"><strong>Bodice:<\/strong> na \u00famysel<\/span><\/p>\n<p>za veriacich<\/td>\n<td style=\"text-align: center;\">\u00dapln\u00e9 odpustky \u2013 Pr\u00ed\u010f, Duchu Sv\u00e4t\u00fd, tvoriv\u00fd<\/p>\n<p><strong>Svetov\u00fd de\u0148 pokoja<\/strong><\/td>\n<\/tr>\n<\/tbody>\n<\/table>\n<\/div>\n<ul>\n<li>Srde\u010dne v\u00e1s poz\u00fdvame. Pr\u00ed\u010fte pote\u0161i\u0165 a povzbudi\u0165 na\u0161e deti, ktor\u00e9 v spolupr\u00e1ci s dospel\u00fdmi nacvi\u010dili jasli\u010dkov\u00fa pobo\u017enos\u0165. Jasli\u010dkov\u00e1 bude dnes na sl\u00e1vnos\u0165 Narodenia P\u00e1na o 15:00 vo farskom kostole v Pal\u00fadzke.<\/li>\n<li>Bohuzn\u00e1ma na kostol obetovala 100 \u20ac. P\u00e1n Boh zapla\u0165.<\/li>\n<li>Po\u017eehnanie domov a rod\u00edn pl\u00e1nujem po Novom roku.<\/li>\n<li>\u00faprimn\u00e9 P\u00e1n Boh zapla\u0165 v\u0161etk\u00fdm, ktor\u00ed pomohli pri zdoben\u00ed a upratovan\u00ed na\u0161ich chr\u00e1mov. Ve\u013ek\u00e1 v\u010faka aj p. riadite\u013eovi Du\u0161anovi Gre\u0161ovi z VPS za pekn\u00fd strom\u010dek pre kostol v Pal\u00fadzke.<\/li>\n<li>o upratovanie kostola pros\u00edm rodiny Ku\u010derov\u00e1, J\u00e1no\u0161\u00edkov\u00e1, Adam\u010diakov\u00e1 J. Boh zapla\u0165 za slu\u017ebu.<\/li>\n<\/ul>\n<h1 style=\"text-align: center;\"><strong>Prajem v\u00e1m po\u017eehnan\u00e9 viano\u010dn\u00e9 sviatky<\/strong><\/h1>\n","protected":false},"excerpt":{"rendered":"<p>De\u0148 \u010cas Liturgick\u00fd kalend\u00e1r \u00damysel O\u010dak\u00e1vame Nede\u013ea 25.12. 0:00 8:15 9:45 Narodenie P\u00e1na sl\u00e1vnos\u0165 za rodinu Bodice: na \u00famysel za veriacich Jasli\u010dkov\u00e1 pobo\u017enos\u0165 o 15:00 Pondelok 26.12. 7:00 8:15 9:45 Sv\u00e4t\u00e9ho \u0160tefana, prv\u00e9ho mu\u010den\u00edka sviatok za Mareka a Anetku s rodinou Bodice: na \u00famysel za zdravie a Bo\u017eie po\u017eehnanie Utorok 27.12. 17:00 Sv\u00e4t\u00e9ho J\u00e1na, apo\u0161tola [&hellip;]<\/p>\n","protected":false},"author":1,"featured_media":0,"comment_status":"closed","ping_status":"closed","sticky":false,"template":"","format":"standard","meta":{"_links_to":"","_links_to_target":""},"categories":[4,19],"tags":[],"_links":{"self":[{"href":"http:\/\/www.paludzka.fara.sk\/index.php?rest_route=\/wp\/v2\/posts\/1799"}],"collection":[{"href":"http:\/\/www.paludzka.fara.sk\/index.php?rest_route=\/wp\/v2\/posts"}],"about":[{"href":"http:\/\/www.paludzka.fara.sk\/index.php?rest_route=\/wp\/v2\/types\/post"}],"author":[{"embeddable":true,"href":"http:\/\/www.paludzka.fara.sk\/index.php?rest_route=\/wp\/v2\/users\/1"}],"replies":[{"embeddable":true,"href":"http:\/\/www.paludzka.fara.sk\/index.php?rest_route=%2Fwp%2Fv2%2Fcomments&post=1799"}],"version-history":[{"count":2,"href":"http:\/\/www.paludzka.fara.sk\/index.php?rest_route=\/wp\/v2\/posts\/1799\/revisions"}],"predecessor-version":[{"id":4277,"href":"http:\/\/www.paludzka.fara.sk\/index.php?rest_route=\/wp\/v2\/posts\/1799\/revisions\/4277"}],"wp:attachment":[{"href":"http:\/\/www.paludzka.fara.sk\/index.php?rest_route=%2Fwp%2Fv2%2Fmedia&parent=1799"}],"wp:term":[{"taxonomy":"category","embeddable":true,"href":"http:\/\/www.paludzka.fara.sk\/index.php?rest_route=%2Fwp%2Fv2%2Fcategories&post=1799"},{"taxonomy":"post_tag","embeddable":true,"href":"http:\/\/www.paludzka.fara.sk\/index.php?rest_route=%2Fwp%2Fv2%2Ftags&post=1799"}],"curies":[{"name":"wp","href":"https:\/\/api.w.org\/{rel}","templated":true}]}}