
{"id":1778,"date":"2022-12-18T00:00:31","date_gmt":"2022-12-17T23:00:31","guid":{"rendered":"http:\/\/www.paludzka.fara.sk\/?p=1778"},"modified":"2022-12-18T22:46:06","modified_gmt":"2022-12-18T21:46:06","slug":"farske-oznamy-18-12-25-12-2022","status":"publish","type":"post","link":"http:\/\/www.paludzka.fara.sk\/?p=1778","title":{"rendered":"Farsk\u00e9 oznamy 18.12.-25.12.2022"},"content":{"rendered":"<div class=\"table-responsive\">\n<table class=\"table table-bordered\">\n<thead>\n<tr>\n<th style=\"text-align: center;\">De\u0148<\/th>\n<th style=\"text-align: center;\">\u010cas<\/th>\n<th style=\"text-align: center;\">Liturgick\u00fd kalend\u00e1r<\/th>\n<th style=\"text-align: center;\">\u00damysel<\/th>\n<th style=\"text-align: center;\">O\u010dak\u00e1vame<\/th>\n<\/tr>\n<\/thead>\n<tbody>\n<tr>\n<td style=\"text-align: center;\"><strong>Nede\u013ea 18.12.<\/strong><\/td>\n<td style=\"text-align: center;\">7:00<\/p>\n<p><span style=\"color: #000000;\"><strong>8:15<\/strong><\/span><\/p>\n<p><span style=\"color: #000000;\">9:45<\/span><\/td>\n<td style=\"text-align: center;\"><strong><span style=\"color: #800080;\">4. adventn\u00e1 nede\u013ea<\/span><\/strong><\/td>\n<td style=\"text-align: center;\">+ Rudolf<\/p>\n<p><strong>Bodice:<\/strong> na \u00famysel<\/p>\n<p>za veriacich<\/td>\n<td style=\"text-align: center;\"><\/td>\n<\/tr>\n<tr>\n<td style=\"text-align: center;\">Pondelok 19.12.<\/td>\n<td style=\"text-align: center;\">17:00<\/td>\n<td style=\"text-align: center;\"><span style=\"color: #800080;\">Pondelok po 4. adventnej nedeli<\/span><\/td>\n<td style=\"text-align: center;\">za dary zdravia a Bo\u017eieho po\u017eehnania<\/td>\n<td style=\"text-align: center;\">n\u00e1v\u0161teva chor\u00fdch pred Vianocami od 8:00<\/td>\n<\/tr>\n<tr>\n<td style=\"text-align: center;\">Utorok 20.12.<\/td>\n<td style=\"text-align: center;\">17:00<\/td>\n<td style=\"text-align: center;\"><span style=\"color: #ff0000;\"><span style=\"color: #800080;\">Utorok po 4. adventnej nedeli<\/span>\u00a0<\/span><\/td>\n<td style=\"text-align: center;\">+ Miroslav a O\u013ega<\/td>\n<td style=\"text-align: center;\"><\/td>\n<\/tr>\n<tr>\n<td style=\"text-align: center;\">Streda 21.12.<\/td>\n<td style=\"text-align: center;\"><span style=\"color: #ff0000;\">17:00<\/span><\/td>\n<td style=\"text-align: center;\"><span style=\"color: #800080;\">Streda po 4. adventnej nedeli<\/span><\/td>\n<td style=\"text-align: center;\">za zdravie a Bo\u017eie po\u017eehnania pre Annu<\/td>\n<td style=\"text-align: center;\"><span style=\"color: #ff0000;\">Sviatos\u0165 zmierenia <\/span><\/p>\n<p><span style=\"color: #ff0000;\">Pal\u00fadzka 15:30-17:00<\/span><\/p>\n<p>Bodice 16:00-16:30<\/td>\n<\/tr>\n<tr>\n<td style=\"text-align: center;\">\u0160tvrtok 22.12.<\/td>\n<td style=\"text-align: center;\"><span style=\"color: #ff0000;\">6:15<\/span><\/td>\n<td style=\"text-align: center;\"><span style=\"color: #800080;\">\u0160tvrtok po 4. adventnej nedeli<\/span><\/td>\n<td style=\"text-align: center;\">za zdravie a Bo\u017eiu pomoc pre Gr\u00e9tu<\/td>\n<td style=\"text-align: center;\"><span style=\"color: #ff0000;\">ror\u00e1tna sv. om\u0161a &#8211; pri svetle sviec<\/span><\/td>\n<\/tr>\n<tr>\n<td style=\"text-align: center;\">Piatok 23.12.<\/td>\n<td style=\"text-align: center;\"><span style=\"color: #ff0000;\">6:15<\/span><\/td>\n<td style=\"text-align: center;\"><span style=\"color: #800080;\">Piatok po 4. adventnej nedeli<\/span><\/td>\n<td style=\"text-align: center;\">za 40 ro\u010dn\u00fa jubilantku a jej dc\u00e9ru<\/td>\n<td style=\"text-align: center;\">v\u00fdzdoba kostola o 9:00<\/td>\n<\/tr>\n<tr>\n<td style=\"text-align: center;\">Sobota 24.12.<\/td>\n<td style=\"text-align: center;\"><strong><span style=\"color: #000000;\">22:00<\/span><\/strong><\/td>\n<td style=\"text-align: center;\"><span style=\"color: #800080;\">Sobota po 4. adventnej nedeli<\/span><\/td>\n<td style=\"text-align: center;\"><strong>Bodice:<\/strong> na \u00famysel<\/td>\n<td style=\"text-align: center;\"><\/td>\n<\/tr>\n<tr>\n<td style=\"text-align: center;\"><strong>Nede\u013ea 25.12.<\/strong><\/td>\n<td style=\"text-align: center;\">0:00<\/p>\n<p><span style=\"color: #000000;\"><strong>8:15<\/strong><\/span><\/p>\n<p><span style=\"color: #000000;\">9:45<\/span><\/td>\n<td style=\"text-align: center;\"><span style=\"color: #808000;\"><strong>Narodenie P\u00e1na<\/strong><\/span><\/p>\n<p><span style=\"color: #808000;\">sl\u00e1vnos\u0165<\/span><\/td>\n<td style=\"text-align: center;\">za rodinu<\/p>\n<p><span style=\"font-family: inherit; font-size: inherit;\"><strong>Bodice:<\/strong> na \u00famysel<\/span><\/p>\n<p>za veriacich<\/td>\n<td style=\"text-align: center;\"><strong>Jasli\u010dkov\u00e1 pobo\u017enos\u0165 o 15:00<\/strong><\/td>\n<\/tr>\n<\/tbody>\n<\/table>\n<\/div>\n<ul>\n<li>sviatos\u0165 zmierenia chor\u00fdch pred Vianocami bude v pondelok od 8:00. Pros\u00edm nahl\u00e1si\u0165 v sakristii.<\/li>\n<li>vysluhovanie sviatosti zmierenia v na\u0161ej farnosti bude v stredu 21.12.2022 \u2013 Pal\u00fadzka 15:30-16:45, Bodice 16:00-16:30. Liptovsk\u00fd Mikul\u00e1\u0161 \u2013 18.12.2022 15:00-18:00, 22.12.2022 18:00-19:00<\/li>\n<li>Bohuzn\u00e1ma rodina zo Zuberca darovala 100 \u20ac na potreby farnosti, Bohuzn\u00e1ma na ma\u013eovanie kostola obetovala 50 \u20ac. Bohuzn\u00e1ma na potreby farnosti darovala 50 \u20ac. Na \u00fa\u010det farnosti Bohuzn\u00e1my prispel 50 \u20ac. P\u00e1n Boh zapla\u0165 v\u0161etk\u00fdm darcom.<\/li>\n<li>na sl\u00e1vnos\u0165 Narodenia P\u00e1na v\u00e1s v\u0161etk\u00fdch poz\u00fdvame na Jasli\u010dkov\u00fa pobo\u017enos\u0165, ktor\u00e1 bude o 15:00 vo farskom kostole v Pal\u00fadzke.<\/li>\n<li>o upratovanie kostola pros\u00edm rodiny Kostoln\u00fa, Dia\u010dikov\u00fa, Korman\u00edkov\u00fa a S\u00e1lusov\u00fa. P\u00e1n Boh zapla\u0165 za slu\u017ebu.<\/li>\n<\/ul>\n","protected":false},"excerpt":{"rendered":"<p>De\u0148 \u010cas Liturgick\u00fd kalend\u00e1r \u00damysel O\u010dak\u00e1vame Nede\u013ea 18.12. 7:00 8:15 9:45 4. adventn\u00e1 nede\u013ea + Rudolf Bodice: na \u00famysel za veriacich Pondelok 19.12. 17:00 Pondelok po 4. adventnej nedeli za dary zdravia a Bo\u017eieho po\u017eehnania n\u00e1v\u0161teva chor\u00fdch pred Vianocami od 8:00 Utorok 20.12. 17:00 Utorok po 4. adventnej nedeli\u00a0 + Miroslav a O\u013ega Streda 21.12. [&hellip;]<\/p>\n","protected":false},"author":1,"featured_media":0,"comment_status":"closed","ping_status":"closed","sticky":false,"template":"","format":"standard","meta":{"_links_to":"","_links_to_target":""},"categories":[4,19],"tags":[],"_links":{"self":[{"href":"http:\/\/www.paludzka.fara.sk\/index.php?rest_route=\/wp\/v2\/posts\/1778"}],"collection":[{"href":"http:\/\/www.paludzka.fara.sk\/index.php?rest_route=\/wp\/v2\/posts"}],"about":[{"href":"http:\/\/www.paludzka.fara.sk\/index.php?rest_route=\/wp\/v2\/types\/post"}],"author":[{"embeddable":true,"href":"http:\/\/www.paludzka.fara.sk\/index.php?rest_route=\/wp\/v2\/users\/1"}],"replies":[{"embeddable":true,"href":"http:\/\/www.paludzka.fara.sk\/index.php?rest_route=%2Fwp%2Fv2%2Fcomments&post=1778"}],"version-history":[{"count":2,"href":"http:\/\/www.paludzka.fara.sk\/index.php?rest_route=\/wp\/v2\/posts\/1778\/revisions"}],"predecessor-version":[{"id":1800,"href":"http:\/\/www.paludzka.fara.sk\/index.php?rest_route=\/wp\/v2\/posts\/1778\/revisions\/1800"}],"wp:attachment":[{"href":"http:\/\/www.paludzka.fara.sk\/index.php?rest_route=%2Fwp%2Fv2%2Fmedia&parent=1778"}],"wp:term":[{"taxonomy":"category","embeddable":true,"href":"http:\/\/www.paludzka.fara.sk\/index.php?rest_route=%2Fwp%2Fv2%2Fcategories&post=1778"},{"taxonomy":"post_tag","embeddable":true,"href":"http:\/\/www.paludzka.fara.sk\/index.php?rest_route=%2Fwp%2Fv2%2Ftags&post=1778"}],"curies":[{"name":"wp","href":"https:\/\/api.w.org\/{rel}","templated":true}]}}