
{"id":1763,"date":"2022-12-11T00:00:50","date_gmt":"2022-12-10T23:00:50","guid":{"rendered":"http:\/\/www.paludzka.fara.sk\/?p=1763"},"modified":"2022-12-10T12:20:07","modified_gmt":"2022-12-10T11:20:07","slug":"farske-oznamy-11-12-18-12-2022","status":"publish","type":"post","link":"http:\/\/www.paludzka.fara.sk\/?p=1763","title":{"rendered":"Farsk\u00e9 oznamy 11.12.-18.12.2022"},"content":{"rendered":"<div class=\"table-responsive\">\n<table class=\"table table-bordered\">\n<thead>\n<tr>\n<th style=\"text-align: center;\">De\u0148<\/th>\n<th style=\"text-align: center;\">\u010cas<\/th>\n<th style=\"text-align: center;\">Liturgick\u00fd kalend\u00e1r<\/th>\n<th style=\"text-align: center;\">\u00damysel<\/th>\n<th style=\"text-align: center;\">O\u010dak\u00e1vame<\/th>\n<\/tr>\n<\/thead>\n<tbody>\n<tr>\n<td style=\"text-align: center;\"><strong>Nede\u013ea 11.12.<\/strong><\/td>\n<td style=\"text-align: center;\">7:00<\/p>\n<p><span style=\"color: #000000;\"><strong>8:15<\/strong><\/span><\/p>\n<p><span style=\"color: #000000;\">9:45<\/span><\/td>\n<td style=\"text-align: center;\"><span style=\"color: #ff00ff;\"><strong>3. adventn\u00e1 nede\u013ea<\/strong><\/span><\/p>\n<p><span style=\"color: #ff00ff;\">Nede\u013ea Gaudete<\/span><\/td>\n<td style=\"text-align: center;\">+ Edmund a Milan<\/p>\n<p><strong>Bodice:<\/strong> na \u00famysel<\/p>\n<p>za veriacich<\/td>\n<td style=\"text-align: center;\"><\/td>\n<\/tr>\n<tr>\n<td style=\"text-align: center;\">Pondelok 12.12.<\/td>\n<td style=\"text-align: center;\">17:00<\/td>\n<td style=\"text-align: center;\"><span style=\"color: #800080;\">Pondelok po 3. adventnej nedeli<\/span><\/td>\n<td style=\"text-align: center;\">za \u0160tefana, M\u00e1riu a M\u00e1riu Kl\u00e1ru<\/td>\n<td style=\"text-align: center;\"><\/td>\n<\/tr>\n<tr>\n<td style=\"text-align: center;\">Utorok 13.12.<\/td>\n<td style=\"text-align: center;\">17:00<\/td>\n<td style=\"text-align: center;\"><span style=\"color: #ff0000;\">Sv\u00e4tej Lucie, panny a mu\u010denice<\/span><\/p>\n<p><span style=\"color: #ff0000;\">spomienka<\/span><\/td>\n<td style=\"text-align: center;\">+ Vendel\u00edn a rodi\u010dia<\/td>\n<td style=\"text-align: center;\"><\/td>\n<\/tr>\n<tr>\n<td style=\"text-align: center;\">Streda 14.12.<\/td>\n<td style=\"text-align: center;\"><span style=\"color: #ff0000;\">6:15<\/span><\/td>\n<td style=\"text-align: center;\"><span style=\"color: #808000;\">Sv\u00e4t\u00e9ho J\u00e1na od Kr\u00ed\u017ea,<\/span><\/p>\n<p><span style=\"color: #808000;\">k\u0148aza a u\u010dite\u013ea Cirkvi<\/span><\/p>\n<p><span style=\"color: #808000;\">spomienka<\/span><\/td>\n<td style=\"text-align: center;\">+ Helena, Franti\u0161ek, Anna a \u0160tefan<\/td>\n<td style=\"text-align: center;\"><span style=\"color: #ff0000;\">ror\u00e1tna sv. om\u0161a &#8211; pri svetle sviec<\/span><\/td>\n<\/tr>\n<tr>\n<td style=\"text-align: center;\">\u0160tvrtok 15.12.<\/td>\n<td style=\"text-align: center;\"><strong>6:15<\/strong><\/p>\n<p>17:00<\/td>\n<td style=\"text-align: center;\"><span style=\"color: #800080;\">\u0160tvrtok po 3. adventnej nedeli<\/span><\/td>\n<td style=\"text-align: center;\"><strong>Bodice:<\/strong> za Bohuzn\u00e1mu Martinu<\/p>\n<p>+ \u0160tefan a M\u00e1ria<\/td>\n<td style=\"text-align: center;\">ador\u00e1cia od 16:30<\/td>\n<\/tr>\n<tr>\n<td style=\"text-align: center;\">Piatok 16.12.<\/td>\n<td style=\"text-align: center;\">17:00<\/td>\n<td style=\"text-align: center;\"><span style=\"color: #800080;\">Piatok po 3. adventnej nedeli<\/span><\/td>\n<td style=\"text-align: center;\">za dc\u00e9ru s man\u017eelom a de\u0165mi<\/td>\n<td style=\"text-align: center;\">po sv. om\u0161i n\u00e1cvik det\u00ed na jasli\u010dkov\u00fa pobo\u017enos\u0165<\/td>\n<\/tr>\n<tr>\n<td style=\"text-align: center;\">Sobota 17.12.<\/td>\n<td style=\"text-align: center;\"><span style=\"color: #ff0000;\">6:15<\/span><\/td>\n<td style=\"text-align: center;\"><span style=\"color: #800080;\">Sobota po 3. adventnej nedeli<\/span><\/td>\n<td style=\"text-align: center;\">+ Du\u0161an, Anton, Anna a Du\u0161an<\/td>\n<td style=\"text-align: center;\"><span style=\"color: #ff0000;\">ror\u00e1tna sv. om\u0161a &#8211; pri svetle sviec<\/span><br \/>\nstretko det\u00ed o 15:00 na fare<\/td>\n<\/tr>\n<tr>\n<td style=\"text-align: center;\"><strong>Nede\u013ea 18.12.<\/strong><\/td>\n<td style=\"text-align: center;\">7:00<\/p>\n<p><span style=\"color: #000000;\"><strong>8:15<\/strong><\/span><\/p>\n<p><span style=\"color: #000000;\">9:45<\/span><\/td>\n<td style=\"text-align: center;\"><strong><span style=\"color: #800080;\">4. adventn\u00e1 nede\u013ea<\/span><\/strong><\/td>\n<td style=\"text-align: center;\">+ Rudolf<\/p>\n<p><span style=\"font-family: inherit; font-size: inherit;\"><strong>Bodice:<\/strong> na \u00famysel<\/span><\/p>\n<p>za veriacich<\/td>\n<td style=\"text-align: center;\"><\/td>\n<\/tr>\n<\/tbody>\n<\/table>\n<\/div>\n<ul>\n<li>v sobotu 17.12. 2022 o 15:00 poz\u00fdvame deti na stretko na faru.<\/li>\n<li>Bohuzn\u00e1ma rodina zo Zuberca darovala 40 \u20ac na potreby farnosti, Bohuzn\u00e1ma na ma\u013eovanie kostola obetovala 500 \u20ac. Z pohrebu + M\u00e1rie Vod\u00e1kovej darovali 100 \u20ac. Boh zapla\u0165 v\u0161etk\u00fdm darcom.<\/li>\n<li>o upratovanie kostola pros\u00edm rodiny Kolen\u010d\u00edkov\u00fa, Kov\u00e1\u010dov\u00fa, Slafkovsk\u00fa, Ko\u0161\u00fatov\u00fa. Boh zapla\u0165 za slu\u017ebu.<\/li>\n<\/ul>\n","protected":false},"excerpt":{"rendered":"<p>De\u0148 \u010cas Liturgick\u00fd kalend\u00e1r \u00damysel O\u010dak\u00e1vame Nede\u013ea 11.12. 7:00 8:15 9:45 3. adventn\u00e1 nede\u013ea Nede\u013ea Gaudete + Edmund a Milan Bodice: na \u00famysel za veriacich Pondelok 12.12. 17:00 Pondelok po 3. adventnej nedeli za \u0160tefana, M\u00e1riu a M\u00e1riu Kl\u00e1ru Utorok 13.12. 17:00 Sv\u00e4tej Lucie, panny a mu\u010denice spomienka + Vendel\u00edn a rodi\u010dia Streda 14.12. 6:15 [&hellip;]<\/p>\n","protected":false},"author":1,"featured_media":0,"comment_status":"closed","ping_status":"closed","sticky":false,"template":"","format":"standard","meta":{"_links_to":"","_links_to_target":""},"categories":[4,19],"tags":[],"_links":{"self":[{"href":"http:\/\/www.paludzka.fara.sk\/index.php?rest_route=\/wp\/v2\/posts\/1763"}],"collection":[{"href":"http:\/\/www.paludzka.fara.sk\/index.php?rest_route=\/wp\/v2\/posts"}],"about":[{"href":"http:\/\/www.paludzka.fara.sk\/index.php?rest_route=\/wp\/v2\/types\/post"}],"author":[{"embeddable":true,"href":"http:\/\/www.paludzka.fara.sk\/index.php?rest_route=\/wp\/v2\/users\/1"}],"replies":[{"embeddable":true,"href":"http:\/\/www.paludzka.fara.sk\/index.php?rest_route=%2Fwp%2Fv2%2Fcomments&post=1763"}],"version-history":[{"count":1,"href":"http:\/\/www.paludzka.fara.sk\/index.php?rest_route=\/wp\/v2\/posts\/1763\/revisions"}],"predecessor-version":[{"id":1764,"href":"http:\/\/www.paludzka.fara.sk\/index.php?rest_route=\/wp\/v2\/posts\/1763\/revisions\/1764"}],"wp:attachment":[{"href":"http:\/\/www.paludzka.fara.sk\/index.php?rest_route=%2Fwp%2Fv2%2Fmedia&parent=1763"}],"wp:term":[{"taxonomy":"category","embeddable":true,"href":"http:\/\/www.paludzka.fara.sk\/index.php?rest_route=%2Fwp%2Fv2%2Fcategories&post=1763"},{"taxonomy":"post_tag","embeddable":true,"href":"http:\/\/www.paludzka.fara.sk\/index.php?rest_route=%2Fwp%2Fv2%2Ftags&post=1763"}],"curies":[{"name":"wp","href":"https:\/\/api.w.org\/{rel}","templated":true}]}}