
{"id":1744,"date":"2022-12-04T00:00:00","date_gmt":"2022-12-03T23:00:00","guid":{"rendered":"http:\/\/www.paludzka.fara.sk\/?p=1744"},"modified":"2022-12-03T23:35:36","modified_gmt":"2022-12-03T22:35:36","slug":"farske-oznamy-4-12-11-12-2022","status":"publish","type":"post","link":"http:\/\/www.paludzka.fara.sk\/?p=1744","title":{"rendered":"Farsk\u00e9 oznamy 4.12.-11.12.2022"},"content":{"rendered":"<div class=\"table-responsive\">\n<table class=\"table table-bordered\">\n<thead>\n<tr>\n<th style=\"text-align: center;\">De\u0148<\/th>\n<th style=\"text-align: center;\">\u010cas<\/th>\n<th style=\"text-align: center;\">Liturgick\u00fd kalend\u00e1r<\/th>\n<th style=\"text-align: center;\">\u00damysel<\/th>\n<th style=\"text-align: center;\">O\u010dak\u00e1vame<\/th>\n<\/tr>\n<\/thead>\n<tbody>\n<tr>\n<td style=\"text-align: center;\"><strong>Nede\u013ea 4.12.<\/strong><\/td>\n<td style=\"text-align: center;\">7:00<\/p>\n<p><span style=\"color: #000000;\"><strong>8:15<\/strong><\/span><\/p>\n<p><span style=\"color: #000000;\">9:45<\/span><\/td>\n<td style=\"text-align: center;\"><strong><span style=\"color: #800080;\">2. adventn\u00e1 nede\u013ea<\/span><\/strong><\/td>\n<td style=\"text-align: center;\">za zdravie rodiny<\/p>\n<p><strong>Bodice:<\/strong> na \u00famysel<\/p>\n<p>za veriacich<\/td>\n<td style=\"text-align: center;\">&nbsp;<\/td>\n<\/tr>\n<tr>\n<td style=\"text-align: center;\">Pondelok 5.12.<\/td>\n<td style=\"text-align: center;\">17:00<\/td>\n<td style=\"text-align: center;\"><span style=\"color: #800080;\">Pondelok po 2. adventnej nedeli<\/span><\/td>\n<td style=\"text-align: center;\">+ star\u00fdch rodi\u010dov<\/td>\n<td style=\"text-align: center;\"><\/td>\n<\/tr>\n<tr>\n<td style=\"text-align: center;\">Utorok 6.12.<\/td>\n<td style=\"text-align: center;\"><span style=\"color: #ff0000;\">6:15<\/span><\/td>\n<td style=\"text-align: center;\"><span style=\"color: #0000ff;\">O Panne M\u00e1rii v advente<\/span><\/p>\n<p><span style=\"color: #ff0000;\">ror\u00e1tna sv. om\u0161a<\/span><\/td>\n<td style=\"text-align: center;\">+ Franti\u0161ek a M\u00e1ria \u0160kapec<\/td>\n<td style=\"text-align: center;\"><\/td>\n<\/tr>\n<tr>\n<td style=\"text-align: center;\">Streda 7.12.<\/td>\n<td style=\"text-align: center;\"><span style=\"color: #ff0000;\">17:00<\/span><\/td>\n<td style=\"text-align: center;\"><span style=\"color: #808000;\">V\u00fdro\u010die posviacky kostola<\/span><\/p>\n<p><span style=\"color: #808000;\">sl\u00e1vnos\u0165<\/span><\/td>\n<td style=\"text-align: center;\">za veriacich a dobrodincov kostola<\/td>\n<td style=\"text-align: center;\"><span style=\"color: #ff0000;\">Ror\u00e1tna sv. om\u0161a &#8211; pri svetle sviec<\/span><\/td>\n<\/tr>\n<tr>\n<td style=\"text-align: center;\">\u0160tvrtok 8.12.<\/td>\n<td style=\"text-align: center;\"><strong>16:00<\/strong><\/p>\n<p>17:00<\/td>\n<td style=\"text-align: center;\"><span style=\"color: #0000ff;\">Nepo\u0161kvrnen\u00e9 po\u010datie Preblahoslavenej Panny M\u00e1rie<\/span><\/p>\n<p><span style=\"color: #ff0000;\">prik\u00e1zan\u00fd sviatok<\/span><\/td>\n<td style=\"text-align: center;\"><strong>Bodice:<\/strong> na \u00famysel<\/p>\n<p>za zdravie rod\u00edn man\u017eelov Petra a Andrei<\/td>\n<td style=\"text-align: center;\">&nbsp;<\/td>\n<\/tr>\n<tr>\n<td style=\"text-align: center;\">Piatok 9.12.<\/td>\n<td style=\"text-align: center;\">17:00<\/td>\n<td style=\"text-align: center;\"><span style=\"color: #800080;\">Piatok po 2. adventnej nedeli<\/span><\/td>\n<td style=\"text-align: center;\">+ Franti\u0161ek Korko<\/td>\n<td style=\"text-align: center;\"><strong>Po sv. om\u0161i n\u00e1cvik det\u00ed na jasli\u010dkov\u00fa pobo\u017enos\u0165<\/strong><\/td>\n<\/tr>\n<tr>\n<td style=\"text-align: center;\">Sobota 10.12.<\/td>\n<td style=\"text-align: center;\"><span style=\"color: #ff0000;\">6:15<\/span><\/td>\n<td style=\"text-align: center;\"><span style=\"color: #0000ff;\">Preblahoslavenej Panny M\u00e1rie Loret\u00e1nskej<\/span><\/p>\n<p><span style=\"color: #ff0000;\">ror\u00e1tna sv. om\u0161a<\/span><\/td>\n<td style=\"text-align: center;\">+ rodi\u010dia M\u00e1ria, Ernest a Helena a J\u00e1n<\/td>\n<td style=\"text-align: center;\"><span style=\"color: #ff0000;\">Ror\u00e1tna sv. om\u0161a &#8211; pri svetle sviec<\/span><\/td>\n<\/tr>\n<tr>\n<td style=\"text-align: center;\"><strong>Nede\u013ea 11.12.<\/strong><\/td>\n<td style=\"text-align: center;\">7:00<\/p>\n<p><span style=\"color: #000000;\"><strong>8:15<\/strong><\/span><\/p>\n<p><span style=\"color: #000000;\">9:45<\/span><\/td>\n<td style=\"text-align: center;\"><span style=\"color: #ff00ff;\"><strong>3. adventn\u00e1 nede\u013ea<\/strong><\/span><\/td>\n<td style=\"text-align: center;\">+ Edmund a Milan<\/p>\n<p><span style=\"font-family: inherit; font-size: inherit;\"><strong>Bodice:<\/strong> na \u00famysel<\/span><\/p>\n<p>za veriacich<\/td>\n<td style=\"text-align: center;\"><\/td>\n<\/tr>\n<\/tbody>\n<\/table>\n<\/div>\n<ul>\n<li>na bud\u00faci t\u00fd\u017ede\u0148 s\u00fa zimn\u00e9 k\u00e1ntrov\u00e9 dni v stredu, piatok a sobotu. Z\u00e1v\u00e4zn\u00fd je iba jeden de\u0148. Obsah zimn\u00fdch k\u00e1ntrov\u00fdch dn\u00ed: pr\u00edchod Kristovho kr\u00e1\u013eovstva do rod\u00edn; duchovn\u00e1 obnova rod\u00edn; pokoj a spravodlivos\u0165 vo svete.<\/li>\n<li>v priebehu t\u00fd\u017ed\u0148a pred a po sv. om\u0161iach si m\u00f4\u017eete s\u00fakromnou modlitbou ucti\u0165 relikvie r\u00f4znych sv\u00e4t\u00fdch a blahoslaven\u00fdch.<\/li>\n<li>v zbierke na charitu sme prispeli 455. Ru\u017eencov\u00e9 spolo\u010denstvo darovalo 40 \u20ac. V\u0161etk\u00fdm darcom P\u00e1n Boh zapla\u0165.<\/li>\n<li>z krstu Tom\u00e1\u0161a Jakubca darovali na kostol 30 \u20ac, Bohuzn\u00e1ma rodina zo Zuberca 50 \u20ac, Bohuzn\u00e1my na ma\u013eovanie kostola 50 \u20ac. P\u00e1n Boh zapla\u0165 v\u0161etk\u00fdm darcom.<\/li>\n<li>o upratovanie kostola pros\u00edm rodiny Koh\u00fatov\u00fa, Vdovcov\u00fa, Bebkov\u00fa a Rybovi\u010dov\u00fa P\u00e1n Boh zapla\u0165 za slu\u017ebu.<\/li>\n<\/ul>\n","protected":false},"excerpt":{"rendered":"<p>De\u0148 \u010cas Liturgick\u00fd kalend\u00e1r \u00damysel O\u010dak\u00e1vame Nede\u013ea 4.12. 7:00 8:15 9:45 2. adventn\u00e1 nede\u013ea za zdravie rodiny Bodice: na \u00famysel za veriacich &nbsp; Pondelok 5.12. 17:00 Pondelok po 2. adventnej nedeli + star\u00fdch rodi\u010dov Utorok 6.12. 6:15 O Panne M\u00e1rii v advente ror\u00e1tna sv. om\u0161a + Franti\u0161ek a M\u00e1ria \u0160kapec Streda 7.12. 17:00 V\u00fdro\u010die posviacky [&hellip;]<\/p>\n","protected":false},"author":1,"featured_media":0,"comment_status":"closed","ping_status":"closed","sticky":false,"template":"","format":"standard","meta":{"_links_to":"","_links_to_target":""},"categories":[4,19],"tags":[],"_links":{"self":[{"href":"http:\/\/www.paludzka.fara.sk\/index.php?rest_route=\/wp\/v2\/posts\/1744"}],"collection":[{"href":"http:\/\/www.paludzka.fara.sk\/index.php?rest_route=\/wp\/v2\/posts"}],"about":[{"href":"http:\/\/www.paludzka.fara.sk\/index.php?rest_route=\/wp\/v2\/types\/post"}],"author":[{"embeddable":true,"href":"http:\/\/www.paludzka.fara.sk\/index.php?rest_route=\/wp\/v2\/users\/1"}],"replies":[{"embeddable":true,"href":"http:\/\/www.paludzka.fara.sk\/index.php?rest_route=%2Fwp%2Fv2%2Fcomments&post=1744"}],"version-history":[{"count":1,"href":"http:\/\/www.paludzka.fara.sk\/index.php?rest_route=\/wp\/v2\/posts\/1744\/revisions"}],"predecessor-version":[{"id":1745,"href":"http:\/\/www.paludzka.fara.sk\/index.php?rest_route=\/wp\/v2\/posts\/1744\/revisions\/1745"}],"wp:attachment":[{"href":"http:\/\/www.paludzka.fara.sk\/index.php?rest_route=%2Fwp%2Fv2%2Fmedia&parent=1744"}],"wp:term":[{"taxonomy":"category","embeddable":true,"href":"http:\/\/www.paludzka.fara.sk\/index.php?rest_route=%2Fwp%2Fv2%2Fcategories&post=1744"},{"taxonomy":"post_tag","embeddable":true,"href":"http:\/\/www.paludzka.fara.sk\/index.php?rest_route=%2Fwp%2Fv2%2Ftags&post=1744"}],"curies":[{"name":"wp","href":"https:\/\/api.w.org\/{rel}","templated":true}]}}