
{"id":1732,"date":"2022-11-27T00:00:43","date_gmt":"2022-11-26T23:00:43","guid":{"rendered":"http:\/\/www.paludzka.fara.sk\/?p=1732"},"modified":"2022-11-26T14:30:04","modified_gmt":"2022-11-26T13:30:04","slug":"farske-oznamy-27-11-4-12-2022","status":"publish","type":"post","link":"http:\/\/www.paludzka.fara.sk\/?p=1732","title":{"rendered":"Farsk\u00e9 oznamy 27.11.-4.12.2022"},"content":{"rendered":"<div class=\"table-responsive\">\n<table class=\"table table-bordered\">\n<thead>\n<tr>\n<th style=\"text-align: center;\">De\u0148<\/th>\n<th style=\"text-align: center;\">\u010cas<\/th>\n<th style=\"text-align: center;\">Liturgick\u00fd kalend\u00e1r<\/th>\n<th style=\"text-align: center;\">\u00damysel<\/th>\n<th style=\"text-align: center;\">O\u010dak\u00e1vame<\/th>\n<\/tr>\n<\/thead>\n<tbody>\n<tr>\n<td style=\"text-align: center;\"><strong>Nede\u013ea 27.11.<\/strong><\/td>\n<td style=\"text-align: center;\">7:00<\/p>\n<p><span style=\"color: #000000;\"><strong>8:15<\/strong><\/span><\/p>\n<p><span style=\"color: #000000;\">9:45<\/span><\/td>\n<td style=\"text-align: center;\"><strong><span style=\"color: #800080;\">1. adventn\u00e1 nede\u013ea<\/span><\/strong><\/td>\n<td style=\"text-align: center;\">za rodinu Pavla a Zuzany<\/p>\n<p><strong>Bodice:<\/strong> na \u00famysel<\/p>\n<p>za zdravie a Bo\u017eie po\u017eehnanie Mari\u00e1na Povalu<\/td>\n<td style=\"text-align: center;\"><strong>Zbierka na charitu<\/strong><\/p>\n<p><span style=\"color: #ff0000;\">Po\u017eehnanie adventn\u00fdch vencov<\/span><\/td>\n<\/tr>\n<tr>\n<td style=\"text-align: center;\">Pondelok 28.11.<\/td>\n<td style=\"text-align: center;\">17:00<\/td>\n<td style=\"text-align: center;\"><span style=\"color: #800080;\">Pondelok po 1. adventnej nedeli<\/span><\/td>\n<td style=\"text-align: center;\">+ J\u00e1n a Jolana<\/td>\n<td style=\"text-align: center;\">vysluhovanie sv. zmierenia od 16:15<\/td>\n<\/tr>\n<tr>\n<td style=\"text-align: center;\">Utorok 29.11.<\/td>\n<td style=\"text-align: center;\">17:00<\/td>\n<td style=\"text-align: center;\"><span style=\"color: #800080;\">Utorok po 1. adventnej nedeli<\/span><\/td>\n<td style=\"text-align: center;\">za zdravie, Bo\u017eie po\u017eehnanie a dar viery pre deti<\/td>\n<td style=\"text-align: center;\">vysluhovanie sv. zmierenia od 16:15<\/td>\n<\/tr>\n<tr>\n<td style=\"text-align: center;\">Streda 30.11.<\/td>\n<td style=\"text-align: center;\"><span style=\"color: #ff0000;\">6:15<\/span><\/td>\n<td style=\"text-align: center;\"><span style=\"color: #ff0000;\">Sv\u00e4t\u00e9ho Ondreja, apo\u0161tola<\/span><\/p>\n<p><span style=\"color: #ff0000;\">sviatok<\/span><\/td>\n<td style=\"text-align: center;\">+ Al\u017ebeta, Jozef a Al\u017ebeta<\/td>\n<td style=\"text-align: center;\"><span style=\"color: #ff0000;\">Ror\u00e1tna sv. om\u0161a &#8211; pri svetle sviec<\/span><\/td>\n<\/tr>\n<tr>\n<td style=\"text-align: center;\">\u0160tvrtok 1.12.<\/td>\n<td style=\"text-align: center;\">17:00<\/td>\n<td style=\"text-align: center;\"><span style=\"color: #800080;\">\u0160tvrtok po 1. adventnej nedeli<\/span><\/td>\n<td style=\"text-align: center;\">+ Daniel a Andrea<\/td>\n<td style=\"text-align: center;\">vysluhovanie sv. zmierenia od 16:00<\/p>\n<p>ador\u00e1cia od 16:00<\/p>\n<p>de\u0148 modlitieb za duchovn\u00e9 povolania<\/td>\n<\/tr>\n<tr>\n<td style=\"text-align: center;\">Piatok 2.12.<\/td>\n<td style=\"text-align: center;\"><strong>16:00<\/strong><\/p>\n<p>17:00<\/td>\n<td style=\"text-align: center;\"><span style=\"color: #800080;\">Piatok po 1. adventnej nedeli<\/span><\/td>\n<td style=\"text-align: center;\"><strong>Bodice:<\/strong> na \u00famysel<\/p>\n<p>+ z rodiny<\/td>\n<td style=\"text-align: center;\">n\u00e1v\u0161teva chor\u00fdch od 08:00<\/p>\n<p><strong>Bodice:<\/strong> sv. zmierenia od 15:15<\/p>\n<p>po sv. om\u0161i n\u00e1cvik det\u00ed na jasli\u010dkov\u00fa pobo\u017enos\u0165<\/td>\n<\/tr>\n<tr>\n<td style=\"text-align: center;\">Sobota 3.12.<\/td>\n<td style=\"text-align: center;\">8:00<\/td>\n<td style=\"text-align: center;\"><span style=\"color: #808000;\">Sv\u00e4t\u00e9ho Franti\u0161ka Xaversk\u00e9ho, k\u0148aza<\/span><\/p>\n<p><span style=\"color: #808000;\">spomienka<\/span><\/td>\n<td style=\"text-align: center;\">+ \u017dofia Goreck\u00e1<\/td>\n<td style=\"text-align: center;\">Fatimsk\u00e1 pobo\u017enos\u0165 o 7:30<\/td>\n<\/tr>\n<tr>\n<td style=\"text-align: center;\"><strong>Nede\u013ea 4.12.<\/strong><\/td>\n<td style=\"text-align: center;\">7:00<\/p>\n<p><span style=\"color: #000000;\"><strong>8:15<\/strong><\/span><\/p>\n<p><span style=\"color: #000000;\">9:45<\/span><\/td>\n<td style=\"text-align: center;\"><strong><span style=\"color: #800080;\">2. adventn\u00e1 nede\u013ea<\/span><\/strong><\/td>\n<td style=\"text-align: center;\">za zdravie rodiny<\/p>\n<p><span style=\"font-family: inherit; font-size: inherit;\"><strong>Bodice:<\/strong> na \u00famysel<\/span><\/p>\n<p>za veriacich<\/td>\n<td style=\"text-align: center;\"><\/td>\n<\/tr>\n<\/tbody>\n<\/table>\n<\/div>\n<ul>\n<li>v pondelok po sv. om\u0161i budem zapisova\u0165 \u00famysly sv. om\u0161\u00ed na december a janu\u00e1r.<\/li>\n<li>dnes je zbierka na charitu. V\u0161etk\u00fdm darcom P\u00e1n Boh zapla\u0165.<\/li>\n<li>\u010fakujem Ministerstvu Kult\u00fary SR za poskytnut\u00fa dot\u00e1ciu na obnovu strechy ve\u017ee kostola v Bodicach.<\/li>\n<li>Bohuzn\u00e1my na kostol v Bodiciach obetoval 1 000\u20ac. P\u00e1n Boh zapla\u0165.<\/li>\n<li>srde\u010dne poz\u00fdvame v\u0161etky deti na n\u00e1cvik na jasli\u010dkov\u00fa pobo\u017enos\u0165 v piatok 2. decembra po sv. om\u0161i na faru.<\/li>\n<li>far\u00e1r a dekan v Ke\u017emarku Franti\u0161ek Trstensk\u00fd pripravil pre rodiny na adventn\u00e9 obdobie Dom\u00e1cu liturgiu pri adventnom venci. <a href=\"https:\/\/www.fara-kezmarok.sk\/wp-content\/uploads\/2022\/11\/Rodinna-poboznost.pdf\">Stiahnu\u0165 si ju m\u00f4\u017eete z farskej str\u00e1nky<\/a>.<\/li>\n<li>o upratovanie kostola pros\u00edm rodiny Hunanov\u00fa, Adam\u010diakov\u00fa M., Slukov\u00fa a Jurisov\u00fa. P\u00e1n Boh zapla\u0165 za slu\u017ebu.<\/li>\n<\/ul>\n","protected":false},"excerpt":{"rendered":"<p>De\u0148 \u010cas Liturgick\u00fd kalend\u00e1r \u00damysel O\u010dak\u00e1vame Nede\u013ea 27.11. 7:00 8:15 9:45 1. adventn\u00e1 nede\u013ea za rodinu Pavla a Zuzany Bodice: na \u00famysel za zdravie a Bo\u017eie po\u017eehnanie Mari\u00e1na Povalu Zbierka na charitu Po\u017eehnanie adventn\u00fdch vencov Pondelok 28.11. 17:00 Pondelok po 1. adventnej nedeli + J\u00e1n a Jolana vysluhovanie sv. zmierenia od 16:15 Utorok 29.11. 17:00 [&hellip;]<\/p>\n","protected":false},"author":1,"featured_media":0,"comment_status":"closed","ping_status":"closed","sticky":false,"template":"","format":"standard","meta":{"_links_to":"","_links_to_target":""},"categories":[4,19],"tags":[],"_links":{"self":[{"href":"http:\/\/www.paludzka.fara.sk\/index.php?rest_route=\/wp\/v2\/posts\/1732"}],"collection":[{"href":"http:\/\/www.paludzka.fara.sk\/index.php?rest_route=\/wp\/v2\/posts"}],"about":[{"href":"http:\/\/www.paludzka.fara.sk\/index.php?rest_route=\/wp\/v2\/types\/post"}],"author":[{"embeddable":true,"href":"http:\/\/www.paludzka.fara.sk\/index.php?rest_route=\/wp\/v2\/users\/1"}],"replies":[{"embeddable":true,"href":"http:\/\/www.paludzka.fara.sk\/index.php?rest_route=%2Fwp%2Fv2%2Fcomments&post=1732"}],"version-history":[{"count":2,"href":"http:\/\/www.paludzka.fara.sk\/index.php?rest_route=\/wp\/v2\/posts\/1732\/revisions"}],"predecessor-version":[{"id":1734,"href":"http:\/\/www.paludzka.fara.sk\/index.php?rest_route=\/wp\/v2\/posts\/1732\/revisions\/1734"}],"wp:attachment":[{"href":"http:\/\/www.paludzka.fara.sk\/index.php?rest_route=%2Fwp%2Fv2%2Fmedia&parent=1732"}],"wp:term":[{"taxonomy":"category","embeddable":true,"href":"http:\/\/www.paludzka.fara.sk\/index.php?rest_route=%2Fwp%2Fv2%2Fcategories&post=1732"},{"taxonomy":"post_tag","embeddable":true,"href":"http:\/\/www.paludzka.fara.sk\/index.php?rest_route=%2Fwp%2Fv2%2Ftags&post=1732"}],"curies":[{"name":"wp","href":"https:\/\/api.w.org\/{rel}","templated":true}]}}