
{"id":1670,"date":"2022-11-20T00:00:04","date_gmt":"2022-11-19T23:00:04","guid":{"rendered":"http:\/\/www.paludzka.fara.sk\/?p=1670"},"modified":"2022-11-20T12:51:02","modified_gmt":"2022-11-20T11:51:02","slug":"farske-oznamy-20-11-27-11-2022","status":"publish","type":"post","link":"http:\/\/www.paludzka.fara.sk\/?p=1670","title":{"rendered":"Farsk\u00e9 oznamy 20.11.-27.11.2022"},"content":{"rendered":"<div class=\"table-responsive\">\n<table class=\"table table-bordered\">\n<thead>\n<tr>\n<th style=\"text-align: center;\">De\u0148<\/th>\n<th style=\"text-align: center;\">\u010cas<\/th>\n<th style=\"text-align: center;\">Liturgick\u00fd kalend\u00e1r<\/th>\n<th style=\"text-align: center;\">\u00damysel<\/th>\n<th style=\"text-align: center;\">O\u010dak\u00e1vame<\/th>\n<\/tr>\n<\/thead>\n<tbody>\n<tr>\n<td style=\"text-align: center;\"><strong>Nede\u013ea 20.11.<\/strong><\/td>\n<td style=\"text-align: center;\">7:00<\/p>\n<p><span style=\"color: #000000;\"><strong>8:15<\/strong><\/span><\/p>\n<p><span style=\"color: #000000;\">9:45<\/span><\/td>\n<td style=\"text-align: center;\"><span style=\"color: #008000;\"><b>34. nede\u013ea v Cezro\u010dnom obdob\u00ed<\/b><\/span><\/p>\n<p><span style=\"color: #808000;\">N\u00e1\u0161ho P\u00e1na Je\u017ei\u0161a Krista, Kr\u00e1\u013ea neba i zeme<\/span><\/p>\n<p><span style=\"color: #808000;\">sl\u00e1vnos\u0165<\/span><\/td>\n<td style=\"text-align: center;\"><span style=\"font-family: inherit; font-size: inherit;\">za veriacich<\/span><\/p>\n<p><strong>Bodice:<\/strong> na \u00famysel<\/p>\n<p>+ J\u00e1n a Alb\u00edna<\/td>\n<td style=\"text-align: center;\">zasv\u00e4tenie Najsv\u00e4tej\u0161iemu Srdcu Je\u017ei\u0161ovmu<\/td>\n<\/tr>\n<tr>\n<td style=\"text-align: center;\">Pondelok 21.11.<\/td>\n<td style=\"text-align: center;\">17:00<\/td>\n<td style=\"text-align: center;\"><span style=\"color: #0000ff;\">Obetovanie preblahoslavenej Panny M\u00e1rie<\/span><\/p>\n<p><span style=\"color: #0000ff;\">spomienka<\/span><\/td>\n<td style=\"text-align: center;\">+ Cec\u00edlia a J\u00e1n \u0160ti\u0165\u00e1kovi<\/td>\n<td style=\"text-align: center;\"><\/td>\n<\/tr>\n<tr>\n<td style=\"text-align: center;\">Utorok 22.11.<\/td>\n<td style=\"text-align: center;\">17:00<\/td>\n<td style=\"text-align: center;\"><span style=\"color: #ff0000;\">Sv\u00e4tej Cec\u00edlie, panny a mu\u010denice<\/span><\/p>\n<p><span style=\"color: #ff0000;\">spomienka<\/span><\/td>\n<td style=\"text-align: center;\">+ Rudolf, Matej a Eva<\/td>\n<td style=\"text-align: center;\"><\/td>\n<\/tr>\n<tr>\n<td style=\"text-align: center;\">Streda 23.11.<\/td>\n<td style=\"text-align: center;\">7:00<\/td>\n<td style=\"text-align: center;\"><span style=\"color: #808000;\"><span style=\"color: #008000;\">Streda 34. t\u00fd\u017ed\u0148a v Cezro\u010dnom obdob\u00ed<\/span><\/span><\/td>\n<td style=\"text-align: center;\">za matku a jej rodinu<\/td>\n<td style=\"text-align: center;\"><\/td>\n<\/tr>\n<tr>\n<td style=\"text-align: center;\">\u0160tvrtok 24.11.<\/td>\n<td style=\"text-align: center;\">17:00<\/td>\n<td style=\"text-align: center;\"><span style=\"color: #ff0000;\">Sv\u00e4t\u00e9ho Ondreja Dung-Laka, k\u0148aza, a spolo\u010dn\u00edkov, mu\u010den\u00edkov<\/span><\/p>\n<p><span style=\"color: #ff0000;\">spomienka<\/span><\/td>\n<td style=\"text-align: center;\">+ rodi\u010dia Helena a J\u00e1n<\/td>\n<td style=\"text-align: center;\">Ador\u00e1cia od 16:30<\/td>\n<\/tr>\n<tr>\n<td style=\"text-align: center;\">Piatok 25.11.<\/td>\n<td style=\"text-align: center;\">17:00<\/td>\n<td style=\"text-align: center;\"><span style=\"color: #ff0000;\">Sv\u00e4tej Katar\u00edny Alexandrijskej, panny a mu\u010denice<\/span><\/p>\n<p><span style=\"color: #ff0000;\">\u013eubovo\u013en\u00e1 spomienka<\/span><\/td>\n<td style=\"text-align: center;\">+ Sv\u00e4topluk a rodi\u010dia<\/td>\n<td style=\"text-align: center;\"><strong>po sv. om\u0161i n\u00e1cvik det\u00ed na jasli\u010dkov\u00fa pobo\u017enos\u0165<\/strong><\/td>\n<\/tr>\n<tr>\n<td style=\"text-align: center;\">Sobota 26.11.<\/td>\n<td style=\"text-align: center;\">8:00<\/td>\n<td style=\"text-align: center;\"><span style=\"color: #0000ff;\">Preblahoslavenej Panny M\u00e1rie v sobotu<\/span><\/p>\n<p><span style=\"color: #0000ff;\">\u013eubovo\u013en\u00e1 spomienka<\/span><\/td>\n<td style=\"text-align: center;\">za zdravie a Bo\u017eie po\u017eehnanie dc\u00e9ry<\/td>\n<td style=\"text-align: center;\">stretko pre deti na fare o 15:00<\/td>\n<\/tr>\n<tr>\n<td style=\"text-align: center;\"><strong>Nede\u013ea 27.11.<\/strong><\/td>\n<td style=\"text-align: center;\">7:00<\/p>\n<p><span style=\"color: #000000;\"><strong>8:15<\/strong><\/span><\/p>\n<p><span style=\"color: #000000;\">9:45<\/span><\/td>\n<td style=\"text-align: center;\"><span style=\"color: #800080;\">1. adventn\u00e1 nede\u013ea<\/span><\/td>\n<td style=\"text-align: center;\">za rodinu Pavla a Zuzany<\/p>\n<p><span style=\"font-family: inherit; font-size: inherit;\"><strong>Bodice:<\/strong> na \u00famysel<\/span><\/p>\n<p>za zdravie a Bo\u017eie po\u017eehnanie Mari\u00e1na Povalu<\/td>\n<td style=\"text-align: center;\"><strong>Zbierka na charitu<\/strong><\/p>\n<p><span style=\"color: #ff0000;\">Po\u017eehnanie adventn\u00fdch vencov<\/span><\/td>\n<\/tr>\n<\/tbody>\n<\/table>\n<\/div>\n<ul>\n<li>dnes bude pred vylo\u017eenou Olt\u00e1rnou sviatos\u0165ou obnova zasv\u00e4tenia \u013eudsk\u00e9ho pokolenia Najsv\u00e4tej\u0161iemu Srdcu Je\u017ei\u0161ovmu. Pri verejnom recitovan\u00ed modlitby Je\u017ei\u0161u, Vykupite\u013e \u013eudsk\u00e9ho pokolenia ur\u010denej na sl\u00e1vnos\u0165 Krista Kr\u00e1\u013ea, m\u00f4\u017eeme z\u00edska\u0165 za obvykl\u00fdch podmienok \u00fapln\u00e9 odpustky.<\/li>\n<li>na bud\u00facu nede\u013eu bude pri sv. om\u0161iach po\u017eehnanie adventn\u00fdch vencov.<\/li>\n<li>na bud\u00facu nede\u013eu sa uskuto\u010dn\u00ed zbierka na charitu. V\u0161etk\u00fdm darcom P\u00e1n Boh zapla\u0165.<\/li>\n<li>v zbierke na opravu ve\u017ee kostola v Bodiciach sa vyzbieralo 210 \u20ac na ma\u013eovanie kostola v Pal\u00fadzke 390 \u20ac. P\u00e1n Boh zapla\u0165 v\u0161etk\u00fdm \u0161tedr\u00fdm darcom.<\/li>\n<li>srde\u010dne poz\u00fdvame v\u0161etky deti na n\u00e1cvik na jasli\u010dkov\u00fa pobo\u017enos\u0165 v piatok 25. novembra po sv. om\u0161i na faru. Je to jedine\u010dn\u00e1 pr\u00edle\u017eitos\u0165 pre\u017ei\u0165 Vianoce trochu in\u00e1\u010d.<\/li>\n<li>v sobotu 25.11.2022 o 15:00 &#8211; poz\u00fdvame deti na stretko na faru.<\/li>\n<li>o upratovanie kostola pros\u00edm rodiny Badl\u00edkov\u00fa, Kuskov\u00fa, Plevov\u00fa a Tur\u010dinov\u00fa. P\u00e1n Boh zapla\u0165 za slu\u017ebu.<\/li>\n<\/ul>\n","protected":false},"excerpt":{"rendered":"<p>De\u0148 \u010cas Liturgick\u00fd kalend\u00e1r \u00damysel O\u010dak\u00e1vame Nede\u013ea 20.11. 7:00 8:15 9:45 34. nede\u013ea v Cezro\u010dnom obdob\u00ed N\u00e1\u0161ho P\u00e1na Je\u017ei\u0161a Krista, Kr\u00e1\u013ea neba i zeme sl\u00e1vnos\u0165 za veriacich Bodice: na \u00famysel + J\u00e1n a Alb\u00edna zasv\u00e4tenie Najsv\u00e4tej\u0161iemu Srdcu Je\u017ei\u0161ovmu Pondelok 21.11. 17:00 Obetovanie preblahoslavenej Panny M\u00e1rie spomienka + Cec\u00edlia a J\u00e1n \u0160ti\u0165\u00e1kovi Utorok 22.11. 17:00 Sv\u00e4tej [&hellip;]<\/p>\n","protected":false},"author":1,"featured_media":0,"comment_status":"closed","ping_status":"closed","sticky":false,"template":"","format":"standard","meta":{"_links_to":"","_links_to_target":""},"categories":[4,19],"tags":[],"_links":{"self":[{"href":"http:\/\/www.paludzka.fara.sk\/index.php?rest_route=\/wp\/v2\/posts\/1670"}],"collection":[{"href":"http:\/\/www.paludzka.fara.sk\/index.php?rest_route=\/wp\/v2\/posts"}],"about":[{"href":"http:\/\/www.paludzka.fara.sk\/index.php?rest_route=\/wp\/v2\/types\/post"}],"author":[{"embeddable":true,"href":"http:\/\/www.paludzka.fara.sk\/index.php?rest_route=\/wp\/v2\/users\/1"}],"replies":[{"embeddable":true,"href":"http:\/\/www.paludzka.fara.sk\/index.php?rest_route=%2Fwp%2Fv2%2Fcomments&post=1670"}],"version-history":[{"count":1,"href":"http:\/\/www.paludzka.fara.sk\/index.php?rest_route=\/wp\/v2\/posts\/1670\/revisions"}],"predecessor-version":[{"id":1671,"href":"http:\/\/www.paludzka.fara.sk\/index.php?rest_route=\/wp\/v2\/posts\/1670\/revisions\/1671"}],"wp:attachment":[{"href":"http:\/\/www.paludzka.fara.sk\/index.php?rest_route=%2Fwp%2Fv2%2Fmedia&parent=1670"}],"wp:term":[{"taxonomy":"category","embeddable":true,"href":"http:\/\/www.paludzka.fara.sk\/index.php?rest_route=%2Fwp%2Fv2%2Fcategories&post=1670"},{"taxonomy":"post_tag","embeddable":true,"href":"http:\/\/www.paludzka.fara.sk\/index.php?rest_route=%2Fwp%2Fv2%2Ftags&post=1670"}],"curies":[{"name":"wp","href":"https:\/\/api.w.org\/{rel}","templated":true}]}}