
{"id":1657,"date":"2022-11-13T00:00:47","date_gmt":"2022-11-12T23:00:47","guid":{"rendered":"http:\/\/www.paludzka.fara.sk\/?p=1657"},"modified":"2022-11-12T21:19:04","modified_gmt":"2022-11-12T20:19:04","slug":"farske-oznamy-13-11-20-11-2022","status":"publish","type":"post","link":"http:\/\/www.paludzka.fara.sk\/?p=1657","title":{"rendered":"Farsk\u00e9 oznamy 13.11.-20.11.2022"},"content":{"rendered":"<div class=\"table-responsive\">\n<table class=\"table table-bordered\">\n<thead>\n<tr>\n<th style=\"text-align: center;\">De\u0148<\/th>\n<th style=\"text-align: center;\">\u010cas<\/th>\n<th style=\"text-align: center;\">Liturgick\u00fd kalend\u00e1r<\/th>\n<th style=\"text-align: center;\">\u00damysel<\/th>\n<th style=\"text-align: center;\">O\u010dak\u00e1vame<\/th>\n<\/tr>\n<\/thead>\n<tbody>\n<tr>\n<td style=\"text-align: center;\"><strong>Nede\u013ea 13.11.<\/strong><\/td>\n<td style=\"text-align: center;\">7:00<\/p>\n<p><span style=\"color: #000000;\"><strong>8:15<\/strong><\/span><\/p>\n<p><span style=\"color: #000000;\">9:45<\/span><\/td>\n<td style=\"text-align: center;\"><span style=\"color: #008000;\"><b>33. nede\u013ea v Cezro\u010dnom obdob\u00ed<\/b><\/span><\/td>\n<td style=\"text-align: center;\"><span style=\"font-family: inherit; font-size: inherit;\">za veriacich<\/span><\/p>\n<p><strong>Bodice:<\/strong> na \u00famysel<\/p>\n<p>za zdravie Martina a Moniky<\/td>\n<td style=\"text-align: center;\"><strong>zbierka na opravu kostolov<\/strong><\/td>\n<\/tr>\n<tr>\n<td style=\"text-align: center;\">Pondelok 14.11.<\/td>\n<td style=\"text-align: center;\">17:00<\/td>\n<td style=\"text-align: center;\"><span style=\"color: #808000;\"><span style=\"color: #008000;\">Pondelok 33. t\u00fd\u017ed\u0148a v Cezro\u010dnom obdob\u00ed<\/span><\/span><\/td>\n<td style=\"text-align: center;\">+ J\u00e1n a Irma<\/td>\n<td style=\"text-align: center;\"><\/td>\n<\/tr>\n<tr>\n<td style=\"text-align: center;\">Utorok 15.11.<\/td>\n<td style=\"text-align: center;\">17:00<\/td>\n<td style=\"text-align: center;\"><span style=\"color: #808000;\"><span style=\"color: #008000;\">Utorok 33. t\u00fd\u017ed\u0148a v Cezro\u010dnom obdob\u00ed<\/span><\/span><\/td>\n<td style=\"text-align: center;\">+ pr\u00edbuzn\u00ed a priatelia<\/td>\n<td style=\"text-align: center;\"><\/td>\n<\/tr>\n<tr>\n<td style=\"text-align: center;\">Streda 16.11.<\/td>\n<td style=\"text-align: center;\">7:00<\/td>\n<td style=\"text-align: center;\"><span style=\"color: #808000;\"><span style=\"color: #008000;\">Streda 33. t\u00fd\u017ed\u0148a v Cezro\u010dnom obdob\u00ed<\/span><\/span><\/td>\n<td style=\"text-align: center;\">+ s\u00farodenci Herudovi<\/td>\n<td style=\"text-align: center;\"><\/td>\n<\/tr>\n<tr>\n<td style=\"text-align: center;\">\u0160tvrtok 17.11.<\/td>\n<td style=\"text-align: center;\">17:00<\/td>\n<td style=\"text-align: center;\"><span style=\"color: #808000;\">Sv\u00e4tej Al\u017ebety Uhorskej, reho\u013en\u00ed\u010dky<\/span><\/p>\n<p><span style=\"color: #808000;\">spomienka<\/span><\/td>\n<td style=\"text-align: center;\">+ Irena, J\u00e1n a rodi\u010dia<\/td>\n<td style=\"text-align: center;\">Ador\u00e1cia od 16:30<\/td>\n<\/tr>\n<tr>\n<td style=\"text-align: center;\">Piatok 18.11.<\/td>\n<td style=\"text-align: center;\">17:00<\/td>\n<td style=\"text-align: center;\"><span style=\"color: #808000;\"><span style=\"color: #008000;\">Piatok 33. t\u00fd\u017ed\u0148a v Cezro\u010dnom obdob\u00ed<\/span><\/span><\/td>\n<td style=\"text-align: center;\">po\u010fakovanie za 90 rokov \u017eivota Marty<\/td>\n<td style=\"text-align: center;\"><strong>po sv. om\u0161i n\u00e1cvik det\u00ed na jasli\u010dkov\u00fa pobo\u017enos\u0165<\/strong><\/td>\n<\/tr>\n<tr>\n<td style=\"text-align: center;\">Sobota 19.11.<\/td>\n<td style=\"text-align: center;\">8:00<\/td>\n<td style=\"text-align: center;\"><span style=\"color: #0000ff;\">Preblahoslavenej Panny M\u00e1rie v sobotu<\/span><\/p>\n<p><span style=\"color: #0000ff;\">\u013eubovo\u013en\u00e1 spomienka<\/span><\/td>\n<td style=\"text-align: center;\">za rodinu J\u00e1na a Agne\u0161i<\/td>\n<td style=\"text-align: center;\"><\/td>\n<\/tr>\n<tr>\n<td style=\"text-align: center;\"><strong>Nede\u013ea 20.11.<\/strong><\/td>\n<td style=\"text-align: center;\">7:00<\/p>\n<p><span style=\"color: #000000;\"><strong>8:15<\/strong><\/span><\/p>\n<p><span style=\"color: #000000;\">9:45<\/span><\/td>\n<td style=\"text-align: center;\"><span style=\"color: #008000;\"><b>34. nede\u013ea v Cezro\u010dnom obdob\u00ed<\/b><\/span><\/p>\n<p><span style=\"color: #808000;\">N\u00e1\u0161ho P\u00e1na Je\u017ei\u0161a Krista, Kr\u00e1\u013ea neba i zeme<\/span><\/p>\n<p><span style=\"color: #808000;\">sl\u00e1vnos\u0165<\/span><\/td>\n<td style=\"text-align: center;\"><span style=\"font-family: inherit; font-size: inherit;\">za veriacich<\/span><\/p>\n<p><span style=\"font-family: inherit; font-size: inherit;\"><strong>Bodice:<\/strong> na \u00famysel<\/span><\/p>\n<p>+ J\u00e1n a Alb\u00edna<\/td>\n<td style=\"text-align: center;\">Zasv\u00e4tenie Najsv\u00e4tej\u0161iemu Srdcu Je\u017ei\u0161ovmu<\/td>\n<\/tr>\n<\/tbody>\n<\/table>\n<\/div>\n<ul>\n<li>na bud\u00facu nede\u013eu bude pred vylo\u017eenou Olt\u00e1rnou sviatos\u0165ou obnova zasv\u00e4tenia \u013eudsk\u00e9ho pokolenia Najsv\u00e4tej\u0161iemu Srdcu Je\u017ei\u0161ovmu. Pri verejnom recitovan\u00ed modlitby Je\u017ei\u0161u, Vykupite\u013e \u013eudsk\u00e9ho pokolenia ur\u010denej na sl\u00e1vnos\u0165 Krista Kr\u00e1\u013ea, m\u00f4\u017eeme z\u00edska\u0165 za obvykl\u00fdch podmienok \u00fapln\u00e9 odpustky.<\/li>\n<li>na kostol Bohuzn\u00e1ma rodina zo Zuberca obetovala 50 \u20ac. Srde\u010dn\u00e9 P\u00e1n Boh zapla\u0165.<\/li>\n<li>dnes je zbierka na opravu ve\u017ee kostola v Bodiciach a na ma\u013eovanie kostola v Pal\u00fadzke. P\u00e1n Boh zapla\u0165 v\u0161etk\u00fdm darcom.<\/li>\n<li>srde\u010dne poz\u00fdvame v\u0161etky deti na n\u00e1cvik na jasli\u010dkov\u00fa pobo\u017enos\u0165 v piatok 18. novembra po sv. om\u0161i na faru. Je to jedine\u010dn\u00e1 pr\u00edle\u017eitos\u0165 pre\u017ei\u0165 Vianoce trochu in\u00e1\u010d.<\/li>\n<li>o upratovanie kostola pros\u00edm rodiny Ra\u010dkov\u00fa, Mra\u010dnov\u00fa, Tk\u00e1\u010dov\u00fa, Gub\u00e1\u0161ov\u00fa. P\u00e1n Boh zapla\u0165 za slu\u017ebu.<\/li>\n<\/ul>\n","protected":false},"excerpt":{"rendered":"<p>De\u0148 \u010cas Liturgick\u00fd kalend\u00e1r \u00damysel O\u010dak\u00e1vame Nede\u013ea 13.11. 7:00 8:15 9:45 33. nede\u013ea v Cezro\u010dnom obdob\u00ed za veriacich Bodice: na \u00famysel za zdravie Martina a Moniky zbierka na opravu kostolov Pondelok 14.11. 17:00 Pondelok 33. t\u00fd\u017ed\u0148a v Cezro\u010dnom obdob\u00ed + J\u00e1n a Irma Utorok 15.11. 17:00 Utorok 33. t\u00fd\u017ed\u0148a v Cezro\u010dnom obdob\u00ed + pr\u00edbuzn\u00ed a [&hellip;]<\/p>\n","protected":false},"author":1,"featured_media":0,"comment_status":"closed","ping_status":"closed","sticky":false,"template":"","format":"standard","meta":{"_links_to":"","_links_to_target":""},"categories":[4,19],"tags":[],"_links":{"self":[{"href":"http:\/\/www.paludzka.fara.sk\/index.php?rest_route=\/wp\/v2\/posts\/1657"}],"collection":[{"href":"http:\/\/www.paludzka.fara.sk\/index.php?rest_route=\/wp\/v2\/posts"}],"about":[{"href":"http:\/\/www.paludzka.fara.sk\/index.php?rest_route=\/wp\/v2\/types\/post"}],"author":[{"embeddable":true,"href":"http:\/\/www.paludzka.fara.sk\/index.php?rest_route=\/wp\/v2\/users\/1"}],"replies":[{"embeddable":true,"href":"http:\/\/www.paludzka.fara.sk\/index.php?rest_route=%2Fwp%2Fv2%2Fcomments&post=1657"}],"version-history":[{"count":1,"href":"http:\/\/www.paludzka.fara.sk\/index.php?rest_route=\/wp\/v2\/posts\/1657\/revisions"}],"predecessor-version":[{"id":1658,"href":"http:\/\/www.paludzka.fara.sk\/index.php?rest_route=\/wp\/v2\/posts\/1657\/revisions\/1658"}],"wp:attachment":[{"href":"http:\/\/www.paludzka.fara.sk\/index.php?rest_route=%2Fwp%2Fv2%2Fmedia&parent=1657"}],"wp:term":[{"taxonomy":"category","embeddable":true,"href":"http:\/\/www.paludzka.fara.sk\/index.php?rest_route=%2Fwp%2Fv2%2Fcategories&post=1657"},{"taxonomy":"post_tag","embeddable":true,"href":"http:\/\/www.paludzka.fara.sk\/index.php?rest_route=%2Fwp%2Fv2%2Ftags&post=1657"}],"curies":[{"name":"wp","href":"https:\/\/api.w.org\/{rel}","templated":true}]}}