
{"id":1653,"date":"2022-11-06T00:00:31","date_gmt":"2022-11-05T23:00:31","guid":{"rendered":"http:\/\/www.paludzka.fara.sk\/?p=1653"},"modified":"2022-11-06T00:58:30","modified_gmt":"2022-11-05T23:58:30","slug":"farske-oznamy-6-11-13-11-2022","status":"publish","type":"post","link":"http:\/\/www.paludzka.fara.sk\/?p=1653","title":{"rendered":"Farsk\u00e9 oznamy 6.11.-13.11.2022"},"content":{"rendered":"<div class=\"table-responsive\">\n<table class=\"table table-bordered\">\n<thead>\n<tr>\n<th style=\"text-align: center;\">De\u0148<\/th>\n<th style=\"text-align: center;\">\u010cas<\/th>\n<th style=\"text-align: center;\">Liturgick\u00fd kalend\u00e1r<\/th>\n<th style=\"text-align: center;\">\u00damysel<\/th>\n<th style=\"text-align: center;\">O\u010dak\u00e1vame<\/th>\n<\/tr>\n<\/thead>\n<tbody>\n<tr>\n<td style=\"text-align: center;\"><strong>Nede\u013ea 6.11.<\/strong><\/td>\n<td style=\"text-align: center;\">7:00<\/p>\n<p><span style=\"color: #000000;\"><strong>8:15<\/strong><\/span><\/p>\n<p><span style=\"color: #000000;\">9:45<\/span><\/td>\n<td style=\"text-align: center;\"><span style=\"color: #008000;\"><b>32. nede\u013ea v Cezro\u010dnom obdob\u00ed<\/b><\/span><\/td>\n<td style=\"text-align: center;\"><span style=\"font-family: inherit; font-size: inherit;\">za Bo\u017eiu pomoc pre Zuzanu<\/span><\/p>\n<p><strong>Bodice:<\/strong> na \u00famysel<\/p>\n<p>za veriacich<\/td>\n<td style=\"text-align: center;\"><strong>po sv. om\u0161i o 9:45 stretnutie s rodi\u010dmi prvoprij\u00edmaj\u00facich det\u00ed<\/strong><\/td>\n<\/tr>\n<tr>\n<td style=\"text-align: center;\">Pondelok 7.11.<\/td>\n<td style=\"text-align: center;\">17:00<\/td>\n<td style=\"text-align: center;\"><span style=\"color: #808000;\"><span style=\"color: #008000;\">Pondelok 32. t\u00fd\u017ed\u0148a v Cezro\u010dnom obdob\u00ed<\/span><\/span><\/td>\n<td style=\"text-align: center;\">za zdravie a Bo\u017eie po\u017eehnanie Petra a\u00a0Daniely s rodinou<\/td>\n<td style=\"text-align: center;\"><\/td>\n<\/tr>\n<tr>\n<td style=\"text-align: center;\">Utorok 8.11.<\/td>\n<td style=\"text-align: center;\">17:00<\/td>\n<td style=\"text-align: center;\"><span style=\"color: #808000;\"><span style=\"color: #008000;\">Utorok 32. t\u00fd\u017ed\u0148a v Cezro\u010dnom obdob\u00ed<\/span><\/span><\/td>\n<td style=\"text-align: center;\">za obr\u00e1tenie a uzdravenie Jozefa<\/td>\n<td style=\"text-align: center;\"><\/td>\n<\/tr>\n<tr>\n<td style=\"text-align: center;\">Streda 9.11.<\/td>\n<td style=\"text-align: center;\">7:00<\/td>\n<td style=\"text-align: center;\"><span style=\"color: #808000;\">V\u00fdro\u010die posviacky Later\u00e1nskej baziliky<\/span><\/p>\n<p><span style=\"color: #808000;\">sviatok<\/span><\/td>\n<td style=\"text-align: center;\">+ rodi\u010dia a star\u00ed rodi\u010dia Margity Mager\u010d\u00e1k<\/td>\n<td style=\"text-align: center;\"><\/td>\n<\/tr>\n<tr>\n<td style=\"text-align: center;\">\u0160tvrtok 10.11.<\/td>\n<td style=\"text-align: center;\">17:00<\/td>\n<td style=\"text-align: center;\"><span style=\"color: #808000;\">Sv\u00e4t\u00e9ho Leva Ve\u013ek\u00e9ho, p\u00e1pe\u017ea a u\u010dite\u013ea Cirkvi<\/span><\/p>\n<p><span style=\"color: #808000;\">spomienka<\/span><\/td>\n<td style=\"text-align: center;\">+ Vincent a Paul\u00edna<\/td>\n<td style=\"text-align: center;\">Ador\u00e1cia od 16:30<\/td>\n<\/tr>\n<tr>\n<td style=\"text-align: center;\">Piatok 11.11.<\/td>\n<td style=\"text-align: center;\">17:00<\/td>\n<td style=\"text-align: center;\"><span style=\"color: #808000;\">Sv\u00e4t\u00e9ho Martina z Tours, biskupa<\/span><\/p>\n<p><span style=\"color: #808000;\">spomienka<\/span><\/td>\n<td style=\"text-align: center;\">za dar viery a Bo\u017eie po\u017eehnanie rodiny<\/td>\n<td style=\"text-align: center;\"><strong>po sv. om\u0161i n\u00e1cvik det\u00ed na jasli\u010dkov\u00fa pobo\u017enos\u0165<\/strong><\/td>\n<\/tr>\n<tr>\n<td style=\"text-align: center;\">Sobota 12.11.<\/td>\n<td style=\"text-align: center;\">8:00<\/td>\n<td style=\"text-align: center;\"><span style=\"color: #808000;\">Sv\u00e4t\u00e9ho Jozaf\u00e1ta, biskupa a mu\u010den\u00edka<\/span><\/p>\n<p><span style=\"color: #808000;\">spomienka<\/span><\/td>\n<td style=\"text-align: center;\">+ pr\u00edbuzn\u00ed a zn\u00e1mi a za v\u0161etk\u00fdch, na ktor\u00fdch si nikto nespom\u00edna<\/td>\n<td style=\"text-align: center;\">stretko det\u00ed na fare o 15:00<\/td>\n<\/tr>\n<tr>\n<td style=\"text-align: center;\"><strong>Nede\u013ea 13.11.<\/strong><\/td>\n<td style=\"text-align: center;\">7:00<\/p>\n<p><span style=\"color: #000000;\"><strong>8:15<\/strong><\/span><\/p>\n<p><span style=\"color: #000000;\">9:45<\/span><\/td>\n<td style=\"text-align: center;\"><span style=\"color: #008000;\"><b>33. nede\u013ea v Cezro\u010dnom obdob\u00ed<\/b><\/span><\/td>\n<td style=\"text-align: center;\"><span style=\"font-family: inherit; font-size: inherit;\">za veriacich<\/span><\/p>\n<p><span style=\"font-family: inherit; font-size: inherit;\"><strong>Bodice:<\/strong> na \u00famysel<\/span><\/p>\n<p>za zdravie Moniky a Martina<\/td>\n<td style=\"text-align: center;\"><strong>zbierka na opravu kostolov<\/strong><\/td>\n<\/tr>\n<\/tbody>\n<\/table>\n<\/div>\n<ul>\n<li>veriaci, ktor\u00fd n\u00e1bo\u017ene nav\u0161t\u00edvi cintor\u00edn a pomodl\u00ed sa za zosnul\u00fdch, m\u00f4\u017ee z\u00edska\u0165 odpustky, ktor\u00e9 sa m\u00f4\u017eu privlastni\u0165 iba du\u0161iam v o\u010distci, raz denne <strong>od 1. novembra do 8. novembra<\/strong>. Treba splni\u0165 aj obvykl\u00e9 podmienky. Jedna sv\u00e4t\u00e1 spove\u010f v\u0161ak sta\u010d\u00ed na v\u0161etky odpustky.<\/li>\n<li><strong>v piatok 11.11.2022 po sv. om\u0161i poz\u00fdvame deti na n\u00e1cvik na jasli\u010dkov\u00fa pobo\u017enos\u0165<\/strong>.<\/li>\n<li>v sobotu 12.11.2022 o 15:00 &#8211; poz\u00fdvame deti na prv\u00e9 z troch stretnut\u00ed, ktor\u00e9 sa uskuto\u010dnia v predviano\u010dnom obdob\u00ed na fare.<\/li>\n<li>na kostol v Bodiciach Bohuzn\u00e1ma z Bojn\u00edc obetovala 200 \u20ac. Na kostol v Pal\u00fadzke darovali 20, 100, 50 a 30 \u20ac. Za va\u0161e dary srde\u010dn\u00e9 P\u00e1n Boh zapla\u0165.<\/li>\n<li>na bud\u00facu nede\u013eu bude zbierka na opravu ve\u017ee kostola v Bodiciach a na ma\u013eovanie kostola v Pal\u00fadzke. Vopred P\u00e1n Boh zapla\u0165 v\u0161etk\u00fdm<br \/>\ndarcom.<\/li>\n<li>pr\u00edspevky na chod farnosti: \u010c\u00edslo \u00fa\u010dtu farnosti: SK92 0900 0000 0003 3369 2703 . P\u00e1n Boh zapla\u0165! Za Va\u0161u \u0161tedros\u0165 a modlitby.<\/li>\n<li>o upratovanie kostola pros\u00edm rodiny Ku\u010derov\u00fa, J\u00e1no\u0161\u00edkov\u00fa, Adam\u010diakov\u00fa J. . P\u00e1n Boh zapla\u0165 za slu\u017ebu.<\/li>\n<\/ul>\n","protected":false},"excerpt":{"rendered":"<p>De\u0148 \u010cas Liturgick\u00fd kalend\u00e1r \u00damysel O\u010dak\u00e1vame Nede\u013ea 6.11. 7:00 8:15 9:45 32. nede\u013ea v Cezro\u010dnom obdob\u00ed za Bo\u017eiu pomoc pre Zuzanu Bodice: na \u00famysel za veriacich po sv. om\u0161i o 9:45 stretnutie s rodi\u010dmi prvoprij\u00edmaj\u00facich det\u00ed Pondelok 7.11. 17:00 Pondelok 32. t\u00fd\u017ed\u0148a v Cezro\u010dnom obdob\u00ed za zdravie a Bo\u017eie po\u017eehnanie Petra a\u00a0Daniely s rodinou Utorok [&hellip;]<\/p>\n","protected":false},"author":1,"featured_media":0,"comment_status":"closed","ping_status":"closed","sticky":false,"template":"","format":"standard","meta":{"_links_to":"","_links_to_target":""},"categories":[4,19],"tags":[],"_links":{"self":[{"href":"http:\/\/www.paludzka.fara.sk\/index.php?rest_route=\/wp\/v2\/posts\/1653"}],"collection":[{"href":"http:\/\/www.paludzka.fara.sk\/index.php?rest_route=\/wp\/v2\/posts"}],"about":[{"href":"http:\/\/www.paludzka.fara.sk\/index.php?rest_route=\/wp\/v2\/types\/post"}],"author":[{"embeddable":true,"href":"http:\/\/www.paludzka.fara.sk\/index.php?rest_route=\/wp\/v2\/users\/1"}],"replies":[{"embeddable":true,"href":"http:\/\/www.paludzka.fara.sk\/index.php?rest_route=%2Fwp%2Fv2%2Fcomments&post=1653"}],"version-history":[{"count":1,"href":"http:\/\/www.paludzka.fara.sk\/index.php?rest_route=\/wp\/v2\/posts\/1653\/revisions"}],"predecessor-version":[{"id":1654,"href":"http:\/\/www.paludzka.fara.sk\/index.php?rest_route=\/wp\/v2\/posts\/1653\/revisions\/1654"}],"wp:attachment":[{"href":"http:\/\/www.paludzka.fara.sk\/index.php?rest_route=%2Fwp%2Fv2%2Fmedia&parent=1653"}],"wp:term":[{"taxonomy":"category","embeddable":true,"href":"http:\/\/www.paludzka.fara.sk\/index.php?rest_route=%2Fwp%2Fv2%2Fcategories&post=1653"},{"taxonomy":"post_tag","embeddable":true,"href":"http:\/\/www.paludzka.fara.sk\/index.php?rest_route=%2Fwp%2Fv2%2Ftags&post=1653"}],"curies":[{"name":"wp","href":"https:\/\/api.w.org\/{rel}","templated":true}]}}