
{"id":1617,"date":"2022-10-30T00:00:03","date_gmt":"2022-10-29T22:00:03","guid":{"rendered":"http:\/\/www.paludzka.fara.sk\/?p=1617"},"modified":"2022-11-01T09:00:20","modified_gmt":"2022-11-01T08:00:20","slug":"farske-oznamy-30-10-6-11-2022","status":"publish","type":"post","link":"http:\/\/www.paludzka.fara.sk\/?p=1617","title":{"rendered":"Farsk\u00e9 oznamy 30.10.-6.11.2022"},"content":{"rendered":"<div class=\"table-responsive\">\n<table class=\"table table-bordered\">\n<thead>\n<tr>\n<th style=\"text-align: center;\">De\u0148<\/th>\n<th style=\"text-align: center;\">\u010cas<\/th>\n<th style=\"text-align: center;\">Liturgick\u00fd kalend\u00e1r<\/th>\n<th style=\"text-align: center;\">\u00damysel<\/th>\n<th style=\"text-align: center;\">O\u010dak\u00e1vame<\/th>\n<\/tr>\n<\/thead>\n<tbody>\n<tr>\n<td style=\"text-align: center;\"><strong>Nede\u013ea 30.10.<\/strong><\/td>\n<td style=\"text-align: center;\">7:00<\/p>\n<p><span style=\"color: #000000;\"><strong>8:15<\/strong><\/span><\/p>\n<p><span style=\"color: #000000;\">9:45<\/span><\/td>\n<td style=\"text-align: center;\"><span style=\"color: #008000;\"><b>31. nede\u013ea v Cezro\u010dnom obdob\u00ed<\/b><\/span><\/td>\n<td style=\"text-align: center;\"><span style=\"font-family: inherit; font-size: inherit;\">za Bo\u017eiu pomoc pre Zuzanu<\/span><\/p>\n<p><strong>Bodice:<\/strong> na \u00famysel<\/p>\n<p>za veriacich<\/td>\n<td style=\"text-align: center;\">sviatos\u0165 zmierenia Bodice od 13:00<\/p>\n<p>Pal\u00fadzka od 14:30<\/p>\n<p>Ru\u017eencov\u00e1 pobo\u017enos\u0165 o 14:00<\/td>\n<\/tr>\n<tr>\n<td style=\"text-align: center;\">Pondelok 31.10.<\/td>\n<td style=\"text-align: center;\"><span style=\"color: #ff0000;\">17:00<\/span><\/td>\n<td style=\"text-align: center;\"><span style=\"color: #808000;\"><span style=\"color: #008000;\">Pondelok 31. t\u00fd\u017ed\u0148a v Cezro\u010dnom obdob\u00ed<\/span><\/span><\/p>\n<p><span style=\"color: #808000;\">Sv. om\u0161a je z nasleduj\u00facej sl\u00e1vnosti<\/span><\/td>\n<td style=\"text-align: center;\">+ Karol, Anna<\/td>\n<td style=\"text-align: center;\">sviatos\u0165 zmierenia od 16:00<\/td>\n<\/tr>\n<tr>\n<td style=\"text-align: center;\">Utorok 1.11.<\/td>\n<td style=\"text-align: center;\">7:00<\/p>\n<p><strong>8:15<\/strong><\/p>\n<p>9:45<\/td>\n<td style=\"text-align: center;\"><span style=\"color: #808000;\">V\u0161etk\u00fdch sv\u00e4t\u00fdch <\/span><\/p>\n<p><span style=\"color: #808000;\">sl\u00e1vnos\u0165<\/span><\/p>\n<p><span style=\"color: #ff0000;\">Prik\u00e1zan\u00fd sviatok<\/span><\/td>\n<td style=\"text-align: center;\">za rodinu Lieskovsk\u00fa<\/p>\n<p><strong>Bodice<\/strong>: na \u00famysel<\/p>\n<p>za veriacich<\/td>\n<td style=\"text-align: center;\">Pobo\u017enos\u0165 na cintor\u00edne<\/p>\n<p><strong>Bodice: po sv. om\u0161i<\/strong><\/p>\n<p>Pal\u00fadzka: o 14:00, cintor\u00edn pri Z\u0160<\/td>\n<\/tr>\n<tr>\n<td style=\"text-align: center;\">Streda 2.11.<\/td>\n<td style=\"text-align: center;\"><strong>16:00<\/strong><\/p>\n<p>17:00<\/td>\n<td style=\"text-align: center;\"><span style=\"color: #800080;\">Spomienka na v\u0161etk\u00fdch vern\u00fdch zosnul\u00fdch<\/span><\/td>\n<td style=\"text-align: center;\"><strong>Bodice<\/strong>: za v\u0161etk\u00fdch zosnul\u00fdch<\/p>\n<p>na \u00famysel Sv\u00e4t\u00e9ho Otca<\/td>\n<td style=\"text-align: center;\">osobitn\u00e1 pobo\u017enos\u0165 v z\u00e1vere sv. om\u0161\u00ed<\/td>\n<\/tr>\n<tr>\n<td style=\"text-align: center;\">\u0160tvrtok 3.11.<\/td>\n<td style=\"text-align: center;\">17:00<\/td>\n<td style=\"text-align: center;\"><span style=\"color: #808000;\">Za povolania na k\u0148azsk\u00fd stav<\/span><\/td>\n<td style=\"text-align: center;\">+ rodi\u010dia J\u00e1na a Agne\u0161i<\/td>\n<td style=\"text-align: center;\">Prv\u00fd \u0161tvrtok v mesiaci \u2013 de\u0148 modlitieb za duchovn\u00e9 povolania<\/p>\n<p>Ador\u00e1cia od 16:30<\/td>\n<\/tr>\n<tr>\n<td style=\"text-align: center;\">Piatok 4.11.<\/td>\n<td style=\"text-align: center;\"><strong>16:00<\/strong><\/p>\n<p>17:00<\/td>\n<td style=\"text-align: center;\"><span style=\"color: #808000;\">O Najsv\u00e4tej\u0161om Srdci Je\u017ei\u0161ovom<\/span><\/p>\n<p><span style=\"color: #808000;\">Prv\u00fd piatok<\/span><\/td>\n<td style=\"text-align: center;\"><strong>Bodice:<\/strong>\u00a0.<\/p>\n<p>+ Milan N\u00edzly a + rodi\u010dia<\/td>\n<td style=\"text-align: center;\"><strong>N\u00e1v\u0161teva chor\u00fdch od 8:00<\/strong><\/td>\n<\/tr>\n<tr>\n<td style=\"text-align: center;\">Sobota 5.11.<\/td>\n<td style=\"text-align: center;\">8:00<\/td>\n<td style=\"text-align: center;\"><span style=\"color: #0000ff;\">O Nepo\u0161kvrnenom Srdci Panny M\u00e1rie<\/span><\/td>\n<td style=\"text-align: center;\">+ Celest\u00edn, Silvia a rodi\u010dia<\/td>\n<td style=\"text-align: center;\">Prv\u00e1 sobota v mesiaci<\/p>\n<p>Fatimsk\u00e1 pobo\u017enos\u0165 o 7:30<\/td>\n<\/tr>\n<tr>\n<td style=\"text-align: center;\"><strong>Nede\u013ea 6.11.<\/strong><\/td>\n<td style=\"text-align: center;\">7:00<\/p>\n<p><span style=\"color: #000000;\"><strong>8:15<\/strong><\/span><\/p>\n<p><span style=\"color: #000000;\">9:45<\/span><\/td>\n<td style=\"text-align: center;\"><span style=\"color: #008000;\"><b>32. nede\u013ea v Cezro\u010dnom obdob\u00ed<\/b><\/span><\/td>\n<td style=\"text-align: center;\"><span style=\"font-family: inherit; font-size: inherit;\">za veriacich<\/span><\/p>\n<p><span style=\"font-family: inherit; font-size: inherit;\"><strong>Bodice:<\/strong> na \u00famysel<\/span><\/p>\n<p>za sp\u00e1su \u017eiv\u00fdch a zomrel\u00fdch pr\u00edbuzn\u00fdch a priate\u013eov<\/td>\n<td style=\"text-align: center;\"><strong>Po sv. om\u0161i o 9:45 stretnutie s rodi\u010dmi prvoprij\u00edmaj\u00facich det\u00ed<\/strong><\/td>\n<\/tr>\n<\/tbody>\n<\/table>\n<\/div>\n<ul>\n<li>\u00famysly sv. om\u0161\u00ed na mesiac november budem zapisova\u0165 v pondelok po sv. om\u0161i.<\/li>\n<li>veriaci, ktor\u00fd v de\u0148 Spomienky na v\u0161etk\u00fdch vern\u00fdch zosnul\u00fdch n\u00e1bo\u017ene nav\u0161t\u00edvi kostol alebo kaplnku a pomodl\u00ed sa Ot\u010den\u00e1\u0161 a urob\u00ed vyznanie viery (Ver\u00edm v Boha), m\u00f4\u017ee z\u00edska\u0165 \u00fapln\u00e9 odpustky, ktor\u00e9 sa m\u00f4\u017eu privlastni\u0165 iba du\u0161iam v o\u010distci. Okrem toho sa \u017eiada splni\u0165 obvykl\u00e9 podmienky: spove\u010f, sv. prij\u00edmanie, modlitba na \u00famysel Sv. Otca (Ot\u010den\u00e1\u0161, Zdravas, Sl\u00e1va) a tie\u017e sa \u017eiada vyl\u00fa\u010di\u0165 ak\u00fako\u013evek prip\u00fatanos\u0165 ku hriechu, aj k \u013eahk\u00e9mu. Mo\u017eno ich z\u00edska\u0165 od poludnia 1. novembra do polnoci 2. novembra<\/li>\n<li>veriaci, ktor\u00fd n\u00e1bo\u017ene nav\u0161t\u00edvi cintor\u00edn a pomodl\u00ed sa za zosnul\u00fdch, m\u00f4\u017ee z\u00edska\u0165 odpustky, ktor\u00e9 sa m\u00f4\u017eu privlastni\u0165 iba du\u0161iam v o\u010distci, raz denne od 1. novembra do 8. novembra. Treba splni\u0165 aj obvykl\u00e9 podmienky. Jedna sv\u00e4t\u00e1 spove\u010f v\u0161ak sta\u010d\u00ed na v\u0161etky odpustky.<\/li>\n<li>na kostol v Bodiciach Bohuzn\u00e1ma obetovala 50 \u20ac.<\/li>\n<li>v zbierke na misie sme prispeli 414 \u20ac, Ru\u017eencov\u00e9 spolo\u010denstvo 35 \u20ac. Za va\u0161e milodary srde\u010dn\u00e9 P\u00e1n Boh zapla\u0165.<\/li>\n<li>pr\u00edspevky na chod farnosti: \u010c\u00edslo \u00fa\u010dtu farnosti: SK92 0900 0000 0003 3369 2703 . P\u00e1n Boh zapla\u0165! Za Va\u0161u \u0161tedros\u0165 a modlitby.<\/li>\n<li>o upratovanie kostola pros\u00edm rodiny Kostoln\u00fa. Dia\u010dikov\u00fa, Korman\u00edkov\u00fa a S\u00e1lusov\u00fa. P\u00e1n Boh zapla\u0165 za slu\u017ebu.<\/li>\n<\/ul>\n","protected":false},"excerpt":{"rendered":"<p>De\u0148 \u010cas Liturgick\u00fd kalend\u00e1r \u00damysel O\u010dak\u00e1vame Nede\u013ea 30.10. 7:00 8:15 9:45 31. nede\u013ea v Cezro\u010dnom obdob\u00ed za Bo\u017eiu pomoc pre Zuzanu Bodice: na \u00famysel za veriacich sviatos\u0165 zmierenia Bodice od 13:00 Pal\u00fadzka od 14:30 Ru\u017eencov\u00e1 pobo\u017enos\u0165 o 14:00 Pondelok 31.10. 17:00 Pondelok 31. t\u00fd\u017ed\u0148a v Cezro\u010dnom obdob\u00ed Sv. om\u0161a je z nasleduj\u00facej sl\u00e1vnosti + Karol, [&hellip;]<\/p>\n","protected":false},"author":1,"featured_media":0,"comment_status":"closed","ping_status":"closed","sticky":false,"template":"","format":"standard","meta":{"_links_to":"","_links_to_target":""},"categories":[4,19],"tags":[],"_links":{"self":[{"href":"http:\/\/www.paludzka.fara.sk\/index.php?rest_route=\/wp\/v2\/posts\/1617"}],"collection":[{"href":"http:\/\/www.paludzka.fara.sk\/index.php?rest_route=\/wp\/v2\/posts"}],"about":[{"href":"http:\/\/www.paludzka.fara.sk\/index.php?rest_route=\/wp\/v2\/types\/post"}],"author":[{"embeddable":true,"href":"http:\/\/www.paludzka.fara.sk\/index.php?rest_route=\/wp\/v2\/users\/1"}],"replies":[{"embeddable":true,"href":"http:\/\/www.paludzka.fara.sk\/index.php?rest_route=%2Fwp%2Fv2%2Fcomments&post=1617"}],"version-history":[{"count":2,"href":"http:\/\/www.paludzka.fara.sk\/index.php?rest_route=\/wp\/v2\/posts\/1617\/revisions"}],"predecessor-version":[{"id":1641,"href":"http:\/\/www.paludzka.fara.sk\/index.php?rest_route=\/wp\/v2\/posts\/1617\/revisions\/1641"}],"wp:attachment":[{"href":"http:\/\/www.paludzka.fara.sk\/index.php?rest_route=%2Fwp%2Fv2%2Fmedia&parent=1617"}],"wp:term":[{"taxonomy":"category","embeddable":true,"href":"http:\/\/www.paludzka.fara.sk\/index.php?rest_route=%2Fwp%2Fv2%2Fcategories&post=1617"},{"taxonomy":"post_tag","embeddable":true,"href":"http:\/\/www.paludzka.fara.sk\/index.php?rest_route=%2Fwp%2Fv2%2Ftags&post=1617"}],"curies":[{"name":"wp","href":"https:\/\/api.w.org\/{rel}","templated":true}]}}