
{"id":1557,"date":"2022-10-23T00:00:41","date_gmt":"2022-10-22T22:00:41","guid":{"rendered":"http:\/\/www.paludzka.fara.sk\/?p=1557"},"modified":"2022-10-23T16:14:25","modified_gmt":"2022-10-23T14:14:25","slug":"farske-oznamy-23-10-30-10-2022","status":"publish","type":"post","link":"http:\/\/www.paludzka.fara.sk\/?p=1557","title":{"rendered":"Farsk\u00e9 oznamy 23.10.-30.10.2022"},"content":{"rendered":"<div class=\"table-responsive\">\n<table class=\"table table-bordered\">\n<thead>\n<tr>\n<th style=\"text-align: center;\">De\u0148<\/th>\n<th style=\"text-align: center;\">\u010cas<\/th>\n<th style=\"text-align: center;\">Liturgick\u00fd kalend\u00e1r<\/th>\n<th style=\"text-align: center;\">\u00damysel<\/th>\n<th style=\"text-align: center;\">O\u010dak\u00e1vame<\/th>\n<\/tr>\n<\/thead>\n<tbody>\n<tr>\n<td style=\"text-align: center;\"><strong>Nede\u013ea 23.10.<\/strong><\/td>\n<td style=\"text-align: center;\">7:00<\/p>\n<p><span style=\"color: #000000;\"><strong>8:15<\/strong><\/span><\/p>\n<p><span style=\"color: #000000;\">9:45<\/span><\/td>\n<td style=\"text-align: center;\"><span style=\"color: #008000;\"><b>30. nede\u013ea v Cezro\u010dnom obdob\u00ed<\/b><\/span><\/td>\n<td style=\"text-align: center;\">za veriacich<\/p>\n<p><strong>Bodice:<\/strong> na \u00famysel<\/p>\n<p>za zdravie<\/td>\n<td style=\"text-align: center;\">Ru\u017eencov\u00e1 pobo\u017enos\u0165 o 14:00<\/p>\n<p><strong>zbierka na misie<\/strong><\/td>\n<\/tr>\n<tr>\n<td style=\"text-align: center;\">Pondelok 24.10.<\/td>\n<td style=\"text-align: center;\"><span style=\"color: #000000;\">18:15<\/span><\/td>\n<td style=\"text-align: center;\"><span style=\"color: #808000;\"><span style=\"color: #008000;\">Pondelok 30. t\u00fd\u017ed\u0148a v Cezro\u010dnom obdob\u00ed<\/span><\/span><\/td>\n<td style=\"text-align: center;\">za zdravie a Bo\u017eie po\u017eehnanie pre deti<\/td>\n<td style=\"text-align: center;\"><\/td>\n<\/tr>\n<tr>\n<td style=\"text-align: center;\">Utorok 25.10.<\/td>\n<td style=\"text-align: center;\">18:15<\/td>\n<td style=\"text-align: center;\"><span style=\"color: #808000;\">V\u00fdro\u010die posviacky katedr\u00e1lneho chr\u00e1mu sv. Martina z Tours, biskupa<\/span><\/p>\n<p><span style=\"color: #808000;\">sviatok<\/span><\/td>\n<td style=\"text-align: center;\">+ Jozefovia a Ladislavovia<\/td>\n<td style=\"text-align: center;\"><\/td>\n<\/tr>\n<tr>\n<td style=\"text-align: center;\">Streda 26.10.<\/td>\n<td style=\"text-align: center;\">7:00<\/td>\n<td style=\"text-align: center;\"><span style=\"color: #808000;\"><span style=\"color: #008000;\">Streda 30. t\u00fd\u017ed\u0148a v Cezro\u010dnom obdob\u00ed<\/span><\/span><\/td>\n<td style=\"text-align: center;\">+ Cyril a + z rodiny<\/td>\n<td style=\"text-align: center;\"><\/td>\n<\/tr>\n<tr>\n<td style=\"text-align: center;\">\u0160tvrtok 27.10.<\/td>\n<td style=\"text-align: center;\">18:15<\/td>\n<td style=\"text-align: center;\"><span style=\"color: #808000;\"><span style=\"color: #008000;\">\u0160tvrtok 30. t\u00fd\u017ed\u0148a v Cezro\u010dnom obdob\u00ed<\/span><\/span><\/td>\n<td style=\"text-align: center;\">za Bo\u017eie po\u017eehnanie pre Terezu<\/td>\n<td style=\"text-align: center;\">Ador\u00e1cia od 17:30<\/td>\n<\/tr>\n<tr>\n<td style=\"text-align: center;\">Piatok 28.10.<\/td>\n<td style=\"text-align: center;\">18:15<\/td>\n<td style=\"text-align: center;\"><span style=\"color: #ff0000;\">Sv\u00e4t\u00fdch \u0160imona a J\u00fadu, apo\u0161tolov<\/span><\/p>\n<p><span style=\"color: #ff0000;\">sviatok<\/span><\/td>\n<td style=\"text-align: center;\">za Bo\u017eiu pomoc pre man\u017eelov a obr\u00e1tenie det\u00ed<\/td>\n<td style=\"text-align: center;\"><\/td>\n<\/tr>\n<tr>\n<td style=\"text-align: center;\">Sobota 29.10.<\/td>\n<td style=\"text-align: center;\">8:00<\/td>\n<td style=\"text-align: center;\"><span style=\"color: #0000ff;\">Preblahoslavenej Panny M\u00e1rie v sobotu<\/span><\/p>\n<p><span style=\"color: #0000ff;\">\u013eubovo\u013en\u00e1 spomienka<\/span><\/td>\n<td style=\"text-align: center;\">+ rodi\u010dia Zubekovi<\/td>\n<td style=\"text-align: center;\"><\/td>\n<\/tr>\n<tr>\n<td style=\"text-align: center;\"><strong>Nede\u013ea 30.10.<\/strong><\/td>\n<td style=\"text-align: center;\">7:00<\/p>\n<p><span style=\"color: #000000;\"><strong>8:15<\/strong><\/span><\/p>\n<p><span style=\"color: #000000;\">9:45<\/span><\/td>\n<td style=\"text-align: center;\"><span style=\"color: #008000;\"><b>31. nede\u013ea v Cezro\u010dnom obdob\u00ed<\/b><\/span><\/td>\n<td style=\"text-align: center;\"><span style=\"font-family: inherit; font-size: inherit;\">za Bo\u017eiu pomoc pre Zuzanu<\/span><\/p>\n<p><span style=\"font-family: inherit; font-size: inherit;\"><strong>Bodice:<\/strong> na \u00famysel<\/span><\/p>\n<p>za veriacich<\/td>\n<td style=\"text-align: center;\">Ru\u017eencov\u00e1 pobo\u017enos\u0165 o 14:00<\/td>\n<\/tr>\n<\/tbody>\n<\/table>\n<\/div>\n<ul>\n<li>ru\u017eencov\u00e9 pobo\u017enosti bud\u00fa v t\u00fd\u017edni 30 min\u00fat pred sv. om\u0161ami. V nede\u013eu o 14:00.<\/li>\n<li>v noci z 29. na 30. okt\u00f3bra 2022 sa men\u00ed \u010das o hodinu dozadu.<\/li>\n<li>zbierka na opravu ve\u017ee v Bodiciach bola 340 \u20ac a na ma\u013eovanie kostola v Pal\u00fadzke 435 \u20ac. Ru\u017eencov\u00e9 spolo\u010denstvo v Pal\u00fadzke obetovalo na kostol 1 000 \u20ac. Bohuzn\u00e1my daroval 100 \u20ac na \u00fa\u010det farnosti. Bohuzn\u00e1my prispel na ma\u013eovanie kostola 100 \u20ac. P\u00e1n Boh zapla\u0165 za va\u0161u \u0161tedros\u0165.<\/li>\n<li>dnes pri sv\u00e4t\u00fdch om\u0161iach je aj v na\u0161ej farnosti zbierka na misie. Tento rok bude na Slovensku venovan\u00e1 farnostiam v Kambod\u017ei, ktor\u00e9 sa staraj\u00fa o zdravotne postihnut\u00fdch \u013eud\u00ed. Svoj\u00edm pr\u00edspevkom d\u00e1vate trpiacim n\u00e1dej a pom\u00e1hate im \u017ei\u0165 lep\u0161\u00ed \u017eivot, Za va\u0161e milodary srde\u010dn\u00e9 P\u00e1n Boh zapla\u0165.<\/li>\n<li>vo \u0161tvrtok sme s Bo\u017eou pomocou ukon\u010dili pr\u00e1ce na v\u00fdmene stre\u0161nej krytiny na ve\u017ei a obnove fas\u00e1dy ve\u017ee kostola v Bodiciach. Nech je za to osl\u00e1ven\u00fd Boh.<\/li>\n<li>P\u00e1n Boh zapla\u0165 mu\u017eom za pomoc pri \u00faprave okolia kostola a fary v Pal\u00fadzke.<\/li>\n<li>o upratovanie kostola pros\u00edm rodiny Kolen\u010d\u00edkov\u00fa, Kov\u00e1\u010dov\u00fa, Slafkovsk\u00fa a Ko\u0161\u00fatov\u00fa. P\u00e1n Boh zapla\u0165 za slu\u017ebu.<\/li>\n<\/ul>\n","protected":false},"excerpt":{"rendered":"<p>De\u0148 \u010cas Liturgick\u00fd kalend\u00e1r \u00damysel O\u010dak\u00e1vame Nede\u013ea 23.10. 7:00 8:15 9:45 30. nede\u013ea v Cezro\u010dnom obdob\u00ed za veriacich Bodice: na \u00famysel za zdravie Ru\u017eencov\u00e1 pobo\u017enos\u0165 o 14:00 zbierka na misie Pondelok 24.10. 18:15 Pondelok 30. t\u00fd\u017ed\u0148a v Cezro\u010dnom obdob\u00ed za zdravie a Bo\u017eie po\u017eehnanie pre deti Utorok 25.10. 18:15 V\u00fdro\u010die posviacky katedr\u00e1lneho chr\u00e1mu sv. Martina [&hellip;]<\/p>\n","protected":false},"author":1,"featured_media":0,"comment_status":"closed","ping_status":"closed","sticky":false,"template":"","format":"standard","meta":{"_links_to":"","_links_to_target":""},"categories":[4,19],"tags":[],"_links":{"self":[{"href":"http:\/\/www.paludzka.fara.sk\/index.php?rest_route=\/wp\/v2\/posts\/1557"}],"collection":[{"href":"http:\/\/www.paludzka.fara.sk\/index.php?rest_route=\/wp\/v2\/posts"}],"about":[{"href":"http:\/\/www.paludzka.fara.sk\/index.php?rest_route=\/wp\/v2\/types\/post"}],"author":[{"embeddable":true,"href":"http:\/\/www.paludzka.fara.sk\/index.php?rest_route=\/wp\/v2\/users\/1"}],"replies":[{"embeddable":true,"href":"http:\/\/www.paludzka.fara.sk\/index.php?rest_route=%2Fwp%2Fv2%2Fcomments&post=1557"}],"version-history":[{"count":3,"href":"http:\/\/www.paludzka.fara.sk\/index.php?rest_route=\/wp\/v2\/posts\/1557\/revisions"}],"predecessor-version":[{"id":1615,"href":"http:\/\/www.paludzka.fara.sk\/index.php?rest_route=\/wp\/v2\/posts\/1557\/revisions\/1615"}],"wp:attachment":[{"href":"http:\/\/www.paludzka.fara.sk\/index.php?rest_route=%2Fwp%2Fv2%2Fmedia&parent=1557"}],"wp:term":[{"taxonomy":"category","embeddable":true,"href":"http:\/\/www.paludzka.fara.sk\/index.php?rest_route=%2Fwp%2Fv2%2Fcategories&post=1557"},{"taxonomy":"post_tag","embeddable":true,"href":"http:\/\/www.paludzka.fara.sk\/index.php?rest_route=%2Fwp%2Fv2%2Ftags&post=1557"}],"curies":[{"name":"wp","href":"https:\/\/api.w.org\/{rel}","templated":true}]}}