
{"id":1554,"date":"2022-10-16T00:00:04","date_gmt":"2022-10-15T22:00:04","guid":{"rendered":"http:\/\/www.paludzka.fara.sk\/?p=1554"},"modified":"2022-10-15T22:07:34","modified_gmt":"2022-10-15T20:07:34","slug":"farske-oznamy-16-10-23-10-2022","status":"publish","type":"post","link":"http:\/\/www.paludzka.fara.sk\/?p=1554","title":{"rendered":"Farsk\u00e9 oznamy 16.10.-23.10.2022"},"content":{"rendered":"<div class=\"table-responsive\">\n<table class=\"table table-bordered\">\n<thead>\n<tr>\n<th style=\"text-align: center;\">De\u0148<\/th>\n<th style=\"text-align: center;\">\u010cas<\/th>\n<th style=\"text-align: center;\">Liturgick\u00fd kalend\u00e1r<\/th>\n<th style=\"text-align: center;\">\u00damysel<\/th>\n<th style=\"text-align: center;\">O\u010dak\u00e1vame<\/th>\n<\/tr>\n<\/thead>\n<tbody>\n<tr>\n<td style=\"text-align: center;\"><strong>Nede\u013ea 16.10.<\/strong><\/td>\n<td style=\"text-align: center;\">7:00<\/p>\n<p><span style=\"color: #000000;\"><strong>8:15<\/strong><\/span><\/p>\n<p><span style=\"color: #000000;\">9:45<\/span><\/td>\n<td style=\"text-align: center;\"><span style=\"color: #008000;\"><b>29. nede\u013ea v Cezro\u010dnom obdob\u00ed<\/b><\/span><\/td>\n<td style=\"text-align: center;\">za veriacich<\/p>\n<p><strong>Bodice:<\/strong> na \u00famysel<\/p>\n<p>na \u00famysel<\/td>\n<td style=\"text-align: center;\">Ru\u017eencov\u00e1 pobo\u017enos\u0165 o\u00a014:00<\/p>\n<p><strong>zbierka na opravu ve\u017ee v Bodiciach <\/strong><\/p>\n<p><strong>a\u00a0na ma\u013eovanie kostola v Pal\u00fadzke<\/strong><\/td>\n<\/tr>\n<tr>\n<td style=\"text-align: center;\">Pondelok 17.10.<\/td>\n<td style=\"text-align: center;\"><span style=\"color: #000000;\">18:15<\/span><\/td>\n<td style=\"text-align: center;\"><span style=\"color: #ff0000;\">Sv\u00e4t\u00e9ho Ign\u00e1ca Antiochijsk\u00e9ho, biskupa a mu\u010den\u00edka<\/span><\/p>\n<p><span style=\"color: #ff0000;\">spomienka<\/span><\/td>\n<td style=\"text-align: center;\">+ Helena, Ladislav a Pavel<\/td>\n<td style=\"text-align: center;\"><\/td>\n<\/tr>\n<tr>\n<td style=\"text-align: center;\">Utorok 18.10.<\/td>\n<td style=\"text-align: center;\">18:15<\/td>\n<td style=\"text-align: center;\"><span style=\"color: #ff0000;\">Sv\u00e4t\u00e9ho Luk\u00e1\u0161a, evanjelistu<\/span><\/p>\n<p><span style=\"color: #ff0000;\">sviatok<\/span><\/td>\n<td style=\"text-align: center;\">+ Andrejka a Daniel<\/td>\n<td style=\"text-align: center;\">\u201eMili\u00f3n det\u00ed sa modl\u00ed ru\u017eenec\u201c za mier a\u00a0jednotu pre cel\u00fd svet<\/td>\n<\/tr>\n<tr>\n<td style=\"text-align: center;\">Streda 19.10.<\/td>\n<td style=\"text-align: center;\">7:00<\/td>\n<td style=\"text-align: center;\"><span style=\"color: #808000;\"><span style=\"color: #008000;\">Streda 29. t\u00fd\u017ed\u0148a v Cezro\u010dnom obdob\u00ed<\/span><\/span><\/td>\n<td style=\"text-align: center;\">+ za po\u017eehnanie rodiny Margity Mager\u010d\u00e1kovej, det\u00ed a vn\u00fa\u010dat<\/td>\n<td style=\"text-align: center;\"><\/td>\n<\/tr>\n<tr>\n<td style=\"text-align: center;\">\u0160tvrtok 20.10.<\/td>\n<td style=\"text-align: center;\">18:15<\/td>\n<td style=\"text-align: center;\"><span style=\"color: #808000;\"><span style=\"color: #008000;\">\u0160tvrtok 29. t\u00fd\u017ed\u0148a v Cezro\u010dnom obdob\u00ed<\/span><\/span><\/td>\n<td style=\"text-align: center;\">+ Vendel\u00edn<\/td>\n<td style=\"text-align: center;\">Ador\u00e1cia od 17:30<\/td>\n<\/tr>\n<tr>\n<td style=\"text-align: center;\">Piatok 21.10.<\/td>\n<td style=\"text-align: center;\">18:15<\/td>\n<td style=\"text-align: center;\"><span style=\"color: #808000;\"><span style=\"color: #008000;\">Piatok 29. t\u00fd\u017ed\u0148a v Cezro\u010dnom obdob\u00ed<\/span><\/span><\/td>\n<td style=\"text-align: center;\">+ Tibor<\/td>\n<td style=\"text-align: center;\"><\/td>\n<\/tr>\n<tr>\n<td style=\"text-align: center;\">Sobota 22.10.<\/td>\n<td style=\"text-align: center;\">8:00<\/td>\n<td style=\"text-align: center;\"><span style=\"color: #0000ff;\">Preblahoslavenej Panny M\u00e1rie v sobotu<\/span><\/p>\n<p><span style=\"color: #0000ff;\">\u013eubovo\u013en\u00e1 spomienka<\/span><\/td>\n<td style=\"text-align: center;\">za Bo\u017eiu pomoc pre rodinu Martina<\/td>\n<td style=\"text-align: center;\"><\/td>\n<\/tr>\n<tr>\n<td style=\"text-align: center;\"><strong>Nede\u013ea 23.10.<\/strong><\/td>\n<td style=\"text-align: center;\">7:00<\/p>\n<p><span style=\"color: #000000;\"><strong>8:15<\/strong><\/span><\/p>\n<p><span style=\"color: #000000;\">9:45<\/span><\/td>\n<td style=\"text-align: center;\"><span style=\"color: #008000;\"><b>30. nede\u013ea v Cezro\u010dnom obdob\u00ed<\/b><\/span><\/td>\n<td style=\"text-align: center;\"><span style=\"font-family: inherit; font-size: inherit;\">na \u00famysel<\/span><\/p>\n<p><span style=\"font-family: inherit; font-size: inherit;\"><strong>Bodice:<\/strong> na \u00famysel<\/span><\/p>\n<p>za veriacich<\/td>\n<td style=\"text-align: center;\">Ru\u017eencov\u00e1 pobo\u017enos\u0165 o 14:00<\/p>\n<p><strong>Zbierka na misie<\/strong><\/td>\n<\/tr>\n<\/tbody>\n<\/table>\n<\/div>\n<ul>\n<li>ru\u017eencov\u00e9 pobo\u017enosti bud\u00fa v t\u00fd\u017edni 30 min\u00fat pred sv. om\u0161ami. V nede\u013eu o 14:00.<\/li>\n<li>na opravu ve\u017ee kostola v Bodiciach Bohuzn\u00e1ma rodina zo Zuberca darovali 200 \u20ac. P\u00e1n Boh zapla\u0165.<\/li>\n<li>dnes pri sv. om\u0161iach je zbierka na opravu ve\u017ee kostola v Bodiciach a na ma\u013eovanie kostola v Pal\u00fadzke. P\u00e1n Boh zapla\u0165 za va\u0161e dary.<\/li>\n<li>P\u00e1n Boh zapla\u0165 maliarom z Oravy za vyma\u013eovanie fas\u00e1dy ve\u017ee kostola v Bodiciach.<\/li>\n<li>bud\u00facu nede\u013eu je Misijn\u00e1 nede\u013ea. Pri sv\u00e4t\u00fdch om\u0161iach bude aj v na\u0161ej farnosti zbierka na misie. Tento rok bude na Slovensku venovan\u00e1 farnostiam v Kambod\u017ei, ktor\u00e9 sa staraj\u00fa o zdravotne postihnut\u00fdch \u013eud\u00ed. Svoj\u00edm pr\u00edspevkom d\u00e1vate trpiacim n\u00e1dej a pom\u00e1hate im \u017ei\u0165 lep\u0161\u00ed \u017eivot. Za va\u0161e milodary srde\u010dn\u00e9 P\u00e1n Boh zapla\u0165.<\/li>\n<li>o upratovanie kostola pros\u00edm rodiny Koh\u00fatov\u00fa, Vdovcov\u00fa, Bebkov\u00fa a Rybovi\u010dov\u00fa. P\u00e1n Boh zapla\u0165 za slu\u017ebu.<\/li>\n<\/ul>\n","protected":false},"excerpt":{"rendered":"<p>De\u0148 \u010cas Liturgick\u00fd kalend\u00e1r \u00damysel O\u010dak\u00e1vame Nede\u013ea 16.10. 7:00 8:15 9:45 29. nede\u013ea v Cezro\u010dnom obdob\u00ed za veriacich Bodice: na \u00famysel na \u00famysel Ru\u017eencov\u00e1 pobo\u017enos\u0165 o\u00a014:00 zbierka na opravu ve\u017ee v Bodiciach a\u00a0na ma\u013eovanie kostola v Pal\u00fadzke Pondelok 17.10. 18:15 Sv\u00e4t\u00e9ho Ign\u00e1ca Antiochijsk\u00e9ho, biskupa a mu\u010den\u00edka spomienka + Helena, Ladislav a Pavel Utorok 18.10. 18:15 [&hellip;]<\/p>\n","protected":false},"author":1,"featured_media":0,"comment_status":"closed","ping_status":"closed","sticky":false,"template":"","format":"standard","meta":{"_links_to":"","_links_to_target":""},"categories":[4,19],"tags":[],"_links":{"self":[{"href":"http:\/\/www.paludzka.fara.sk\/index.php?rest_route=\/wp\/v2\/posts\/1554"}],"collection":[{"href":"http:\/\/www.paludzka.fara.sk\/index.php?rest_route=\/wp\/v2\/posts"}],"about":[{"href":"http:\/\/www.paludzka.fara.sk\/index.php?rest_route=\/wp\/v2\/types\/post"}],"author":[{"embeddable":true,"href":"http:\/\/www.paludzka.fara.sk\/index.php?rest_route=\/wp\/v2\/users\/1"}],"replies":[{"embeddable":true,"href":"http:\/\/www.paludzka.fara.sk\/index.php?rest_route=%2Fwp%2Fv2%2Fcomments&post=1554"}],"version-history":[{"count":1,"href":"http:\/\/www.paludzka.fara.sk\/index.php?rest_route=\/wp\/v2\/posts\/1554\/revisions"}],"predecessor-version":[{"id":1556,"href":"http:\/\/www.paludzka.fara.sk\/index.php?rest_route=\/wp\/v2\/posts\/1554\/revisions\/1556"}],"wp:attachment":[{"href":"http:\/\/www.paludzka.fara.sk\/index.php?rest_route=%2Fwp%2Fv2%2Fmedia&parent=1554"}],"wp:term":[{"taxonomy":"category","embeddable":true,"href":"http:\/\/www.paludzka.fara.sk\/index.php?rest_route=%2Fwp%2Fv2%2Fcategories&post=1554"},{"taxonomy":"post_tag","embeddable":true,"href":"http:\/\/www.paludzka.fara.sk\/index.php?rest_route=%2Fwp%2Fv2%2Ftags&post=1554"}],"curies":[{"name":"wp","href":"https:\/\/api.w.org\/{rel}","templated":true}]}}