
{"id":1517,"date":"2022-10-09T00:00:43","date_gmt":"2022-10-08T22:00:43","guid":{"rendered":"http:\/\/www.paludzka.fara.sk\/?p=1517"},"modified":"2022-10-15T21:59:41","modified_gmt":"2022-10-15T19:59:41","slug":"farske-oznamy-9-10-16-10-2022","status":"publish","type":"post","link":"http:\/\/www.paludzka.fara.sk\/?p=1517","title":{"rendered":"Farsk\u00e9 oznamy 9.10.-16.10.2022"},"content":{"rendered":"<div class=\"table-responsive\">\n<table class=\"table table-bordered\">\n<thead>\n<tr>\n<th style=\"text-align: center;\">De\u0148<\/th>\n<th style=\"text-align: center;\">\u010cas<\/th>\n<th style=\"text-align: center;\">Liturgick\u00fd kalend\u00e1r<\/th>\n<th style=\"text-align: center;\">\u00damysel<\/th>\n<th style=\"text-align: center;\">O\u010dak\u00e1vame<\/th>\n<\/tr>\n<\/thead>\n<tbody>\n<tr>\n<td style=\"text-align: center;\"><strong>Nede\u013ea 9.10.<\/strong><\/td>\n<td style=\"text-align: center;\">7:00<\/p>\n<p><span style=\"color: #000000;\"><strong>8:15<\/strong><\/span><\/p>\n<p><span style=\"color: #000000;\">9:45<\/span><\/td>\n<td style=\"text-align: center;\"><span style=\"color: #008000;\"><b>28. nede\u013ea v Cezro\u010dnom obdob\u00ed<\/b><\/span><\/td>\n<td style=\"text-align: center;\">za veriacich<\/p>\n<p><strong>Bodice:<\/strong> na \u00famysel<\/p>\n<p>za sp\u00e1su du\u0161e \u017eiv\u00fdch a zomrel\u00fdch<br \/>\npr\u00edbuzn\u00fdch a priate\u013eov<\/td>\n<td style=\"text-align: center;\">Ru\u017eencov\u00e1 pobo\u017enos\u0165 o\u00a014:00<\/td>\n<\/tr>\n<tr>\n<td style=\"text-align: center;\">Pondelok 10.10.<\/td>\n<td style=\"text-align: center;\"><span style=\"color: #000000;\">18:15<\/span><\/td>\n<td style=\"text-align: center;\"><span style=\"color: #008000;\">Pondelok 28. t\u00fd\u017ed\u0148a v Cezro\u010dnom obdob\u00ed<\/span><\/td>\n<td style=\"text-align: center;\">+ J\u00e1n, Jozef a M\u00e1ria<\/td>\n<td style=\"text-align: center;\"><\/td>\n<\/tr>\n<tr>\n<td style=\"text-align: center;\">Utorok 11.10.<\/td>\n<td style=\"text-align: center;\">18:15<\/td>\n<td style=\"text-align: center;\"><span style=\"color: #808000;\"><span style=\"color: #008000;\">Utorok 28. t\u00fd\u017ed\u0148a v Cezro\u010dnom obdob\u00ed<\/span><\/span><\/td>\n<td style=\"text-align: center;\">+ Sv\u00e4topluk a rodi\u010dia<\/td>\n<td style=\"text-align: center;\"><\/td>\n<\/tr>\n<tr>\n<td style=\"text-align: center;\">Streda 12.10.<\/td>\n<td style=\"text-align: center;\">7:00<\/td>\n<td style=\"text-align: center;\"><span style=\"color: #808000;\">O Eucharistii<\/span><\/td>\n<td style=\"text-align: center;\">+ Juraj Majer\u010d\u00e1k<\/td>\n<td style=\"text-align: center;\"><span style=\"color: #ff0000;\">Farsk\u00e1 poklona sviatosti Olt\u00e1rnej od 7:30 do 12:00<\/span><\/td>\n<\/tr>\n<tr>\n<td style=\"text-align: center;\">\u0160tvrtok 13.10.<\/td>\n<td style=\"text-align: center;\">18:15<\/td>\n<td style=\"text-align: center;\"><span style=\"color: #808000;\"><span style=\"color: #008000;\">\u0160tvrtok 28. t\u00fd\u017ed\u0148a v Cezro\u010dnom obdob\u00ed<\/span><\/span><\/td>\n<td style=\"text-align: center;\">+ Rudolf<\/td>\n<td style=\"text-align: center;\"><\/td>\n<\/tr>\n<tr>\n<td style=\"text-align: center;\">Piatok 14.10.<\/td>\n<td style=\"text-align: center;\">18:15<\/td>\n<td style=\"text-align: center;\"><span style=\"color: #808000;\"><span style=\"color: #008000;\">Piatok 28. t\u00fd\u017ed\u0148a v Cezro\u010dnom obdob\u00ed<\/span><\/span><\/td>\n<td style=\"text-align: center;\">+ \u0160tefan, Vlasta a Edita<\/td>\n<td style=\"text-align: center;\"><\/td>\n<\/tr>\n<tr>\n<td style=\"text-align: center;\">Sobota 15.10.<\/td>\n<td style=\"text-align: center;\">8:00<\/td>\n<td style=\"text-align: center;\"><span style=\"color: #808000;\">Sv\u00e4tej Ter\u00e9zie od Je\u017ei\u0161a (z Avily)<\/span><\/p>\n<p><span style=\"color: #808000;\">panny a u\u010dite\u013eky Cirkvi<\/span><\/p>\n<p><span style=\"color: #808000;\">spomienka<\/span><\/td>\n<td style=\"text-align: center;\">+ Branislav a Margita<\/td>\n<td style=\"text-align: center;\"><\/td>\n<\/tr>\n<tr>\n<td style=\"text-align: center;\"><strong>Nede\u013ea 16.10.<\/strong><\/td>\n<td style=\"text-align: center;\">7:00<\/p>\n<p><span style=\"color: #000000;\"><strong>8:15<\/strong><\/span><\/p>\n<p><span style=\"color: #000000;\">9:45<\/span><\/td>\n<td style=\"text-align: center;\"><span style=\"color: #008000;\"><b>29. nede\u013ea v Cezro\u010dnom obdob\u00ed<\/b><\/span><\/td>\n<td style=\"text-align: center;\">za veriacich<\/p>\n<p><span style=\"font-family: inherit; font-size: inherit;\"><strong>Bodice:<\/strong> na \u00famysel<\/span><\/p>\n<p>na \u00famysel<\/td>\n<td style=\"text-align: center;\">Ru\u017eencov\u00e1 pobo\u017enos\u0165 o 14:00<\/p>\n<p>Zbierka na opravu ve\u017ee v Bodiciach<\/p>\n<p>a\u00a0na ma\u013eovanie kostola v Pal\u00fadzke<\/td>\n<\/tr>\n<\/tbody>\n<\/table>\n<\/div>\n<ul>\n<li>ru\u017eencov\u00e9 pobo\u017enosti bud\u00fa v t\u00fd\u017edni 30 min\u00fat pred sv. om\u0161ami. V nede\u013eu o 14:00.<\/li>\n<li>na opravu ve\u017ee kostola v Bodiciach Bohuzn\u00e1me darovali 100 a 100 \u20ac. Na kostol obetovali Bohuzn\u00e1mi 50, 25 \u20ac. P\u00e1n Boh zapla\u0165!<\/li>\n<li>v stredu bude v na\u0161ej farnosti poklona Sviatosti Olt\u00e1rnej. Vylo\u017eenie po sv. om\u0161i do 12:00 a potom bude Eucharistick\u00e9 po\u017eehnanie. Na stol\u00edku pri dver\u00e1ch je papier, na ktor\u00ed v\u00e1s pros\u00edm, aby ste sa po dvaja zap\u00edsali na poklonu. N\u00e1jdime si \u010das na stretnutie s Eucharistick\u00fdm Kristom.<\/li>\n<li>na bud\u00faci t\u00fd\u017ede\u0148, ak P\u00e1n Boh d\u00e1, mali by sme skon\u010di\u0165 s pr\u00e1cami na oprave ve\u017ee kostola v Bodiciach. Kto by chcel a mohol prispie\u0165 m\u00f4\u017ee tak urobi\u0165 na \u010d\u00edslo \u00fa\u010dtu SK92 0900 0000 0003 3369 2703. Za ak\u00fako\u013evek pomoc nech v\u00e1s P\u00e1n Boh odmen\u00ed a po\u017eehn\u00e1.<\/li>\n<li>o upratovanie kostola pros\u00edm rodiny Hunanov\u00fa, Adam\u010diakov\u00fa M., Slukov\u00fa a Jurisov\u00fa. P\u00e1n Boh zapla\u0165 za slu\u017ebu.<\/li>\n<\/ul>\n","protected":false},"excerpt":{"rendered":"<p>De\u0148 \u010cas Liturgick\u00fd kalend\u00e1r \u00damysel O\u010dak\u00e1vame Nede\u013ea 9.10. 7:00 8:15 9:45 28. nede\u013ea v Cezro\u010dnom obdob\u00ed za veriacich Bodice: na \u00famysel za sp\u00e1su du\u0161e \u017eiv\u00fdch a zomrel\u00fdch pr\u00edbuzn\u00fdch a priate\u013eov Ru\u017eencov\u00e1 pobo\u017enos\u0165 o\u00a014:00 Pondelok 10.10. 18:15 Pondelok 28. t\u00fd\u017ed\u0148a v Cezro\u010dnom obdob\u00ed + J\u00e1n, Jozef a M\u00e1ria Utorok 11.10. 18:15 Utorok 28. t\u00fd\u017ed\u0148a v Cezro\u010dnom [&hellip;]<\/p>\n","protected":false},"author":1,"featured_media":0,"comment_status":"closed","ping_status":"closed","sticky":false,"template":"","format":"standard","meta":{"_links_to":"","_links_to_target":""},"categories":[4,19],"tags":[],"_links":{"self":[{"href":"http:\/\/www.paludzka.fara.sk\/index.php?rest_route=\/wp\/v2\/posts\/1517"}],"collection":[{"href":"http:\/\/www.paludzka.fara.sk\/index.php?rest_route=\/wp\/v2\/posts"}],"about":[{"href":"http:\/\/www.paludzka.fara.sk\/index.php?rest_route=\/wp\/v2\/types\/post"}],"author":[{"embeddable":true,"href":"http:\/\/www.paludzka.fara.sk\/index.php?rest_route=\/wp\/v2\/users\/1"}],"replies":[{"embeddable":true,"href":"http:\/\/www.paludzka.fara.sk\/index.php?rest_route=%2Fwp%2Fv2%2Fcomments&post=1517"}],"version-history":[{"count":2,"href":"http:\/\/www.paludzka.fara.sk\/index.php?rest_route=\/wp\/v2\/posts\/1517\/revisions"}],"predecessor-version":[{"id":1555,"href":"http:\/\/www.paludzka.fara.sk\/index.php?rest_route=\/wp\/v2\/posts\/1517\/revisions\/1555"}],"wp:attachment":[{"href":"http:\/\/www.paludzka.fara.sk\/index.php?rest_route=%2Fwp%2Fv2%2Fmedia&parent=1517"}],"wp:term":[{"taxonomy":"category","embeddable":true,"href":"http:\/\/www.paludzka.fara.sk\/index.php?rest_route=%2Fwp%2Fv2%2Fcategories&post=1517"},{"taxonomy":"post_tag","embeddable":true,"href":"http:\/\/www.paludzka.fara.sk\/index.php?rest_route=%2Fwp%2Fv2%2Ftags&post=1517"}],"curies":[{"name":"wp","href":"https:\/\/api.w.org\/{rel}","templated":true}]}}