
{"id":1496,"date":"2022-10-02T00:00:24","date_gmt":"2022-10-01T22:00:24","guid":{"rendered":"http:\/\/www.paludzka.fara.sk\/?p=1496"},"modified":"2022-10-08T21:35:54","modified_gmt":"2022-10-08T19:35:54","slug":"farske-oznamy-2-10-9-10-2022","status":"publish","type":"post","link":"http:\/\/www.paludzka.fara.sk\/?p=1496","title":{"rendered":"Farsk\u00e9 oznamy 2.10.-9.10.2022"},"content":{"rendered":"<div class=\"table-responsive\">\n<table class=\"table table-bordered\">\n<thead>\n<tr>\n<th style=\"text-align: center;\">De\u0148<\/th>\n<th style=\"text-align: center;\">\u010cas<\/th>\n<th style=\"text-align: center;\">Liturgick\u00fd kalend\u00e1r<\/th>\n<th style=\"text-align: center;\">\u00damysel<\/th>\n<th style=\"text-align: center;\">O\u010dak\u00e1vame<\/th>\n<\/tr>\n<\/thead>\n<tbody>\n<tr>\n<td style=\"text-align: center;\"><strong>Nede\u013ea 2.10.<\/strong><\/td>\n<td style=\"text-align: center;\">7:00<\/p>\n<p><span style=\"color: #000000;\"><strong>8:15<\/strong><\/span><\/p>\n<p><span style=\"color: #000000;\">9:45<\/span><\/td>\n<td style=\"text-align: center;\"><span style=\"color: #008000;\"><b>27. nede\u013ea v Cezro\u010dnom obdob\u00ed<\/b><\/span><\/td>\n<td style=\"text-align: center;\">Za zdravie rodiny Bistarovej<\/p>\n<p><strong>Bodice:<\/strong> na \u00famysel<\/p>\n<p>za veriacich<\/td>\n<td style=\"text-align: center;\">Ru\u017eencov\u00e1 pobo\u017enos\u0165 o\u00a014:00<\/td>\n<\/tr>\n<tr>\n<td style=\"text-align: center;\">Pondelok 3.10.<\/td>\n<td style=\"text-align: center;\"><span style=\"color: #000000;\">18:15<\/span><\/td>\n<td style=\"text-align: center;\"><span style=\"color: #008000;\">Pondelok 27. t\u00fd\u017ed\u0148a v Cezro\u010dnom obdob\u00ed<\/span><\/td>\n<td style=\"text-align: center;\">za deti<\/td>\n<td style=\"text-align: center;\">Vysluhovanie sviatosti zmierenia od<\/p>\n<p>17:00<\/td>\n<\/tr>\n<tr>\n<td style=\"text-align: center;\">Utorok 4.10.<\/td>\n<td style=\"text-align: center;\">18:15<\/td>\n<td style=\"text-align: center;\"><span style=\"color: #808000;\">Sv\u00e4t\u00e9ho Franti\u0161ka Assisk\u00e9ho<\/span><\/p>\n<p><span style=\"color: #808000;\">spomienka<\/span><\/td>\n<td style=\"text-align: center;\">+ Irena Petr\u00e1\u0161ov\u00e1<\/td>\n<td style=\"text-align: center;\">Vysluhovanie sviatosti zmierenia od 17:00<\/td>\n<\/tr>\n<tr>\n<td style=\"text-align: center;\">Streda 5.10.<\/td>\n<td style=\"text-align: center;\">7:00<\/td>\n<td style=\"text-align: center;\"><span style=\"color: #008000;\">Streda 27. t\u00fd\u017ed\u0148a v Cezro\u010dnom obdob\u00ed<\/span><\/td>\n<td style=\"text-align: center;\">+ rodi\u010dia Stanislava a Moniky<\/td>\n<td style=\"text-align: center;\"><\/td>\n<\/tr>\n<tr>\n<td style=\"text-align: center;\">\u0160tvrtok 6.10.<\/td>\n<td style=\"text-align: center;\">18:15<\/td>\n<td style=\"text-align: center;\"><span style=\"color: #808000;\"><span style=\"color: #008000;\">\u0160tvrtok 27. t\u00fd\u017ed\u0148a v Cezro\u010dnom obdob\u00ed<\/span><\/span><\/td>\n<td style=\"text-align: center;\">+ Zolt\u00e1n a M\u00e1ria Reiter a Anna a\u00a0V\u00e1clav Bos\u00edk<\/td>\n<td style=\"text-align: center;\">Ador\u00e1cia od 17:00. De\u0148 modlitieb za duchovn\u00e9 povolania.<\/p>\n<p>Vysluhovanie sviatosti zmierenia od 17:00<\/td>\n<\/tr>\n<tr>\n<td style=\"text-align: center;\">Piatok 7.10.<\/td>\n<td style=\"text-align: center;\"><strong>17:00<\/strong><\/p>\n<p>18:15<\/td>\n<td style=\"text-align: center;\"><span style=\"color: #0000ff;\">Ru\u017eencovej Panny M\u00e1rie<\/span><\/p>\n<p><span style=\"color: #0000ff;\">spomienka<\/span><\/p>\n<p><span style=\"color: #ff0000;\">Prv\u00fd piatok v mesiaci<\/span><\/td>\n<td style=\"text-align: center;\"><strong>Bodice<\/strong>: na \u00famysel<\/p>\n<p>za zdravie Vladim\u00edra, Elisabeth a Alexandra<\/td>\n<td style=\"text-align: center;\">N\u00e1v\u0161teva nemocn\u00fdch od 8:00<\/p>\n<p><strong>Bodice<\/strong>: vysluhovanie sv. zmierenia od 16:15<\/td>\n<\/tr>\n<tr>\n<td style=\"text-align: center;\">Sobota 8.10.<\/td>\n<td style=\"text-align: center;\">8:00<\/td>\n<td style=\"text-align: center;\"><span style=\"color: #0000ff;\">Preblahoslavenej Panny M\u00e1rie v sobotu<\/span><\/p>\n<p><span style=\"color: #0000ff;\">\u013eubovo\u013en\u00e1 spomienka<\/span><\/td>\n<td style=\"text-align: center;\">+ Adolf a Val\u00e9ria<\/td>\n<td style=\"text-align: center;\"><\/td>\n<\/tr>\n<tr>\n<td style=\"text-align: center;\"><strong>Nede\u013ea 9.10.<\/strong><\/td>\n<td style=\"text-align: center;\">7:00<\/p>\n<p><span style=\"color: #000000;\"><strong>8:15<\/strong><\/span><\/p>\n<p><span style=\"color: #000000;\">9:45<\/span><\/td>\n<td style=\"text-align: center;\"><span style=\"color: #008000;\"><b>28. nede\u013ea v Cezro\u010dnom obdob\u00ed<\/b><\/span><\/td>\n<td style=\"text-align: center;\">za veriacich<\/p>\n<p><span style=\"font-family: inherit; font-size: inherit;\"><strong>Bodice:<\/strong> na \u00famysel<\/span><\/p>\n<p>za sp\u00e1su du\u0161e \u017eiv\u00fdch a zomrel\u00fdch pr\u00edbuzn\u00fdch a priate\u013eov<\/td>\n<td style=\"text-align: center;\">Ru\u017eencov\u00e1 pobo\u017enos\u0165 o 14:00<\/td>\n<\/tr>\n<\/tbody>\n<\/table>\n<\/div>\n<div class=\"table-responsive\"><\/div>\n<ul>\n<li>ru\u017eencov\u00e9 pobo\u017enosti bud\u00fa v t\u00fd\u017edni 30 min\u00fat pred sv. om\u0161ami. V nede\u013eu o 14:00.<\/li>\n<li>na kostol obetovali Bohuzn\u00e1me 50, 260 a 50 \u20ac. Na \u00fa\u010det farnosti Bohuzn\u00e1ma rodina zo Zuberca prispela 200 \u20ac. P\u00e1n Boh zapla\u0165 za \u0161tedros\u0165.<\/li>\n<li>\u00faprimn\u00e9 P\u00e1n Boh zapla\u0165 Biskupsk\u00e9mu \u00faradu v Spi\u0161skej Kapitule za podarovanie obetn\u00e9ho stola a amb\u00f3ny pre farsk\u00fd kostol v Pal\u00fadzke.<\/li>\n<li>v\u00fdsledky volieb do hospod\u00e1rskej rady farnosti. Zvolen\u00ed \u010dlenovia: Cyril Bebko, Peter Slafkovsk\u00fd, Ladislav Kolen\u010d\u00edk. Menovan\u00ed \u010dlenovia: J\u00e1n \u0160kvarka, Jana Korman\u00edkov\u00e1. Z\u00e1pisnica zo s\u010d\u00edtania hlasov je na v\u00fdvesk\u00e1ch kostolov. S\u013eub a odovzdanie dekr\u00e9tov bude na bud\u00facu nede\u013eu pri sv. om\u0161i o 9:45<\/li>\n<li>o upratovanie kostola pros\u00edm rodiny Badl\u00edkov\u00e1, Kuskov\u00e1, Plevov\u00e1, Tur\u010dinov\u00e1. P\u00e1n Boh zapla\u0165 za slu\u017ebu.<\/li>\n<\/ul>\n","protected":false},"excerpt":{"rendered":"<p>De\u0148 \u010cas Liturgick\u00fd kalend\u00e1r \u00damysel O\u010dak\u00e1vame Nede\u013ea 2.10. 7:00 8:15 9:45 27. nede\u013ea v Cezro\u010dnom obdob\u00ed Za zdravie rodiny Bistarovej Bodice: na \u00famysel za veriacich Ru\u017eencov\u00e1 pobo\u017enos\u0165 o\u00a014:00 Pondelok 3.10. 18:15 Pondelok 27. t\u00fd\u017ed\u0148a v Cezro\u010dnom obdob\u00ed za deti Vysluhovanie sviatosti zmierenia od 17:00 Utorok 4.10. 18:15 Sv\u00e4t\u00e9ho Franti\u0161ka Assisk\u00e9ho spomienka + Irena Petr\u00e1\u0161ov\u00e1 Vysluhovanie [&hellip;]<\/p>\n","protected":false},"author":1,"featured_media":0,"comment_status":"closed","ping_status":"closed","sticky":false,"template":"","format":"standard","meta":{"_links_to":"","_links_to_target":""},"categories":[4,19],"tags":[],"_links":{"self":[{"href":"http:\/\/www.paludzka.fara.sk\/index.php?rest_route=\/wp\/v2\/posts\/1496"}],"collection":[{"href":"http:\/\/www.paludzka.fara.sk\/index.php?rest_route=\/wp\/v2\/posts"}],"about":[{"href":"http:\/\/www.paludzka.fara.sk\/index.php?rest_route=\/wp\/v2\/types\/post"}],"author":[{"embeddable":true,"href":"http:\/\/www.paludzka.fara.sk\/index.php?rest_route=\/wp\/v2\/users\/1"}],"replies":[{"embeddable":true,"href":"http:\/\/www.paludzka.fara.sk\/index.php?rest_route=%2Fwp%2Fv2%2Fcomments&post=1496"}],"version-history":[{"count":1,"href":"http:\/\/www.paludzka.fara.sk\/index.php?rest_route=\/wp\/v2\/posts\/1496\/revisions"}],"predecessor-version":[{"id":1497,"href":"http:\/\/www.paludzka.fara.sk\/index.php?rest_route=\/wp\/v2\/posts\/1496\/revisions\/1497"}],"wp:attachment":[{"href":"http:\/\/www.paludzka.fara.sk\/index.php?rest_route=%2Fwp%2Fv2%2Fmedia&parent=1496"}],"wp:term":[{"taxonomy":"category","embeddable":true,"href":"http:\/\/www.paludzka.fara.sk\/index.php?rest_route=%2Fwp%2Fv2%2Fcategories&post=1496"},{"taxonomy":"post_tag","embeddable":true,"href":"http:\/\/www.paludzka.fara.sk\/index.php?rest_route=%2Fwp%2Fv2%2Ftags&post=1496"}],"curies":[{"name":"wp","href":"https:\/\/api.w.org\/{rel}","templated":true}]}}