
{"id":1460,"date":"2022-09-18T00:00:47","date_gmt":"2022-09-17T22:00:47","guid":{"rendered":"http:\/\/www.paludzka.fara.sk\/?p=1460"},"modified":"2022-09-17T14:54:05","modified_gmt":"2022-09-17T12:54:05","slug":"farske-oznamy-18-9-25-9-2022","status":"publish","type":"post","link":"http:\/\/www.paludzka.fara.sk\/?p=1460","title":{"rendered":"Farsk\u00e9 oznamy 18.9.-25.9.2022"},"content":{"rendered":"<div class=\"table-responsive\">\n<table class=\"table table-bordered\">\n<thead>\n<tr>\n<th style=\"text-align: center;\">De\u0148<\/th>\n<th style=\"text-align: center;\">\u010cas<\/th>\n<th style=\"text-align: center;\">Liturgick\u00fd kalend\u00e1r<\/th>\n<th style=\"text-align: center;\">\u00damysel<\/th>\n<th style=\"text-align: center;\">O\u010dak\u00e1vame<\/th>\n<\/tr>\n<\/thead>\n<tbody>\n<tr>\n<td style=\"text-align: center;\"><strong>Nede\u013ea 18.9.<\/strong><\/td>\n<td style=\"text-align: center;\">7:00<\/p>\n<p><span style=\"color: #000000;\"><strong>8:15<\/strong><\/span><\/p>\n<p><span style=\"color: #000000;\">9:45<\/span><\/td>\n<td style=\"text-align: center;\"><span style=\"color: #008000;\"><b>25. nede\u013ea v Cezro\u010dnom obdob\u00ed<\/b><\/span><\/td>\n<td style=\"text-align: center;\">za rodinu J\u00e1na a Ot\u00edlie<\/p>\n<p><strong>Bodice:<\/strong> na \u00famysel<\/p>\n<p>za veriacich<\/td>\n<td style=\"text-align: center;\">zbierka na ma\u013eovanie kostola v Pal\u00fadzke a opravu ve\u017ee v Bodiciach<\/td>\n<\/tr>\n<tr>\n<td style=\"text-align: center;\">Pondelok 19.9.<\/td>\n<td style=\"text-align: center;\"><span style=\"color: #000000;\">18:15<\/span><\/td>\n<td style=\"text-align: center;\"><span style=\"color: #008000;\">Pondelok 25. t\u00fd\u017ed\u0148a v Cezro\u010dnom obdob\u00ed<\/span><\/td>\n<td style=\"text-align: center;\">+ Du\u0161an<\/td>\n<td style=\"text-align: center;\"><\/td>\n<\/tr>\n<tr>\n<td style=\"text-align: center;\">Utorok 20.9.<\/td>\n<td style=\"text-align: center;\">18:15<\/td>\n<td style=\"text-align: center;\"><span style=\"color: #ff0000;\">Sv\u00e4t\u00fdch Ondreja Kima Taegona, k\u0148aza, Pavla Chonga Hasanga a spolo\u010dn\u00edkov, mu\u010den\u00edkov<\/span><\/p>\n<p><span style=\"color: #ff0000;\">spomienka<\/span><\/td>\n<td style=\"text-align: center;\">za po\u017eehnanie rod\u00edn, det\u00ed a vn\u00fa\u010dat<\/td>\n<td style=\"text-align: center;\"><\/td>\n<\/tr>\n<tr>\n<td style=\"text-align: center;\">Streda 21.9.<\/td>\n<td style=\"text-align: center;\">7:00<\/td>\n<td style=\"text-align: center;\"><span style=\"color: #ff0000;\">Sv\u00e4t\u00e9ho Mat\u00fa\u0161a, apo\u0161tola a evanjelistu<\/span><\/p>\n<p><span style=\"color: #ff0000;\">sviatok<\/span><\/td>\n<td style=\"text-align: center;\">+ man\u017eel a rodi\u010dia<\/td>\n<td style=\"text-align: center;\"><\/td>\n<\/tr>\n<tr>\n<td style=\"text-align: center;\">\u0160tvrtok 22.9.<\/td>\n<td style=\"text-align: center;\">18:15<\/td>\n<td style=\"text-align: center;\"><span style=\"color: #008000;\">\u0160tvrtok 25. t\u00fd\u017ed\u0148a v Cezro\u010dnom obdob\u00ed<\/span><\/td>\n<td style=\"text-align: center;\">+ star\u00ed rodi\u010dia, Anna, Ladislav, M\u00e1ria a Ladislav<\/td>\n<td style=\"text-align: center;\"><\/td>\n<\/tr>\n<tr>\n<td style=\"text-align: center;\">Piatok 23.9.<\/td>\n<td style=\"text-align: center;\">18:15<\/td>\n<td style=\"text-align: center;\"><span style=\"color: #808000;\">Sv\u00e4t\u00e9ho Pia z Pietrelciny, k\u0148aza<\/span><\/p>\n<p><span style=\"color: #808000;\">spomienka<\/span><\/td>\n<td style=\"text-align: center;\">+ Jozef, Roz\u00e1lia a Michal<\/td>\n<td style=\"text-align: center;\"><\/td>\n<\/tr>\n<tr>\n<td style=\"text-align: center;\">Sobota 24.9.<\/td>\n<td style=\"text-align: center;\">8:00<\/td>\n<td style=\"text-align: center;\"><span style=\"color: #0000ff;\">Preblahoslavenej Panny M\u00e1rie v sobotu<\/span><\/p>\n<p><span style=\"color: #0000ff;\">\u013eubovo\u013en\u00e1 spomienka<\/span><\/td>\n<td style=\"text-align: center;\">+ Matej a Eva<\/td>\n<td style=\"text-align: center;\"><\/td>\n<\/tr>\n<tr>\n<td style=\"text-align: center;\"><strong>Nede\u013ea 25.9.<\/strong><\/td>\n<td style=\"text-align: center;\">7:00<\/p>\n<p><span style=\"color: #000000;\"><strong>8:15<\/strong><\/span><\/p>\n<p><span style=\"color: #000000;\">9:45<\/span><\/td>\n<td style=\"text-align: center;\"><span style=\"color: #008000;\"><b>26. nede\u013ea v Cezro\u010dnom obdob\u00ed<\/b><\/span><\/td>\n<td style=\"text-align: center;\">za Bo\u017eie po\u017eehnanie pri 70r. Anita &#8211; Anna<\/p>\n<p><span style=\"font-family: inherit; font-size: inherit;\"><strong>Bodice:<\/strong> na \u00famysel<\/span><\/p>\n<p>za veriacich<\/td>\n<td style=\"text-align: center;\"><\/td>\n<\/tr>\n<\/tbody>\n<\/table>\n<\/div>\n<div class=\"table-responsive\"><\/div>\n<ul>\n<li>na bud\u00faci t\u00fd\u017ede\u0148 s\u00fa v stredu, piatok a sobotu jesenn\u00e9 k\u00e1ntrov\u00e9 dni. Z\u00e1v\u00e4zn\u00fd je iba jeden de\u0148. Obsahom jesenn\u00fdch k\u00e1ntrov\u00fdch dn\u00ed je po\u010fakovanie za \u00farodu.<\/li>\n<li>Bohuzn\u00e1me na opravu ve\u017ee kostola v Bodiciach obetovali 100 a 50 \u20ac. Bohuzn\u00e1ma darovala na ma\u013eovanie kostola v Pal\u00fadzke 50 \u20ac. P\u00e1n Boh zapla\u0165 za va\u0161u \u0161tedros\u0165.<\/li>\n<li>dnes je zbierka na opravu ve\u017ee v Bodiciach a na ma\u013eovanie kostola v Pal\u00fadzke. P\u00e1n Boh zapla\u0165.<\/li>\n<li>rodi\u010dia tretiakov si v sakristii kostola m\u00f4\u017eu prevzia\u0165 PRIHL\u00c1\u0160KU K PRV\u00c9MU SV. PRIJ\u00cdMANIU.<\/li>\n<li>o upratovanie kostola pros\u00edm rodiny Ku\u010derov\u00fa, J\u00e1no\u0161\u00edkov\u00fa, Adam\u010diakov\u00fa J.. P\u00e1n Boh zapla\u0165 za slu\u017ebu.<\/li>\n<li>VO\u013dBA \u010cLENOV HOSPOD\u00c1RSKEJ RADY FARNOSTI (HRF)\n<ul>\n<li>v nede\u013eu 25.9.2022 sa za\u010dn\u00fa vo\u013eby do HRF farnosti. V dne\u0161n\u00fa nede\u013eu pri sv\u00e4t\u00fdch om\u0161iach sa rozdaj\u00fa ope\u010diatkovan\u00e9 l\u00edstky, kde bude mo\u017en\u00e9 nap\u00edsa\u0165 5 \u010dlenov do HRF.<\/li>\n<li>\u010dlen mus\u00ed sp\u013a\u0148a\u0165 tieto podmienky:\n<ul>\n<li>mus\u00ed by\u0165 katol\u00edkom<\/li>\n<li>akt\u00edvne sa z\u00fa\u010dast\u0148uje na \u017eivote farnosti<\/li>\n<li>nie je postihnut\u00fd kanonick\u00fdm trestom<\/li>\n<li>je pobirmovan\u00fd a pln\u00ed svoje krstn\u00e9 z\u00e1v\u00e4zky<\/li>\n<li>dov\u0155\u0161il 18 rokov \u017eivota<\/li>\n<li>vyzna\u010duje sa rozumnos\u0165ou, pevnou vierou, dobr\u00fdmi mravmi a m\u00e1 mo\u017enos\u0165 a ochotu pom\u00f4c\u0165 farsk\u00e9mu spolo\u010denstvu<\/li>\n<\/ul>\n<\/li>\n<li>voli\u0165 m\u00f4\u017eu v\u0161etci \u010dlenovia farnosti, ktor\u00ed u\u017e dov\u0155\u0161ili 18 rokov \u017eivota. Ka\u017ed\u00fd m\u00e1 jeden hlas.<\/li>\n<li>v nede\u013eu 2.10.2022 sa ozna\u010den\u00e9 volebn\u00e9 l\u00edstky odovzdaj\u00fa pri sv\u00e4t\u00fdch om\u0161iach a dvaja skrut\u00e1tori so zapisovate\u013eom s\u010d\u00edtaj\u00fa hlasy. V nasleduj\u00facu nede\u013eu sa v\u00fdsledky zverejnia. Nech hlavn\u00fdm mot\u00edvom n\u00e1\u0161ho rozhodnutia a slu\u017eby je sp\u00e1sa du\u0161\u00ed.<\/li>\n<\/ul>\n<\/li>\n<li>pokra\u010dujeme s opravami na ve\u017ei na kostola sv. Ladislava v Bodiciach. \u010eakujeme a pros\u00edme o modlitby na tento \u00famysel a pros\u00edme aj o va\u0161u pomoc. Kto by chcel prispie\u0165 m\u00f4\u017ee tak urobi\u0165 na \u010d\u00edslo \u00fa\u010dtu SK92 0900 0000 0003 3369 2703<\/li>\n<\/ul>\n","protected":false},"excerpt":{"rendered":"<p>De\u0148 \u010cas Liturgick\u00fd kalend\u00e1r \u00damysel O\u010dak\u00e1vame Nede\u013ea 18.9. 7:00 8:15 9:45 25. nede\u013ea v Cezro\u010dnom obdob\u00ed za rodinu J\u00e1na a Ot\u00edlie Bodice: na \u00famysel za veriacich zbierka na ma\u013eovanie kostola v Pal\u00fadzke a opravu ve\u017ee v Bodiciach Pondelok 19.9. 18:15 Pondelok 25. t\u00fd\u017ed\u0148a v Cezro\u010dnom obdob\u00ed + Du\u0161an Utorok 20.9. 18:15 Sv\u00e4t\u00fdch Ondreja Kima Taegona, [&hellip;]<\/p>\n","protected":false},"author":1,"featured_media":0,"comment_status":"closed","ping_status":"closed","sticky":false,"template":"","format":"standard","meta":{"_links_to":"","_links_to_target":""},"categories":[4,19],"tags":[],"_links":{"self":[{"href":"http:\/\/www.paludzka.fara.sk\/index.php?rest_route=\/wp\/v2\/posts\/1460"}],"collection":[{"href":"http:\/\/www.paludzka.fara.sk\/index.php?rest_route=\/wp\/v2\/posts"}],"about":[{"href":"http:\/\/www.paludzka.fara.sk\/index.php?rest_route=\/wp\/v2\/types\/post"}],"author":[{"embeddable":true,"href":"http:\/\/www.paludzka.fara.sk\/index.php?rest_route=\/wp\/v2\/users\/1"}],"replies":[{"embeddable":true,"href":"http:\/\/www.paludzka.fara.sk\/index.php?rest_route=%2Fwp%2Fv2%2Fcomments&post=1460"}],"version-history":[{"count":1,"href":"http:\/\/www.paludzka.fara.sk\/index.php?rest_route=\/wp\/v2\/posts\/1460\/revisions"}],"predecessor-version":[{"id":1461,"href":"http:\/\/www.paludzka.fara.sk\/index.php?rest_route=\/wp\/v2\/posts\/1460\/revisions\/1461"}],"wp:attachment":[{"href":"http:\/\/www.paludzka.fara.sk\/index.php?rest_route=%2Fwp%2Fv2%2Fmedia&parent=1460"}],"wp:term":[{"taxonomy":"category","embeddable":true,"href":"http:\/\/www.paludzka.fara.sk\/index.php?rest_route=%2Fwp%2Fv2%2Fcategories&post=1460"},{"taxonomy":"post_tag","embeddable":true,"href":"http:\/\/www.paludzka.fara.sk\/index.php?rest_route=%2Fwp%2Fv2%2Ftags&post=1460"}],"curies":[{"name":"wp","href":"https:\/\/api.w.org\/{rel}","templated":true}]}}