
{"id":1414,"date":"2022-09-11T00:00:12","date_gmt":"2022-09-10T22:00:12","guid":{"rendered":"http:\/\/www.paludzka.fara.sk\/?p=1414"},"modified":"2022-09-11T16:29:31","modified_gmt":"2022-09-11T14:29:31","slug":"farske-oznamy-11-9-18-9-2022","status":"publish","type":"post","link":"http:\/\/www.paludzka.fara.sk\/?p=1414","title":{"rendered":"Farsk\u00e9 oznamy 11.9.-18.9.2022"},"content":{"rendered":"<div class=\"table-responsive\">\n<table class=\"table table-bordered\">\n<thead>\n<tr>\n<th style=\"text-align: center;\">De\u0148<\/th>\n<th style=\"text-align: center;\">\u010cas<\/th>\n<th style=\"text-align: center;\">Liturgick\u00fd kalend\u00e1r<\/th>\n<th style=\"text-align: center;\">\u00damysel<\/th>\n<th style=\"text-align: center;\">O\u010dak\u00e1vame<\/th>\n<\/tr>\n<\/thead>\n<tbody>\n<tr>\n<td style=\"text-align: center;\"><strong>Nede\u013ea 11.9.<\/strong><\/td>\n<td style=\"text-align: center;\">7:00<\/p>\n<p><span style=\"color: #000000;\"><strong>8:15<\/strong><\/span><\/p>\n<p><span style=\"color: #000000;\">9:45<\/span><\/td>\n<td style=\"text-align: center;\"><span style=\"color: #008000;\"><b>24. nede\u013ea v Cezro\u010dnom obdob\u00ed<\/b><\/span><\/td>\n<td style=\"text-align: center;\">za veriacich<\/p>\n<p><strong>Bodice:<\/strong> na \u00famysel<\/p>\n<p>za zdravie rodiny Ol\u0161avskej<\/td>\n<td style=\"text-align: center;\"><\/td>\n<\/tr>\n<tr>\n<td style=\"text-align: center;\">Pondelok 12.9.<\/td>\n<td style=\"text-align: center;\"><span style=\"color: #000000;\">18:15<\/span><\/td>\n<td style=\"text-align: center;\"><span style=\"color: #0000ff;\">Najsv\u00e4tej\u0161ieho mena Panny M\u00e1rie<\/span><\/p>\n<p><span style=\"color: #0000ff;\">\u013euvovo\u013en\u00e1 spomienka<\/span><\/td>\n<td style=\"text-align: center;\">+ Bernard a Helena<\/td>\n<td style=\"text-align: center;\"><\/td>\n<\/tr>\n<tr>\n<td style=\"text-align: center;\">Utorok 13.9.<\/td>\n<td style=\"text-align: center;\">18:15<\/td>\n<td style=\"text-align: center;\"><span style=\"color: #808000;\">Sv\u00e4t\u00e9ho J\u00e1na Zlato\u00fasteho, biskupa a u\u010dite\u013ea Cirkvi<\/span><\/p>\n<p><span style=\"color: #808000;\">spomienka<\/span><\/td>\n<td style=\"text-align: center;\">+ J\u00e1n, M\u00e1ria, Nade\u017eda Lojdlovi<\/td>\n<td style=\"text-align: center;\"><\/td>\n<\/tr>\n<tr>\n<td style=\"text-align: center;\">Streda 14.9.<\/td>\n<td style=\"text-align: center;\">7:00<\/td>\n<td style=\"text-align: center;\"><span style=\"color: #ff0000;\">Pov\u00fd\u0161enie Sv\u00e4t\u00e9ho kr\u00ed\u017ea<\/span><\/p>\n<p><span style=\"color: #ff0000;\">sviatok<\/span><\/td>\n<td style=\"text-align: center;\">za Bo\u017eie po\u017eehnanie rodiny Lieskovskej<\/td>\n<td style=\"text-align: center;\"><\/td>\n<\/tr>\n<tr>\n<td style=\"text-align: center;\">\u0160tvrtok 15.9.<\/td>\n<td style=\"text-align: center;\">8:15<\/p>\n<p>9:45<\/td>\n<td style=\"text-align: center;\"><span style=\"color: #0000ff;\">Sedembolestnej Panny M\u00e1rie, patr\u00f3nky Slovenska<\/span><\/p>\n<p><span style=\"color: #0000ff;\">sl\u00e1vnos\u0165<\/span><\/td>\n<td style=\"text-align: center;\"><strong>Bodice:<\/strong> na \u00famysel<\/p>\n<p>za zdravie a Bo\u017eie po\u017eehnanie Cyrila<\/td>\n<td style=\"text-align: center;\"><\/td>\n<\/tr>\n<tr>\n<td style=\"text-align: center;\">Piatok 16.9.<\/td>\n<td style=\"text-align: center;\">18:15<\/td>\n<td style=\"text-align: center;\"><span style=\"color: #ff0000;\">Sv\u00e4t\u00fdch Korn\u00e9lia, p\u00e1pe\u017ea, a Cypri\u00e1na, biskupa, mu\u010den\u00edkov<\/span><\/p>\n<p><span style=\"color: #ff0000;\">spomienka<\/span><\/td>\n<td style=\"text-align: center;\">za Bo\u017eie po\u017eehnanie a zdravie det\u00ed<\/td>\n<td style=\"text-align: center;\"><\/td>\n<\/tr>\n<tr>\n<td style=\"text-align: center;\">Sobota 17.9.<\/td>\n<td style=\"text-align: center;\">8:00<\/td>\n<td style=\"text-align: center;\"><span style=\"color: #0000ff;\">Preblahoslavenej Panny M\u00e1rie v sobotu<\/span><\/p>\n<p><span style=\"color: #0000ff;\">\u013eubovo\u013en\u00e1 spomienka<\/span><\/td>\n<td style=\"text-align: center;\">za rodi\u010dov Z\u00fabekov\u00fdch<\/td>\n<td style=\"text-align: center;\"><\/td>\n<\/tr>\n<tr>\n<td style=\"text-align: center;\"><strong>Nede\u013ea 18.9.<\/strong><\/td>\n<td style=\"text-align: center;\">7:00<\/p>\n<p><span style=\"color: #000000;\"><strong>8:15<\/strong><\/span><\/p>\n<p><span style=\"color: #000000;\">9:45<\/span><\/td>\n<td style=\"text-align: center;\"><span style=\"color: #008000;\"><b>25. nede\u013ea v Cezro\u010dnom obdob\u00ed<\/b><\/span><\/td>\n<td style=\"text-align: center;\">za rodinu J\u00e1na a Ot\u00edlie<\/p>\n<p><span style=\"font-family: inherit; font-size: inherit;\"><strong>Bodice:<\/strong> na \u00famysel<\/span><\/p>\n<p>za veriacich<\/td>\n<td style=\"text-align: center;\">zbierka na ma\u013eovanie kostola v Pal\u00fadzke a opravu ve\u017ee v Bodiciach<\/td>\n<\/tr>\n<\/tbody>\n<\/table>\n<\/div>\n<div class=\"table-responsive\"><\/div>\n<ul>\n<li>PMD pon\u00fakaj\u00fa de\u0165om slovn\u00ed\u010dek a 51 obr\u00e1zkov \u2013 n\u00e1lepiek na nede\u013en\u00e9 evanjeli\u00e1 od septembra do j\u00fana + prik\u00e1zan\u00e9 sviatky + sv\u00e4t\u00e1 spove\u010f na prv\u00e9 piatky\n<ul>\n<li>deti si pripomen\u00fa evanjelium nedele a prik\u00e1zan\u00fdch sviatkov obr\u00e1zkom, cit\u00e1tom z evanjelia a kr\u00e1tkou my\u0161lienkou<\/li>\n<li>vhodn\u00e9 pre deti od 5 do 12 rokov (hlavne pre prvoprij\u00edmaj\u00face deti)<\/li>\n<\/ul>\n<\/li>\n<li>Bohuzn\u00e1me na opravu ve\u017ee kostola v Bodiciach obetovali 100 a 50 \u20ac. Na kostol darovali z krstu Mattea Soggia 100 \u20ac, z krstu \u0160imona Gajdo\u0161a 50 \u20ac, novoman\u017eelia Kapinovi 100 \u20ac. P\u00e1n Boh zapla\u0165 za va\u0161u \u0161tedros\u0165.<\/li>\n<li>na bud\u00facu nede\u013eu bude zbierka na opravu ve\u017ee v Bodiciach a na ma\u013eovanie kostola v Pal\u00fadzke. P\u00e1n Boh zapla\u0165.<\/li>\n<li>o upratovanie kostola pros\u00edm rodiny Kostoln\u00fa, Dia\u010dikov\u00fa, Korman\u00edkov\u00fa a S\u00e1lusov\u00fa. P\u00e1n Boh zapla\u0165 za slu\u017ebu.<\/li>\n<\/ul>\n","protected":false},"excerpt":{"rendered":"<p>De\u0148 \u010cas Liturgick\u00fd kalend\u00e1r \u00damysel O\u010dak\u00e1vame Nede\u013ea 11.9. 7:00 8:15 9:45 24. nede\u013ea v Cezro\u010dnom obdob\u00ed za veriacich Bodice: na \u00famysel za zdravie rodiny Ol\u0161avskej Pondelok 12.9. 18:15 Najsv\u00e4tej\u0161ieho mena Panny M\u00e1rie \u013euvovo\u013en\u00e1 spomienka + Bernard a Helena Utorok 13.9. 18:15 Sv\u00e4t\u00e9ho J\u00e1na Zlato\u00fasteho, biskupa a u\u010dite\u013ea Cirkvi spomienka + J\u00e1n, M\u00e1ria, Nade\u017eda Lojdlovi Streda [&hellip;]<\/p>\n","protected":false},"author":1,"featured_media":0,"comment_status":"closed","ping_status":"closed","sticky":false,"template":"","format":"standard","meta":{"_links_to":"","_links_to_target":""},"categories":[4,19],"tags":[],"_links":{"self":[{"href":"http:\/\/www.paludzka.fara.sk\/index.php?rest_route=\/wp\/v2\/posts\/1414"}],"collection":[{"href":"http:\/\/www.paludzka.fara.sk\/index.php?rest_route=\/wp\/v2\/posts"}],"about":[{"href":"http:\/\/www.paludzka.fara.sk\/index.php?rest_route=\/wp\/v2\/types\/post"}],"author":[{"embeddable":true,"href":"http:\/\/www.paludzka.fara.sk\/index.php?rest_route=\/wp\/v2\/users\/1"}],"replies":[{"embeddable":true,"href":"http:\/\/www.paludzka.fara.sk\/index.php?rest_route=%2Fwp%2Fv2%2Fcomments&post=1414"}],"version-history":[{"count":1,"href":"http:\/\/www.paludzka.fara.sk\/index.php?rest_route=\/wp\/v2\/posts\/1414\/revisions"}],"predecessor-version":[{"id":1415,"href":"http:\/\/www.paludzka.fara.sk\/index.php?rest_route=\/wp\/v2\/posts\/1414\/revisions\/1415"}],"wp:attachment":[{"href":"http:\/\/www.paludzka.fara.sk\/index.php?rest_route=%2Fwp%2Fv2%2Fmedia&parent=1414"}],"wp:term":[{"taxonomy":"category","embeddable":true,"href":"http:\/\/www.paludzka.fara.sk\/index.php?rest_route=%2Fwp%2Fv2%2Fcategories&post=1414"},{"taxonomy":"post_tag","embeddable":true,"href":"http:\/\/www.paludzka.fara.sk\/index.php?rest_route=%2Fwp%2Fv2%2Ftags&post=1414"}],"curies":[{"name":"wp","href":"https:\/\/api.w.org\/{rel}","templated":true}]}}