
{"id":1384,"date":"2022-09-04T00:00:40","date_gmt":"2022-09-03T22:00:40","guid":{"rendered":"http:\/\/www.paludzka.fara.sk\/?p=1384"},"modified":"2022-09-03T20:42:07","modified_gmt":"2022-09-03T18:42:07","slug":"farske-oznamy-4-9-11-9-2022","status":"publish","type":"post","link":"http:\/\/www.paludzka.fara.sk\/?p=1384","title":{"rendered":"Farsk\u00e9 oznamy 4.9.-11.9.2022"},"content":{"rendered":"<div class=\"table-responsive\">\n<table class=\"table table-bordered\">\n<thead>\n<tr>\n<th style=\"text-align: center;\">De\u0148<\/th>\n<th style=\"text-align: center;\">\u010cas<\/th>\n<th style=\"text-align: center;\">Liturgick\u00fd kalend\u00e1r<\/th>\n<th style=\"text-align: center;\">\u00damysel<\/th>\n<th style=\"text-align: center;\">O\u010dak\u00e1vame<\/th>\n<\/tr>\n<\/thead>\n<tbody>\n<tr>\n<td style=\"text-align: center;\"><strong>Nede\u013ea 4.9.<\/strong><\/td>\n<td style=\"text-align: center;\">7:00<\/p>\n<p><span style=\"color: #000000;\"><strong>8:15<\/strong><\/span><\/p>\n<p><span style=\"color: #000000;\">9:45<\/span><\/td>\n<td style=\"text-align: center;\"><span style=\"color: #008000;\"><b>23. nede\u013ea v Cezro\u010dnom obdob\u00ed<\/b><\/span><\/td>\n<td style=\"text-align: center;\">za zdravie a Bo\u017eie po\u017eehnanie p. Tk\u00e1\u010dovej<\/p>\n<p><strong>Bodice:<\/strong> na \u00famysel<\/p>\n<p>+ z rodiny Jir\u00e1skovej, + M\u00e1ria a Ren\u00e1ta<\/td>\n<td style=\"text-align: center;\"><\/td>\n<\/tr>\n<tr>\n<td style=\"text-align: center;\">Pondelok 5.9.<\/td>\n<td style=\"text-align: center;\"><span style=\"color: #000000;\">18:15<\/span><\/td>\n<td style=\"text-align: center;\"><span style=\"color: #ff0000;\"><span style=\"color: #008000;\">Pondelok 23. t\u00fd\u017ed\u0148a v Cezro\u010dnom obdob\u00ed<\/span><\/span><\/td>\n<td style=\"text-align: center;\">za zdravie man\u017eela &#8211; 75 rokov<\/td>\n<td style=\"text-align: center;\"><\/td>\n<\/tr>\n<tr>\n<td style=\"text-align: center;\">Utorok 6.9.<\/td>\n<td style=\"text-align: center;\">18:15<\/td>\n<td style=\"text-align: center;\"><span style=\"color: #008000;\">Utorok 23. t\u00fd\u017ed\u0148a v Cezro\u010dnom obdob\u00ed<\/span><\/td>\n<td style=\"text-align: center;\">+ Pavol, Anna<\/td>\n<td style=\"text-align: center;\"><\/td>\n<\/tr>\n<tr>\n<td style=\"text-align: center;\">Streda 7.9.<\/td>\n<td style=\"text-align: center;\">7:00<\/td>\n<td style=\"text-align: center;\"><span style=\"color: #ff0000;\">Sv\u00e4t\u00fdch Marka Kri\u017eina, Melichara Grodzieckeho a \u0160tefana Pongr\u00e1cza, k\u0148azov a mu\u010den\u00edkov<\/span><\/p>\n<p><span style=\"color: #ff0000;\">spomienka<\/span><\/td>\n<td style=\"text-align: center;\">za Bo\u017eie po\u017eehnanie rodiny \u0160kerdovej, det\u00ed a vn\u00fa\u010dat<\/td>\n<td style=\"text-align: center;\"><\/td>\n<\/tr>\n<tr>\n<td style=\"text-align: center;\">\u0160tvrtok 8.9.<\/td>\n<td style=\"text-align: center;\">18:15<\/td>\n<td style=\"text-align: center;\"><span style=\"color: #0000ff;\">Narodenie Preblahoslavenej Panny M\u00e1rie<\/span><\/p>\n<p><span style=\"color: #0000ff;\">sviatok<\/span><\/td>\n<td style=\"text-align: center;\">+ Svetoz\u00e1r Vysko\u010d\u00e1ni, 1. v\u00fdro\u010die<\/td>\n<td style=\"text-align: center;\">Ador\u00e1cia od 17:30<\/td>\n<\/tr>\n<tr>\n<td style=\"text-align: center;\">Piatok 9.9.<\/td>\n<td style=\"text-align: center;\">18:15<\/td>\n<td style=\"text-align: center;\"><span style=\"color: #008000;\">Piatok 23. t\u00fd\u017ed\u0148a v Cezro\u010dnom obdob\u00ed<\/span><\/td>\n<td style=\"text-align: center;\">+ Rudolf<\/td>\n<td style=\"text-align: center;\"><\/td>\n<\/tr>\n<tr>\n<td style=\"text-align: center;\">Sobota 10.9.<\/td>\n<td style=\"text-align: center;\">8:00<\/td>\n<td style=\"text-align: center;\"><span style=\"color: #0000ff;\">O Preblahoslavenej Panne M\u00e1rii<\/span><\/td>\n<td style=\"text-align: center;\">za zdravie, dar viery a Bo\u017eie po\u017eehnanie rodiny<\/td>\n<td style=\"text-align: center;\"><\/td>\n<\/tr>\n<tr>\n<td style=\"text-align: center;\"><strong>Nede\u013ea 11.9.<\/strong><\/td>\n<td style=\"text-align: center;\">7:00<\/p>\n<p><span style=\"color: #000000;\"><strong>8:15<\/strong><\/span><\/p>\n<p><span style=\"color: #000000;\">9:45<\/span><\/td>\n<td style=\"text-align: center;\"><span style=\"color: #008000;\"><b>24. nede\u013ea v Cezro\u010dnom obdob\u00ed<\/b><\/span><\/td>\n<td style=\"text-align: center;\">za veriacich<\/p>\n<p><span style=\"font-family: inherit; font-size: inherit;\"><strong>Bodice:<\/strong> na \u00famysel<\/span><\/p>\n<p>za zdravie rodiny Ol\u0161avskej<\/td>\n<td style=\"text-align: center;\"><\/td>\n<\/tr>\n<\/tbody>\n<\/table>\n<\/div>\n<div class=\"table-responsive\"><\/div>\n<ul>\n<li>pokra\u010dujeme s opravami na ve\u017ei kostola sv. Ladislava v Bodiciach. \u010eakujeme a pros\u00edme o modlitby na tento \u00famysel a pros\u00edme aj o va\u0161u pomoc. Kto by chcel prispie\u0165 m\u00f4\u017ee tak urobi\u0165 na \u010d\u00edslo \u00fa\u010dtu SK92 0900 0000 0003 3369 2703.<\/li>\n<li>Bohuzn\u00e1me na opravu ve\u017ee kostola v Bodiciach obetovali 50 a 50 \u20ac. Bohuzn\u00e1mi na ma\u013eovanie kostola v Pal\u00fadzke darovali 50, 200, 100 a 50 \u20ac. P\u00e1n Boh zapla\u0165 za va\u0161u \u0161tedros\u0165.<\/li>\n<li>v zbierke pre potreby Diec\u00e9zneho katechetick\u00e9ho \u00faradu sme prispeli 143 \u20ac. P\u00e1n Boh zapla\u0165.<\/li>\n<li>o upratovanie kostola pros\u00edm rodiny Kolen\u010d\u00edkov\u00fa, Kov\u00e1\u010dov\u00fa, Slafkovsk\u00fa a Ko\u0161\u00fatov\u00fa. P\u00e1n Boh zapla\u0165 za slu\u017ebu.<\/li>\n<\/ul>\n","protected":false},"excerpt":{"rendered":"<p>De\u0148 \u010cas Liturgick\u00fd kalend\u00e1r \u00damysel O\u010dak\u00e1vame Nede\u013ea 4.9. 7:00 8:15 9:45 23. nede\u013ea v Cezro\u010dnom obdob\u00ed za zdravie a Bo\u017eie po\u017eehnanie p. Tk\u00e1\u010dovej Bodice: na \u00famysel + z rodiny Jir\u00e1skovej, + M\u00e1ria a Ren\u00e1ta Pondelok 5.9. 18:15 Pondelok 23. t\u00fd\u017ed\u0148a v Cezro\u010dnom obdob\u00ed za zdravie man\u017eela &#8211; 75 rokov Utorok 6.9. 18:15 Utorok 23. t\u00fd\u017ed\u0148a [&hellip;]<\/p>\n","protected":false},"author":1,"featured_media":0,"comment_status":"closed","ping_status":"closed","sticky":false,"template":"","format":"standard","meta":{"_links_to":"","_links_to_target":""},"categories":[4,19],"tags":[],"_links":{"self":[{"href":"http:\/\/www.paludzka.fara.sk\/index.php?rest_route=\/wp\/v2\/posts\/1384"}],"collection":[{"href":"http:\/\/www.paludzka.fara.sk\/index.php?rest_route=\/wp\/v2\/posts"}],"about":[{"href":"http:\/\/www.paludzka.fara.sk\/index.php?rest_route=\/wp\/v2\/types\/post"}],"author":[{"embeddable":true,"href":"http:\/\/www.paludzka.fara.sk\/index.php?rest_route=\/wp\/v2\/users\/1"}],"replies":[{"embeddable":true,"href":"http:\/\/www.paludzka.fara.sk\/index.php?rest_route=%2Fwp%2Fv2%2Fcomments&post=1384"}],"version-history":[{"count":1,"href":"http:\/\/www.paludzka.fara.sk\/index.php?rest_route=\/wp\/v2\/posts\/1384\/revisions"}],"predecessor-version":[{"id":1386,"href":"http:\/\/www.paludzka.fara.sk\/index.php?rest_route=\/wp\/v2\/posts\/1384\/revisions\/1386"}],"wp:attachment":[{"href":"http:\/\/www.paludzka.fara.sk\/index.php?rest_route=%2Fwp%2Fv2%2Fmedia&parent=1384"}],"wp:term":[{"taxonomy":"category","embeddable":true,"href":"http:\/\/www.paludzka.fara.sk\/index.php?rest_route=%2Fwp%2Fv2%2Fcategories&post=1384"},{"taxonomy":"post_tag","embeddable":true,"href":"http:\/\/www.paludzka.fara.sk\/index.php?rest_route=%2Fwp%2Fv2%2Ftags&post=1384"}],"curies":[{"name":"wp","href":"https:\/\/api.w.org\/{rel}","templated":true}]}}