
{"id":1319,"date":"2022-08-28T00:00:18","date_gmt":"2022-08-27T22:00:18","guid":{"rendered":"http:\/\/www.paludzka.fara.sk\/?p=1319"},"modified":"2022-09-03T20:46:10","modified_gmt":"2022-09-03T18:46:10","slug":"farske-oznamy-28-8-4-9-2022","status":"publish","type":"post","link":"http:\/\/www.paludzka.fara.sk\/?p=1319","title":{"rendered":"Farsk\u00e9 oznamy 28.8.-4.9.2022"},"content":{"rendered":"<div class=\"table-responsive\">\n<table class=\"table table-bordered\">\n<thead>\n<tr>\n<th style=\"text-align: center;\">De\u0148<\/th>\n<th style=\"text-align: center;\">\u010cas<\/th>\n<th style=\"text-align: center;\">Liturgick\u00fd kalend\u00e1r<\/th>\n<th style=\"text-align: center;\">\u00damysel<\/th>\n<th style=\"text-align: center;\">O\u010dak\u00e1vame<\/th>\n<\/tr>\n<\/thead>\n<tbody>\n<tr>\n<td style=\"text-align: center;\"><strong>Nede\u013ea 28.8.<\/strong><\/td>\n<td style=\"text-align: center;\">7:00<\/p>\n<p><span style=\"color: #000000;\"><strong>8:15<\/strong><\/span><\/p>\n<p><span style=\"color: #000000;\">9:45<\/span><\/td>\n<td style=\"text-align: center;\"><span style=\"color: #008000;\"><b>22. nede\u013ea v Cezro\u010dnom obdob\u00ed<\/b><\/span><\/td>\n<td style=\"text-align: center;\">+ Karol a rodi\u010dia<\/p>\n<p><strong>Bodice:<\/strong> na \u00famysel<\/p>\n<p>za veriacich<\/td>\n<td style=\"text-align: center;\">Zbierka pre potreby Diec\u00e9zneho katechetick\u00e9ho \u00faradu<\/td>\n<\/tr>\n<tr>\n<td style=\"text-align: center;\">Pondelok 29.8.<\/td>\n<td style=\"text-align: center;\"><span style=\"color: #000000;\">18:15<\/span><\/td>\n<td style=\"text-align: center;\"><span style=\"color: #ff0000;\">Mu\u010den\u00edcka smr\u0165 sv\u00e4t\u00e9ho J\u00e1na Krstite\u013ea<\/span><\/p>\n<p><span style=\"color: #ff0000;\">spomienka<\/span><\/td>\n<td style=\"text-align: center;\">+ J\u00e1n, August\u00edn, Roz\u00e1lia<\/td>\n<td style=\"text-align: center;\">sviatos\u0165 zmierenia od 17:45<\/td>\n<\/tr>\n<tr>\n<td style=\"text-align: center;\">Utorok 30.8.<\/td>\n<td style=\"text-align: center;\">18:15<\/td>\n<td style=\"text-align: center;\"><span style=\"color: #008000;\">Utorok 22. t\u00fd\u017ed\u0148a v Cezro\u010dnom obdob\u00ed<\/span><\/td>\n<td style=\"text-align: center;\">+ Daniel, Andrea<\/td>\n<td style=\"text-align: center;\">sviatos\u0165 zmierenia od 17:45<\/td>\n<\/tr>\n<tr>\n<td style=\"text-align: center;\">Streda 31.8.<\/td>\n<td style=\"text-align: center;\">7:00<\/td>\n<td style=\"text-align: center;\"><span style=\"color: #008000;\">Streda 22. t\u00fd\u017ed\u0148a v Cezro\u010dnom obdob\u00ed<\/span><\/td>\n<td style=\"text-align: center;\">za rodinu Jozefa Zubeka st.<\/td>\n<td style=\"text-align: center;\"><\/td>\n<\/tr>\n<tr>\n<td style=\"text-align: center;\">\u0160tvrtok 1.9.<\/td>\n<td style=\"text-align: center;\">18:15<\/td>\n<td style=\"text-align: center;\"><span style=\"color: #008000;\">Za povolania na k\u0148azsk\u00fd stav<\/span><\/td>\n<td style=\"text-align: center;\">za zdravie a Bo\u017eiu pomoc pre dc\u00e9ru<\/td>\n<td style=\"text-align: center;\">sviatos\u0165 zmierenia od 17:15<\/p>\n<p>Ador\u00e1cia od 17:15<\/p>\n<p>De\u0148 modlitieb za duchovn\u00e9 povolania<\/p>\n<p>8. Svetov\u00fd de\u0148 modlitieb za ochranu stvorenstva<\/td>\n<\/tr>\n<tr>\n<td style=\"text-align: center;\">Piatok 2.9.<\/td>\n<td style=\"text-align: center;\"><strong>17:00<\/strong><\/p>\n<p>18:15<\/td>\n<td style=\"text-align: center;\"><span style=\"color: #008000;\">O Najsv\u00e4tej\u0161om Srdci Je\u017ei\u0161ovom<\/span><\/p>\n<p><span style=\"color: #ff0000;\">Prv\u00fd piatok<\/span><\/td>\n<td style=\"text-align: center;\"><strong>Bodice<\/strong>: za veriacich<\/p>\n<p>za sp\u00e1su \u017eiv\u00fdch i m\u0155tvych pr\u00edbuzn\u00fdch a priate\u013eov<\/td>\n<td style=\"text-align: center;\">N\u00e1v\u0161teva chor\u00fdch od 8:00<\/p>\n<p><strong>Bodice<\/strong>: sviatos\u0165 zmierenia od 16:15<\/td>\n<\/tr>\n<tr>\n<td style=\"text-align: center;\">Sobota 3.9.<\/td>\n<td style=\"text-align: center;\">8:00<\/td>\n<td style=\"text-align: center;\"><span style=\"color: #0000ff;\">O Preblahoslavenej Panne M\u00e1rii<\/span><\/td>\n<td style=\"text-align: center;\">+ Jozef, M\u00e1ria, Jozef<\/td>\n<td style=\"text-align: center;\">Fatimsk\u00e1 pobo\u017enos\u0165 od 7:30<\/td>\n<\/tr>\n<tr>\n<td style=\"text-align: center;\"><strong>Nede\u013ea 4.9.<\/strong><\/td>\n<td style=\"text-align: center;\">7:00<\/p>\n<p><span style=\"color: #000000;\"><strong>8:15<\/strong><\/span><\/p>\n<p><span style=\"color: #000000;\">9:45<\/span><\/td>\n<td style=\"text-align: center;\"><span style=\"color: #008000;\"><b>23. nede\u013ea v Cezro\u010dnom obdob\u00ed<\/b><\/span><\/td>\n<td style=\"text-align: center;\">za zdravie a Bo\u017eie po\u017eehnanie p. Tk\u00e1\u010dovej<\/p>\n<p><span style=\"font-family: inherit; font-size: inherit;\"><strong>Bodice:<\/strong> na \u00famysel<\/span><\/p>\n<p>+ z rodiny Jir\u00e1skovej + M\u00e1ria a Ren\u00e1ta<\/td>\n<td style=\"text-align: center;\"><\/td>\n<\/tr>\n<\/tbody>\n<\/table>\n<\/div>\n<ul>\n<li>\u00famysly sv. om\u0161\u00ed na mesiac september budem zapisova\u0165 v utorok po sv. om\u0161i.<\/li>\n<li>zbierka\u00a0 na ma\u013eovanie kostola v Pal\u00fadzke\u00a0 \u010dinila 380 \u20ac\u00a0 a na opravu ve\u017ee kostola v Bodiciach 415 \u20ac. P\u00e1n Boh zapla\u0165 za va\u0161e dary.<\/li>\n<li>pokra\u010dujeme s opravami na ve\u017ei na kostola sv. Ladislava v Bodiciach. \u010eakujeme a pros\u00edme o modlitby na tento \u00famysel a pros\u00edme aj o va\u0161u pomoc. SK92 0900 0000 0003 3369 2703<\/li>\n<li>Bohuzn\u00e1ma zo Zuberca na\u00a0 opravu ve\u017ee darovala 50 \u20ac, Bohuzn\u00e1ma na opravu ve\u017ee obetovala 80 \u20ac. Bohuzn\u00e1ma na kostol 200 \u20ac.\u00a0 P\u00e1n Boh zapla\u0165.<\/li>\n<li>vo farnostiach na\u0161ej diec\u00e9zy je dnes zbierka pre potreby Diec\u00e9zneho katechetick\u00e9ho \u00faradu.<\/li>\n<li>o upratovanie kostola pros\u00edm rodiny Koh\u00fatov\u00fa, Ku\u010derov\u00fa S., Bebkov\u00fa a Rybovi\u010dov\u00fa. P\u00e1n Boh zapla\u0165 za slu\u017ebu.<\/li>\n<\/ul>\n","protected":false},"excerpt":{"rendered":"<p>De\u0148 \u010cas Liturgick\u00fd kalend\u00e1r \u00damysel O\u010dak\u00e1vame Nede\u013ea 28.8. 7:00 8:15 9:45 22. nede\u013ea v Cezro\u010dnom obdob\u00ed + Karol a rodi\u010dia Bodice: na \u00famysel za veriacich Zbierka pre potreby Diec\u00e9zneho katechetick\u00e9ho \u00faradu Pondelok 29.8. 18:15 Mu\u010den\u00edcka smr\u0165 sv\u00e4t\u00e9ho J\u00e1na Krstite\u013ea spomienka + J\u00e1n, August\u00edn, Roz\u00e1lia sviatos\u0165 zmierenia od 17:45 Utorok 30.8. 18:15 Utorok 22. t\u00fd\u017ed\u0148a v [&hellip;]<\/p>\n","protected":false},"author":1,"featured_media":0,"comment_status":"closed","ping_status":"closed","sticky":false,"template":"","format":"standard","meta":{"_links_to":"","_links_to_target":""},"categories":[4,19],"tags":[],"_links":{"self":[{"href":"http:\/\/www.paludzka.fara.sk\/index.php?rest_route=\/wp\/v2\/posts\/1319"}],"collection":[{"href":"http:\/\/www.paludzka.fara.sk\/index.php?rest_route=\/wp\/v2\/posts"}],"about":[{"href":"http:\/\/www.paludzka.fara.sk\/index.php?rest_route=\/wp\/v2\/types\/post"}],"author":[{"embeddable":true,"href":"http:\/\/www.paludzka.fara.sk\/index.php?rest_route=\/wp\/v2\/users\/1"}],"replies":[{"embeddable":true,"href":"http:\/\/www.paludzka.fara.sk\/index.php?rest_route=%2Fwp%2Fv2%2Fcomments&post=1319"}],"version-history":[{"count":4,"href":"http:\/\/www.paludzka.fara.sk\/index.php?rest_route=\/wp\/v2\/posts\/1319\/revisions"}],"predecessor-version":[{"id":1388,"href":"http:\/\/www.paludzka.fara.sk\/index.php?rest_route=\/wp\/v2\/posts\/1319\/revisions\/1388"}],"wp:attachment":[{"href":"http:\/\/www.paludzka.fara.sk\/index.php?rest_route=%2Fwp%2Fv2%2Fmedia&parent=1319"}],"wp:term":[{"taxonomy":"category","embeddable":true,"href":"http:\/\/www.paludzka.fara.sk\/index.php?rest_route=%2Fwp%2Fv2%2Fcategories&post=1319"},{"taxonomy":"post_tag","embeddable":true,"href":"http:\/\/www.paludzka.fara.sk\/index.php?rest_route=%2Fwp%2Fv2%2Ftags&post=1319"}],"curies":[{"name":"wp","href":"https:\/\/api.w.org\/{rel}","templated":true}]}}