
{"id":1316,"date":"2022-08-21T00:00:20","date_gmt":"2022-08-20T22:00:20","guid":{"rendered":"http:\/\/www.paludzka.fara.sk\/?p=1316"},"modified":"2022-08-20T21:12:24","modified_gmt":"2022-08-20T19:12:24","slug":"farske-oznamy-21-8-28-8-2022","status":"publish","type":"post","link":"http:\/\/www.paludzka.fara.sk\/?p=1316","title":{"rendered":"Farsk\u00e9 oznamy 21.8.-28.8.2022"},"content":{"rendered":"<div class=\"table-responsive\">\n<table class=\"table table-bordered\">\n<thead>\n<tr>\n<th style=\"text-align: center;\">De\u0148<\/th>\n<th style=\"text-align: center;\">\u010cas<\/th>\n<th style=\"text-align: center;\">Liturgick\u00fd kalend\u00e1r<\/th>\n<th style=\"text-align: center;\">\u00damysel<\/th>\n<th style=\"text-align: center;\">O\u010dak\u00e1vame<\/th>\n<\/tr>\n<\/thead>\n<tbody>\n<tr>\n<td style=\"text-align: center;\"><strong>Nede\u013ea 21.8.<\/strong><\/td>\n<td style=\"text-align: center;\">7:00<\/p>\n<p><span style=\"color: #000000;\"><strong>8:15<\/strong><\/span><\/p>\n<p><span style=\"color: #000000;\">9:45<\/span><\/td>\n<td style=\"text-align: center;\"><span style=\"color: #008000;\"><b>21. nede\u013ea v Cezro\u010dnom obdob\u00ed<\/b><\/span><\/td>\n<td style=\"text-align: center;\">za veriacich<\/p>\n<p><strong>Bodice:<\/strong> na \u00famysel<\/p>\n<p>za zdravie a Bo\u017eie po\u017eehnanie<\/p>\n<p>pre Vladim\u00edra Mager\u010diaka<\/td>\n<td style=\"text-align: center;\">zbierka na ma\u013eovanie kostola v Pal\u00fadzke a opravu ve\u017ee kostola v Bodiciach<\/td>\n<\/tr>\n<tr>\n<td style=\"text-align: center;\">Pondelok 22.8.<\/td>\n<td style=\"text-align: center;\"><span style=\"color: #000000;\">18:15<\/span><\/td>\n<td style=\"text-align: center;\"><span style=\"color: #0000ff;\">Preblahoslavenej Panny M\u00e1rie Kr\u00e1\u013eovnej<\/span><\/p>\n<p><span style=\"color: #0000ff;\">spomienka<\/span><\/td>\n<td style=\"text-align: center;\">za zdravie a Bo\u017eiu<\/p>\n<p>pomoc v chorobe<\/td>\n<td style=\"text-align: center;\"><\/td>\n<\/tr>\n<tr>\n<td style=\"text-align: center;\">Utorok 23.8.<\/td>\n<td style=\"text-align: center;\">18:15<\/td>\n<td style=\"text-align: center;\"><span style=\"color: #008000;\">Utorok 21. t\u00fd\u017ed\u0148a v Cezro\u010dnom obdob\u00ed<\/span><\/td>\n<td style=\"text-align: center;\">+ Sv\u00e4topluk a rodi\u010dia<\/td>\n<td style=\"text-align: center;\"><\/td>\n<\/tr>\n<tr>\n<td style=\"text-align: center;\">Streda 24.8.<\/td>\n<td style=\"text-align: center;\">7:00<\/td>\n<td style=\"text-align: center;\"><span style=\"color: #ff0000;\">Sv\u00e4t\u00e9ho Bartolomeja, apo\u0161tola<\/span><\/p>\n<p><span style=\"color: #ff0000;\">sviatok<\/span><\/td>\n<td style=\"text-align: center;\">+ rodi\u010dia Petra a Anny<\/td>\n<td style=\"text-align: center;\"><\/td>\n<\/tr>\n<tr>\n<td style=\"text-align: center;\">\u0160tvrtok 25.8.<\/td>\n<td style=\"text-align: center;\">18:15<\/td>\n<td style=\"text-align: center;\"><span style=\"color: #008000;\">\u0160tvrtok 21. t\u00fd\u017ed\u0148a v Cezro\u010dnom obdob\u00ed<\/span><\/td>\n<td style=\"text-align: center;\">+ Marcela a J\u00e1n<\/td>\n<td style=\"text-align: center;\">Ador\u00e1cia od 17:30<\/td>\n<\/tr>\n<tr>\n<td style=\"text-align: center;\">Piatok 26.8.<\/td>\n<td style=\"text-align: center;\">18:15<\/td>\n<td style=\"text-align: center;\"><span style=\"color: #008000;\">Piatok 21. t\u00fd\u017ed\u0148a v Cezro\u010dnom obdob\u00ed<\/span><\/td>\n<td style=\"text-align: center;\">+ rodi\u010dia Jozef a M\u00e1ria<\/td>\n<td style=\"text-align: center;\"><\/td>\n<\/tr>\n<tr>\n<td style=\"text-align: center;\">Sobota 27.8.<\/td>\n<td style=\"text-align: center;\">8:00<\/td>\n<td style=\"text-align: center;\"><span style=\"color: #808000;\">Sv\u00e4tej Moniky<\/span><\/p>\n<p><span style=\"color: #808000;\">spomienka<\/span><\/td>\n<td style=\"text-align: center;\">+ Al\u017ebeta, Jozef, Jaroslav, M\u00e1ria<\/td>\n<td style=\"text-align: center;\"><\/td>\n<\/tr>\n<tr>\n<td style=\"text-align: center;\"><strong>Nede\u013ea 28.8.<\/strong><\/td>\n<td style=\"text-align: center;\">7:00<\/p>\n<p><span style=\"color: #000000;\"><strong>8:15<\/strong><\/span><\/p>\n<p><span style=\"color: #000000;\">9:45<\/span><\/td>\n<td style=\"text-align: center;\"><span style=\"color: #008000;\"><b>22. nede\u013ea v Cezro\u010dnom obdob\u00ed<\/b><\/span><\/td>\n<td style=\"text-align: center;\">+ Karol a rodi\u010dia<\/p>\n<p><span style=\"font-family: inherit; font-size: inherit;\"><strong>Bodice:<\/strong> na \u00famysel<\/span><\/p>\n<p>za veriacich<\/td>\n<td style=\"text-align: center;\">\n<p dir=\"ltr\">zbierka pre potreby Diec\u00e9zneho katechetick\u00e9ho \u00faradu<\/p>\n<\/td>\n<\/tr>\n<\/tbody>\n<\/table>\n<\/div>\n<div class=\"table-responsive\"><\/div>\n<ul>\n<li>\n<p dir=\"ltr\">dnes je zbierka na ma\u013eovanie kostola v Pal\u00fadzke a opravu ve\u017ee kostola v Bodiciach. P\u00e1n Boh zapla\u0165 za va\u0161e dary.<\/p>\n<\/li>\n<li>\n<p dir=\"ltr\">pokra\u010dujeme s opravami na ve\u017ei na kostola sv. Ladislava v Bodiciach. \u010eakujeme a pros\u00edme o modlitby na tento \u00famysel a pros\u00edme aj o va\u0161u pomoc. Nech aj toto sl\u00fa\u017ei k v\u00e4\u010d\u0161ej Bo\u017eej sl\u00e1ve.<\/p>\n<\/li>\n<li>\n<p dir=\"ltr\">Bohuzn\u00e1me zo Zuberca na ma\u013eovanie kostola v Pal\u00fadzke darovali 70 \u20ac. Z krstu D\u00e1vida Deve\u010dku darovali na kostol 150 \u20ac. V\u0161etk\u00fdm darcom P\u00e1n Boh zapla\u0165.<\/p>\n<\/li>\n<li>\n<p dir=\"ltr\">na bud\u00facu nede\u013eu bude vo farnostiach na\u0161ej diec\u00e9zy zbierka pre potreby Diec\u00e9zneho katechetick\u00e9ho \u00faradu.<\/p>\n<\/li>\n<li>\n<p dir=\"ltr\">o upratovanie kostola pros\u00edm rodiny Hunanov\u00fa, Adam\u010diakov\u00fa M., Slukov\u00fa a Jurisov\u00fa. P\u00e1n Boh zapla\u0165 za slu\u017ebu.<\/p>\n<\/li>\n<\/ul>\n","protected":false},"excerpt":{"rendered":"<p>De\u0148 \u010cas Liturgick\u00fd kalend\u00e1r \u00damysel O\u010dak\u00e1vame Nede\u013ea 21.8. 7:00 8:15 9:45 21. nede\u013ea v Cezro\u010dnom obdob\u00ed za veriacich Bodice: na \u00famysel za zdravie a Bo\u017eie po\u017eehnanie pre Vladim\u00edra Mager\u010diaka zbierka na ma\u013eovanie kostola v Pal\u00fadzke a opravu ve\u017ee kostola v Bodiciach Pondelok 22.8. 18:15 Preblahoslavenej Panny M\u00e1rie Kr\u00e1\u013eovnej spomienka za zdravie a Bo\u017eiu pomoc v [&hellip;]<\/p>\n","protected":false},"author":1,"featured_media":0,"comment_status":"closed","ping_status":"closed","sticky":false,"template":"","format":"standard","meta":{"_links_to":"","_links_to_target":""},"categories":[4,19],"tags":[],"_links":{"self":[{"href":"http:\/\/www.paludzka.fara.sk\/index.php?rest_route=\/wp\/v2\/posts\/1316"}],"collection":[{"href":"http:\/\/www.paludzka.fara.sk\/index.php?rest_route=\/wp\/v2\/posts"}],"about":[{"href":"http:\/\/www.paludzka.fara.sk\/index.php?rest_route=\/wp\/v2\/types\/post"}],"author":[{"embeddable":true,"href":"http:\/\/www.paludzka.fara.sk\/index.php?rest_route=\/wp\/v2\/users\/1"}],"replies":[{"embeddable":true,"href":"http:\/\/www.paludzka.fara.sk\/index.php?rest_route=%2Fwp%2Fv2%2Fcomments&post=1316"}],"version-history":[{"count":3,"href":"http:\/\/www.paludzka.fara.sk\/index.php?rest_route=\/wp\/v2\/posts\/1316\/revisions"}],"predecessor-version":[{"id":1352,"href":"http:\/\/www.paludzka.fara.sk\/index.php?rest_route=\/wp\/v2\/posts\/1316\/revisions\/1352"}],"wp:attachment":[{"href":"http:\/\/www.paludzka.fara.sk\/index.php?rest_route=%2Fwp%2Fv2%2Fmedia&parent=1316"}],"wp:term":[{"taxonomy":"category","embeddable":true,"href":"http:\/\/www.paludzka.fara.sk\/index.php?rest_route=%2Fwp%2Fv2%2Fcategories&post=1316"},{"taxonomy":"post_tag","embeddable":true,"href":"http:\/\/www.paludzka.fara.sk\/index.php?rest_route=%2Fwp%2Fv2%2Ftags&post=1316"}],"curies":[{"name":"wp","href":"https:\/\/api.w.org\/{rel}","templated":true}]}}