
{"id":1313,"date":"2022-08-14T00:00:17","date_gmt":"2022-08-13T22:00:17","guid":{"rendered":"http:\/\/www.paludzka.fara.sk\/?p=1313"},"modified":"2022-08-13T20:54:39","modified_gmt":"2022-08-13T18:54:39","slug":"farske-oznamy-14-8-21-8-2022","status":"publish","type":"post","link":"http:\/\/www.paludzka.fara.sk\/?p=1313","title":{"rendered":"Farsk\u00e9 oznamy 14.8.-21.8.2022"},"content":{"rendered":"<div class=\"table-responsive\">\n<table class=\"table table-bordered\" style=\"width: 100%; height: 768px;\">\n<thead>\n<tr style=\"height: 24px;\">\n<th style=\"text-align: center; height: 24px;\">De\u0148<\/th>\n<th style=\"text-align: center; height: 24px;\">\u010cas<\/th>\n<th style=\"text-align: center; height: 24px;\">Liturgick\u00fd kalend\u00e1r<\/th>\n<th style=\"text-align: center; height: 24px;\">\u00damysel<\/th>\n<th style=\"text-align: center; height: 24px;\">O\u010dak\u00e1vame<\/th>\n<\/tr>\n<\/thead>\n<tbody>\n<tr style=\"height: 136px;\">\n<td style=\"text-align: center; height: 136px;\"><strong>Nede\u013ea 14.8.<\/strong><\/td>\n<td style=\"text-align: center; height: 136px;\">7:00<\/p>\n<p><span style=\"color: #000000;\"><strong>8:15<\/strong><\/span><\/p>\n<p><span style=\"color: #000000;\">9:45<\/span><\/td>\n<td style=\"text-align: center; height: 136px;\"><span style=\"color: #008000;\"><b>20. nede\u013ea v Cezro\u010dnom obdob\u00ed<\/b><\/span><\/td>\n<td style=\"text-align: center; height: 136px;\">za veriacich<\/p>\n<p><strong>Bodice:<\/strong> na \u00famysel<\/p>\n<p>za dobrodincov<\/td>\n<td style=\"text-align: center; height: 136px;\"><\/td>\n<\/tr>\n<tr style=\"height: 160px;\">\n<td style=\"text-align: center; height: 160px;\">Pondelok 15.8.<\/td>\n<td style=\"text-align: center; height: 160px;\"><strong>17:00<\/strong><\/p>\n<p><span style=\"color: #000000;\">18:15<\/span><\/td>\n<td style=\"text-align: center; height: 160px;\"><span style=\"color: #0000ff;\">Nanebovzatie Preblahoslavenej Panny M\u00e1rie<\/span><\/p>\n<p><span style=\"color: #0000ff;\">sl\u00e1vnos\u0165<\/span><\/p>\n<p><span style=\"color: #ff0000;\">Prik\u00e1zan\u00fd sviatok<\/span><\/td>\n<td style=\"text-align: center; height: 160px;\"><strong>Bodice:<\/strong> na \u00famysel<\/p>\n<p>za zdravie pre Samuela a Silviu<\/td>\n<td style=\"text-align: center; height: 160px;\">Pri sv\u00e4t\u00fdch om\u0161iach po\u017eehnanie byl\u00edn a kvetov<\/td>\n<\/tr>\n<tr style=\"height: 48px;\">\n<td style=\"text-align: center; height: 48px;\">Utorok 16.8.<\/td>\n<td style=\"text-align: center; height: 48px;\">18:15<\/td>\n<td style=\"text-align: center; height: 48px;\"><span style=\"color: #008000;\">Utorok 20. t\u00fd\u017ed\u0148a v Cezro\u010dnom obdob\u00ed<\/span><\/td>\n<td style=\"text-align: center; height: 48px;\">+ M\u00e1ria Sady<\/td>\n<td style=\"text-align: center; height: 48px;\"><\/td>\n<\/tr>\n<tr style=\"height: 48px;\">\n<td style=\"text-align: center; height: 48px;\">Streda 17.8.<\/td>\n<td style=\"text-align: center; height: 48px;\">7:00<\/td>\n<td style=\"text-align: center; height: 48px;\"><span style=\"color: #008000;\">Streda 20. t\u00fd\u017ed\u0148a v Cezro\u010dnom obdob\u00ed<\/span><\/td>\n<td style=\"text-align: center; height: 48px;\">za rodinu Petra a Anny, deti a vn\u00fa\u010dat\u00e1<\/td>\n<td style=\"text-align: center; height: 48px;\"><\/td>\n<\/tr>\n<tr style=\"height: 48px;\">\n<td style=\"text-align: center; height: 48px;\">\u0160tvrtok 18.8.<\/td>\n<td style=\"text-align: center; height: 48px;\">18:15<\/td>\n<td style=\"text-align: center; height: 48px;\"><span style=\"color: #008000;\">\u0160tvrtok 20. t\u00fd\u017ed\u0148a v Cezro\u010dnom obdob\u00ed<\/span><\/td>\n<td style=\"text-align: center; height: 48px;\">50 rokov \u017eivota Danky<\/td>\n<td style=\"text-align: center; height: 48px;\">Ador\u00e1cia od 17:30<\/td>\n<\/tr>\n<tr style=\"height: 48px;\">\n<td style=\"text-align: center; height: 48px;\">Piatok 19.8.<\/td>\n<td style=\"text-align: center; height: 48px;\">18:15<\/td>\n<td style=\"text-align: center; height: 48px;\"><span style=\"color: #008000;\">Piatok 20. t\u00fd\u017ed\u0148a v Cezro\u010dnom obdob\u00ed<\/span><\/td>\n<td style=\"text-align: center; height: 48px;\">+ Stanislav a rodi\u010dia<\/td>\n<td style=\"text-align: center; height: 48px;\"><\/td>\n<\/tr>\n<tr style=\"height: 120px;\">\n<td style=\"text-align: center; height: 120px;\">Sobota 20.8.<\/td>\n<td style=\"text-align: center; height: 120px;\"><span style=\"color: #ff0000;\">6:30<\/span><\/td>\n<td style=\"text-align: center; height: 120px;\"><span style=\"color: #808000;\">Sv\u00e4t\u00e9ho Bernarda, op\u00e1ta a u\u010dite\u013ea Cirkvi<\/span><\/p>\n<p><span style=\"color: #808000;\">spomienka<\/span><\/td>\n<td style=\"text-align: center; height: 120px;\">+ Me\u010dislav a Just\u00edna<\/td>\n<td style=\"text-align: center; height: 120px;\"><\/td>\n<\/tr>\n<tr style=\"height: 136px;\">\n<td style=\"text-align: center; height: 136px;\"><strong>Nede\u013ea 21.8.<\/strong><\/td>\n<td style=\"text-align: center; height: 136px;\">7:00<\/p>\n<p><span style=\"color: #000000;\"><strong>8:15<\/strong><\/span><\/p>\n<p><span style=\"color: #000000;\">9:45<\/span><\/td>\n<td style=\"text-align: center; height: 136px;\"><span style=\"color: #008000;\"><b>21. nede\u013ea v Cezro\u010dnom obdob\u00ed<\/b><\/span><\/td>\n<td style=\"text-align: center; height: 136px;\">za veriacich<\/p>\n<p><span style=\"font-family: inherit; font-size: inherit;\"><strong>Bodice:<\/strong> na \u00famysel<\/span><\/p>\n<p>&nbsp;<\/td>\n<td style=\"text-align: center; height: 136px;\">Zbierka na ma\u013eovanie kostola v Pal\u00fadzke a opravu ve\u017ee kostola v Bodiciach<\/td>\n<\/tr>\n<\/tbody>\n<\/table>\n<\/div>\n<div class=\"table-responsive\"><\/div>\n<ul>\n<li><strong>poz\u00fdvame v\u00e1s na v\u00fdlet do Banskej \u0160tiavnice v sobotu 20.8.2022. Pros\u00edme, aby ste sa \u010d\u00edm sk\u00f4r prihl\u00e1sili u pani Kostolnej<\/strong>. Odchod autobusu o 7:00.<\/li>\n<li>ak by mal niekto z\u00e1ujem pripravova\u0165 sa na prijatie krstu alebo na prijatie Eucharistie, m\u00f4\u017ee sa prihl\u00e1si\u0165 na fare. Na pr\u00edpravu sa m\u00f4\u017eu prihl\u00e1si\u0165 v\u0161etci, ktor\u00ed s\u00fa nepokrsten\u00ed a chceli by prija\u0165 sviatos\u0165 krstu spolu s ostatn\u00fdmi sviatos\u0165ami, ale aj pokrsten\u00ed, ktor\u00ed neboli na prvom sv\u00e4tom prij\u00edman\u00ed.<\/li>\n<li>na bud\u00facu nede\u013eu bude zbierka na ma\u013eovanie kostola v Pal\u00fadzke a opravu ve\u017ee kostola v Bodiciach.<\/li>\n<li>na bud\u00faci t\u00fd\u017ede\u0148 za\u010d\u00edname s opravou ve\u017ee na kostole sv. Ladislava v Bodiciach. \u010eakujeme a pros\u00edme o modlitby na tento \u00famysel a pros\u00edme aj o va\u0161u pomoc. Nech aj toto sl\u00fa\u017ei k v\u00e4\u010d\u0161ej Bo\u017eej sl\u00e1ve. Taktie\u017e \u010fakujem \u201eMinisterstvu kult\u00fary SR\u201c za poskytnut\u00fa dot\u00e1ciu.<\/li>\n<li>Bohuzn\u00e1my na ma\u013eovanie kostola v Pal\u00fadzke daroval 20 \u20ac. Bohuzn\u00e1ma prispela 20 \u20ac. V\u0161etk\u00fdm darcom P\u00e1n Boh zapla\u0165.<\/li>\n<li>o upratovanie kostola pros\u00edm rodiny Badl\u00edkov\u00fa, Kuskov\u00fa, Plevov\u00fa a Tur\u010dinov\u00fa. P\u00e1n Boh zapla\u0165 za slu\u017ebu.<\/li>\n<\/ul>\n","protected":false},"excerpt":{"rendered":"<p>De\u0148 \u010cas Liturgick\u00fd kalend\u00e1r \u00damysel O\u010dak\u00e1vame Nede\u013ea 14.8. 7:00 8:15 9:45 20. nede\u013ea v Cezro\u010dnom obdob\u00ed za veriacich Bodice: na \u00famysel za dobrodincov Pondelok 15.8. 17:00 18:15 Nanebovzatie Preblahoslavenej Panny M\u00e1rie sl\u00e1vnos\u0165 Prik\u00e1zan\u00fd sviatok Bodice: na \u00famysel za zdravie pre Samuela a Silviu Pri sv\u00e4t\u00fdch om\u0161iach po\u017eehnanie byl\u00edn a kvetov Utorok 16.8. 18:15 Utorok 20. [&hellip;]<\/p>\n","protected":false},"author":1,"featured_media":0,"comment_status":"closed","ping_status":"closed","sticky":false,"template":"","format":"standard","meta":{"_links_to":"","_links_to_target":""},"categories":[4,19],"tags":[],"_links":{"self":[{"href":"http:\/\/www.paludzka.fara.sk\/index.php?rest_route=\/wp\/v2\/posts\/1313"}],"collection":[{"href":"http:\/\/www.paludzka.fara.sk\/index.php?rest_route=\/wp\/v2\/posts"}],"about":[{"href":"http:\/\/www.paludzka.fara.sk\/index.php?rest_route=\/wp\/v2\/types\/post"}],"author":[{"embeddable":true,"href":"http:\/\/www.paludzka.fara.sk\/index.php?rest_route=\/wp\/v2\/users\/1"}],"replies":[{"embeddable":true,"href":"http:\/\/www.paludzka.fara.sk\/index.php?rest_route=%2Fwp%2Fv2%2Fcomments&post=1313"}],"version-history":[{"count":3,"href":"http:\/\/www.paludzka.fara.sk\/index.php?rest_route=\/wp\/v2\/posts\/1313\/revisions"}],"predecessor-version":[{"id":1342,"href":"http:\/\/www.paludzka.fara.sk\/index.php?rest_route=\/wp\/v2\/posts\/1313\/revisions\/1342"}],"wp:attachment":[{"href":"http:\/\/www.paludzka.fara.sk\/index.php?rest_route=%2Fwp%2Fv2%2Fmedia&parent=1313"}],"wp:term":[{"taxonomy":"category","embeddable":true,"href":"http:\/\/www.paludzka.fara.sk\/index.php?rest_route=%2Fwp%2Fv2%2Fcategories&post=1313"},{"taxonomy":"post_tag","embeddable":true,"href":"http:\/\/www.paludzka.fara.sk\/index.php?rest_route=%2Fwp%2Fv2%2Ftags&post=1313"}],"curies":[{"name":"wp","href":"https:\/\/api.w.org\/{rel}","templated":true}]}}