
{"id":1307,"date":"2022-07-31T00:00:19","date_gmt":"2022-07-30T22:00:19","guid":{"rendered":"http:\/\/www.paludzka.fara.sk\/?p=1307"},"modified":"2022-07-30T16:35:37","modified_gmt":"2022-07-30T14:35:37","slug":"1307","status":"publish","type":"post","link":"http:\/\/www.paludzka.fara.sk\/?p=1307","title":{"rendered":"Farsk\u00e9 oznamy 31.7.-7.8.2022"},"content":{"rendered":"<div class=\"table-responsive\">\n<table class=\"table table-bordered\">\n<thead>\n<tr>\n<th style=\"text-align: center;\">De\u0148<\/th>\n<th style=\"text-align: center;\">\u010cas<\/th>\n<th style=\"text-align: center;\">Liturgick\u00fd kalend\u00e1r<\/th>\n<th style=\"text-align: center;\">\u00damysel<\/th>\n<th style=\"text-align: center;\">O\u010dak\u00e1vame<\/th>\n<\/tr>\n<\/thead>\n<tbody>\n<tr>\n<td style=\"text-align: center;\"><strong>Nede\u013ea 31.7.<\/strong><\/td>\n<td style=\"text-align: center;\">7:00<\/p>\n<p><span style=\"color: #000000;\"><strong>8:15<\/strong><\/span><\/p>\n<p><span style=\"color: #000000;\">9:45<\/span><\/td>\n<td style=\"text-align: center;\"><span style=\"color: #008000;\"><b>18. nede\u013ea v Cezro\u010dnom obdob\u00ed<\/b><\/span><\/td>\n<td style=\"text-align: center;\">za veriacich<\/p>\n<p><strong>Bodice:<\/strong> na \u00famysel<\/p>\n<p>za zdravie Martina a Moniky<\/td>\n<td style=\"text-align: center;\"><\/td>\n<\/tr>\n<tr>\n<td style=\"text-align: center;\">Pondelok 1.8.<\/td>\n<td style=\"text-align: center;\"><span style=\"color: #000000;\">18:15<\/span><\/td>\n<td style=\"text-align: center;\"><span style=\"color: #808000;\">Sv\u00e4t\u00e9ho Alfonza M\u00e1riu de\u2019 Liguori,<\/span><\/p>\n<p><span style=\"color: #808000;\">biskupa a u\u010dite\u013ea Cirkvi<\/span><\/p>\n<p><span style=\"color: #808000;\">spomienka<\/span><\/td>\n<td style=\"text-align: center;\">za zdravie a Bo\u017eie po\u017eehnanie rodiny<br \/>\nJantol\u00e1kovej, det\u00ed a vn\u00fa\u010dat<\/td>\n<td style=\"text-align: center;\">vysluhovanie sviatosti zmierenia od<\/p>\n<p>17:30<\/td>\n<\/tr>\n<tr>\n<td style=\"text-align: center;\">Utorok 2.8.<\/td>\n<td style=\"text-align: center;\">18:15<\/td>\n<td style=\"text-align: center;\"><span style=\"color: #008000;\">Utorok 18. t\u00fd\u017ed\u0148a v Cezro\u010dnom obdob\u00ed<\/span><\/td>\n<td style=\"text-align: center;\">+ J\u00e1n a \u017dofia<\/td>\n<td style=\"text-align: center;\">vysluhovanie sviatosti zmierenia od<\/p>\n<p>17:30<\/td>\n<\/tr>\n<tr>\n<td style=\"text-align: center;\">Streda 3.8.<\/td>\n<td style=\"text-align: center;\">7:00<\/td>\n<td style=\"text-align: center;\"><span style=\"color: #008000;\">Streda 18. t\u00fd\u017ed\u0148a v Cezro\u010dnom obdob\u00ed<\/span><\/td>\n<td style=\"text-align: center;\">za rodinu Jozefa Zubeka ml.<\/td>\n<td style=\"text-align: center;\"><\/td>\n<\/tr>\n<tr>\n<td style=\"text-align: center;\">\u0160tvrtok 4.8.<\/td>\n<td style=\"text-align: center;\">18:15<\/td>\n<td style=\"text-align: center;\"><span style=\"color: #808000;\">Sv\u00e4t\u00e9ho J\u00e1na M\u00e1riu Vianneya, k\u0148aza<\/span><\/p>\n<p><span style=\"color: #808000;\">spomienka<\/span><\/td>\n<td style=\"text-align: center;\">+ Kliment, Helena, Alojz a Irena<\/td>\n<td style=\"text-align: center;\">Ador\u00e1cia od 17:30 &#8211; de\u0148 modlitieb za<br \/>\nduchovn\u00e9 povolaniavysluhovanie sviatosti zmierenia od 17:30<\/td>\n<\/tr>\n<tr>\n<td style=\"text-align: center;\">Piatok 5.8.<\/td>\n<td style=\"text-align: center;\">17:00<\/p>\n<p>18:15<\/td>\n<td style=\"text-align: center;\"><span style=\"color: #808000;\">O Najsv\u00e4tej\u0161om Srdci Je\u017ei\u0161ovom<\/span><\/p>\n<p><span style=\"color: #808000;\">Prv\u00fd piatok<\/span><\/td>\n<td style=\"text-align: center;\"><strong>Bodice:<\/strong> na \u00famysel<\/p>\n<p>+ Peter a Zuzana<\/td>\n<td style=\"text-align: center;\">N\u00e1v\u0161teva chor\u00fdch od 8:00<br \/>\n<strong>Bodice:<\/strong> vysluhovanie sv. zmiereniaod 16:15<\/td>\n<\/tr>\n<tr>\n<td style=\"text-align: center;\">Sobota 6.8.<\/td>\n<td style=\"text-align: center;\">8:00<\/td>\n<td style=\"text-align: center;\"><span style=\"color: #808000;\">Premenenie P\u00e1na<\/span><\/p>\n<p><span style=\"color: #808000;\">sviatok<\/span><\/td>\n<td style=\"text-align: center;\">+ Rudolf<\/td>\n<td style=\"text-align: center;\">Fatimsk\u00e1 pobo\u017enos\u0165 7:30<\/td>\n<\/tr>\n<tr>\n<td style=\"text-align: center;\"><strong>Nede\u013ea 7.8.<\/strong><\/td>\n<td style=\"text-align: center;\">7:00<\/p>\n<p><span style=\"color: #000000;\"><strong>8:15<\/strong><\/span><\/p>\n<p><span style=\"color: #000000;\">9:45<\/span><\/td>\n<td style=\"text-align: center;\"><span style=\"color: #008000;\"><b>19. nede\u013ea v Cezro\u010dnom obdob\u00ed<\/b><\/span><\/td>\n<td style=\"text-align: center;\">za sp\u00e1su \u017eiv\u00fdch a zomrel\u00fdch pr\u00edbuzn\u00fdch a priate\u013eov<\/p>\n<p><span style=\"font-family: inherit; font-size: inherit;\"><strong>Bodice:<\/strong> na \u00famysel<\/span><\/p>\n<p>za veriacich<\/td>\n<td style=\"text-align: center;\"><\/td>\n<\/tr>\n<\/tbody>\n<\/table>\n<\/div>\n<div class=\"table-responsive\"><\/div>\n<ul>\n<li>\u010fakujem Ministerstvu Kult\u00fary SR za poskytnut\u00fa dot\u00e1ciu na obnovu strechy ve\u017ee kostola v Bodicach.<\/li>\n<li>o upratovanie kostola pros\u00edm rodiny Ku\u010derov\u00fa, J\u00e1no\u0161\u00edkov\u00fa, Adam\u010diakovu J.. P\u00e1n Boh zapla\u0165 za slu\u017ebu.<\/li>\n<\/ul>\n","protected":false},"excerpt":{"rendered":"<p>De\u0148 \u010cas Liturgick\u00fd kalend\u00e1r \u00damysel O\u010dak\u00e1vame Nede\u013ea 31.7. 7:00 8:15 9:45 18. nede\u013ea v Cezro\u010dnom obdob\u00ed za veriacich Bodice: na \u00famysel za zdravie Martina a Moniky Pondelok 1.8. 18:15 Sv\u00e4t\u00e9ho Alfonza M\u00e1riu de\u2019 Liguori, biskupa a u\u010dite\u013ea Cirkvi spomienka za zdravie a Bo\u017eie po\u017eehnanie rodiny Jantol\u00e1kovej, det\u00ed a vn\u00fa\u010dat vysluhovanie sviatosti zmierenia od 17:30 Utorok [&hellip;]<\/p>\n","protected":false},"author":1,"featured_media":0,"comment_status":"closed","ping_status":"closed","sticky":false,"template":"","format":"standard","meta":{"_links_to":"","_links_to_target":""},"categories":[4,19],"tags":[],"_links":{"self":[{"href":"http:\/\/www.paludzka.fara.sk\/index.php?rest_route=\/wp\/v2\/posts\/1307"}],"collection":[{"href":"http:\/\/www.paludzka.fara.sk\/index.php?rest_route=\/wp\/v2\/posts"}],"about":[{"href":"http:\/\/www.paludzka.fara.sk\/index.php?rest_route=\/wp\/v2\/types\/post"}],"author":[{"embeddable":true,"href":"http:\/\/www.paludzka.fara.sk\/index.php?rest_route=\/wp\/v2\/users\/1"}],"replies":[{"embeddable":true,"href":"http:\/\/www.paludzka.fara.sk\/index.php?rest_route=%2Fwp%2Fv2%2Fcomments&post=1307"}],"version-history":[{"count":2,"href":"http:\/\/www.paludzka.fara.sk\/index.php?rest_route=\/wp\/v2\/posts\/1307\/revisions"}],"predecessor-version":[{"id":1310,"href":"http:\/\/www.paludzka.fara.sk\/index.php?rest_route=\/wp\/v2\/posts\/1307\/revisions\/1310"}],"wp:attachment":[{"href":"http:\/\/www.paludzka.fara.sk\/index.php?rest_route=%2Fwp%2Fv2%2Fmedia&parent=1307"}],"wp:term":[{"taxonomy":"category","embeddable":true,"href":"http:\/\/www.paludzka.fara.sk\/index.php?rest_route=%2Fwp%2Fv2%2Fcategories&post=1307"},{"taxonomy":"post_tag","embeddable":true,"href":"http:\/\/www.paludzka.fara.sk\/index.php?rest_route=%2Fwp%2Fv2%2Ftags&post=1307"}],"curies":[{"name":"wp","href":"https:\/\/api.w.org\/{rel}","templated":true}]}}