
{"id":1271,"date":"2022-07-24T00:00:11","date_gmt":"2022-07-23T22:00:11","guid":{"rendered":"http:\/\/www.paludzka.fara.sk\/?p=1271"},"modified":"2022-07-24T22:04:30","modified_gmt":"2022-07-24T20:04:30","slug":"farske-oznamy-24-7-31-7-2022","status":"publish","type":"post","link":"http:\/\/www.paludzka.fara.sk\/?p=1271","title":{"rendered":"Farsk\u00e9 oznamy 24.7.-31.7.2022"},"content":{"rendered":"<div class=\"table-responsive\">\n<table class=\"table table-bordered\">\n<thead>\n<tr>\n<th style=\"text-align: center;\">De\u0148<\/th>\n<th style=\"text-align: center;\">\u010cas<\/th>\n<th style=\"text-align: center;\">Liturgick\u00fd kalend\u00e1r<\/th>\n<th style=\"text-align: center;\">\u00damysel<\/th>\n<th style=\"text-align: center;\">O\u010dak\u00e1vame<\/th>\n<\/tr>\n<\/thead>\n<tbody>\n<tr>\n<td style=\"text-align: center;\"><strong>Nede\u013ea 24.7.<\/strong><\/td>\n<td style=\"text-align: center;\">7:00<\/p>\n<p><span style=\"color: #000000;\"><strong>8:15<\/strong><\/span><\/p>\n<p><span style=\"color: #000000;\">9:45<\/span><\/td>\n<td style=\"text-align: center;\"><span style=\"color: #008000;\"><b>17. nede\u013ea v Cezro\u010dnom obdob\u00ed<\/b><\/span><\/td>\n<td style=\"text-align: center;\">+ J\u00e1n a Alb\u00edn<\/p>\n<p><strong>Bodice:<\/strong> na \u00famysel<\/p>\n<p>za veriacich<\/td>\n<td style=\"text-align: center;\">dnes je De\u0148 star\u00fdch rodi\u010dov a<\/p>\n<p>seniorov<\/td>\n<\/tr>\n<tr>\n<td style=\"text-align: center;\">Pondelok 25.7.<\/td>\n<td style=\"text-align: center;\"><span style=\"color: #000000;\">18:15<\/span><\/td>\n<td style=\"text-align: center;\"><span style=\"color: #ff0000;\">Sv\u00e4t\u00e9ho Jakuba, apo\u0161tola<\/span><\/p>\n<p><span style=\"color: #ff0000;\">sviatok<\/span><\/td>\n<td style=\"text-align: center;\">za deti<\/td>\n<td style=\"text-align: center;\"><\/td>\n<\/tr>\n<tr>\n<td style=\"text-align: center;\">Utorok 26.7.<\/td>\n<td style=\"text-align: center;\">18:15<\/td>\n<td style=\"text-align: center;\"><span style=\"color: #808000;\">Sv\u00e4t\u00fdch Joachima a Anny, <\/span><\/p>\n<p><span style=\"color: #808000;\">rodi\u010dov preblahoslavenej Panny M\u00e1rie<\/span><\/p>\n<p><span style=\"color: #808000;\">spomienka<\/span><\/td>\n<td style=\"text-align: center;\">+ J\u00e1n, Ant\u00f3nia a Helena<\/td>\n<td style=\"text-align: center;\"><\/td>\n<\/tr>\n<tr>\n<td style=\"text-align: center;\">Streda 27.7.<\/td>\n<td style=\"text-align: center;\">7:00<\/td>\n<td style=\"text-align: center;\"><span style=\"color: #808000;\">Sv\u00e4t\u00fdch Gorazda a spolo\u010dn\u00edkov<\/span><\/p>\n<p><span style=\"color: #808000;\">spomienka<\/span><\/td>\n<td style=\"text-align: center;\">po\u010fakovanie za 75 rokov \u017eivota<\/td>\n<td style=\"text-align: center;\"><\/td>\n<\/tr>\n<tr>\n<td style=\"text-align: center;\">\u0160tvrtok 28.7.<\/td>\n<td style=\"text-align: center;\">18:15<\/td>\n<td style=\"text-align: center;\"><span style=\"color: #008000;\">\u0160tvrtok 17. t\u00fd\u017ed\u0148a v Cezro\u010dnom obdob\u00ed<\/span><\/td>\n<td style=\"text-align: center;\">za zdravie pre Richarda<\/td>\n<td style=\"text-align: center;\">Ador\u00e1cia od 17:30<\/td>\n<\/tr>\n<tr>\n<td style=\"text-align: center;\">Piatok 29.7.<\/td>\n<td style=\"text-align: center;\">18:15<\/td>\n<td style=\"text-align: center;\"><span style=\"color: #808000;\">Sv\u00e4t\u00fdch Marty, M\u00e1rie a Laz\u00e1ra<\/span><\/p>\n<p><span style=\"color: #808000;\">spomienka<\/span><\/td>\n<td style=\"text-align: center;\">+ Vendel\u00edn<\/td>\n<td style=\"text-align: center;\"><\/td>\n<\/tr>\n<tr>\n<td style=\"text-align: center;\">Sobota 30.7.<\/td>\n<td style=\"text-align: center;\">8:00<\/td>\n<td style=\"text-align: center;\"><span style=\"color: #0000ff;\"><span style=\"color: #ff0000;\">Blahoslavenej Zdenky Cec\u00edlie Schelingovej, <\/span><\/span><\/p>\n<p><span style=\"color: #ff0000;\">panny a mu\u010denice<\/span><\/p>\n<p><span style=\"color: #ff0000;\">\u013eubovo\u013en\u00e1 spomienka<\/span><\/td>\n<td style=\"text-align: center;\">+ Ant\u00f3nia a \u013dudov\u00edt<\/td>\n<td style=\"text-align: center;\"><\/td>\n<\/tr>\n<tr>\n<td style=\"text-align: center;\"><strong>Nede\u013ea 31.7.<\/strong><\/td>\n<td style=\"text-align: center;\">7:00<\/p>\n<p><span style=\"color: #000000;\"><strong>8:15<\/strong><\/span><\/p>\n<p><span style=\"color: #000000;\">9:45<\/span><\/td>\n<td style=\"text-align: center;\"><span style=\"color: #008000;\"><b>18. nede\u013ea v Cezro\u010dnom obdob\u00ed<\/b><\/span><\/td>\n<td style=\"text-align: center;\">za veriacich<\/p>\n<p><span style=\"font-family: inherit; font-size: inherit;\"><strong>Bodice:<\/strong> na \u00famysel<\/span><\/p>\n<p>za zdravie Martina a Moniky<\/td>\n<td style=\"text-align: center;\"><\/td>\n<\/tr>\n<\/tbody>\n<\/table>\n<\/div>\n<div class=\"table-responsive\"><\/div>\n<ul>\n<li>dnes je 2. svetov\u00fd de\u0148 star\u00fdch rodi\u010dov. Sv\u00e4t\u00fd Otec Franti\u0161ek ustanovil Svetov\u00fd de\u0148 star\u00fdch rodi\u010dov a seniorov v pravidelnom term\u00edne \u0161tvrtej j\u00falovej nedele, v bl\u00edzkosti liturgickej spomienky sv\u00e4t\u00fdch Joachima a Anny, Je\u017ei\u0161ov\u00fdch \u201estar\u00fdch rodi\u010dov.\u201c Za t\u00e9mu 2. svetov\u00e9ho d\u0148a vybral p\u00e1pe\u017e slov\u00e1: \u201eE\u0161te aj v starobe bud\u00fa prin\u00e1\u0161a\u0165 ovocie.\u201c Dnes m\u00e1me mo\u017enos\u0165 z\u00edska\u0165 odpustky, ak sa z\u00fa\u010dastnime na sv\u00e4tej om\u0161i alebo nav\u0161t\u00edvime star\u0161\u00edch bratov a sestry. Takisto aj t\u00ed, ktor\u00ed z v\u00e1\u017eneho d\u00f4vodu nem\u00f4\u017eu odis\u0165 z domu, duchovne sa pripoja k sl\u00e1veniu svetov\u00e9ho d\u0148a a obetuj\u00fa svoje modlitby a bolesti Bohu.<\/li>\n<li>\u00famysly sv. om\u0161\u00ed na mesiac august budem zapisova\u0165 v pondelok po sv. om\u0161i.<\/li>\n<li>v zbierke na ma\u013eovanie kostola v Pal\u00fadzke sa vyzbieralo 570 \u20ac a opravu ve\u017ee kostola v Bodiciach 415 \u20ac. P\u00e1n Boh zapla\u0165 v\u0161etk\u00fdm darcom.<\/li>\n<li>o upratovanie kostola pros\u00edm rodiny Kostoln\u00fa, Dia\u010dikov\u00fa, Korman\u00edkov\u00fa a S\u00e1lusov\u00fa. P\u00e1n Boh zapla\u0165 za slu\u017ebu.<\/li>\n<\/ul>\n","protected":false},"excerpt":{"rendered":"<p>De\u0148 \u010cas Liturgick\u00fd kalend\u00e1r \u00damysel O\u010dak\u00e1vame Nede\u013ea 24.7. 7:00 8:15 9:45 17. nede\u013ea v Cezro\u010dnom obdob\u00ed + J\u00e1n a Alb\u00edn Bodice: na \u00famysel za veriacich dnes je De\u0148 star\u00fdch rodi\u010dov a seniorov Pondelok 25.7. 18:15 Sv\u00e4t\u00e9ho Jakuba, apo\u0161tola sviatok za deti Utorok 26.7. 18:15 Sv\u00e4t\u00fdch Joachima a Anny, rodi\u010dov preblahoslavenej Panny M\u00e1rie spomienka + J\u00e1n, [&hellip;]<\/p>\n","protected":false},"author":1,"featured_media":0,"comment_status":"closed","ping_status":"closed","sticky":false,"template":"","format":"standard","meta":{"_links_to":"","_links_to_target":""},"categories":[4,19],"tags":[],"_links":{"self":[{"href":"http:\/\/www.paludzka.fara.sk\/index.php?rest_route=\/wp\/v2\/posts\/1271"}],"collection":[{"href":"http:\/\/www.paludzka.fara.sk\/index.php?rest_route=\/wp\/v2\/posts"}],"about":[{"href":"http:\/\/www.paludzka.fara.sk\/index.php?rest_route=\/wp\/v2\/types\/post"}],"author":[{"embeddable":true,"href":"http:\/\/www.paludzka.fara.sk\/index.php?rest_route=\/wp\/v2\/users\/1"}],"replies":[{"embeddable":true,"href":"http:\/\/www.paludzka.fara.sk\/index.php?rest_route=%2Fwp%2Fv2%2Fcomments&post=1271"}],"version-history":[{"count":3,"href":"http:\/\/www.paludzka.fara.sk\/index.php?rest_route=\/wp\/v2\/posts\/1271\/revisions"}],"predecessor-version":[{"id":1308,"href":"http:\/\/www.paludzka.fara.sk\/index.php?rest_route=\/wp\/v2\/posts\/1271\/revisions\/1308"}],"wp:attachment":[{"href":"http:\/\/www.paludzka.fara.sk\/index.php?rest_route=%2Fwp%2Fv2%2Fmedia&parent=1271"}],"wp:term":[{"taxonomy":"category","embeddable":true,"href":"http:\/\/www.paludzka.fara.sk\/index.php?rest_route=%2Fwp%2Fv2%2Fcategories&post=1271"},{"taxonomy":"post_tag","embeddable":true,"href":"http:\/\/www.paludzka.fara.sk\/index.php?rest_route=%2Fwp%2Fv2%2Ftags&post=1271"}],"curies":[{"name":"wp","href":"https:\/\/api.w.org\/{rel}","templated":true}]}}