
{"id":1269,"date":"2022-07-17T00:00:25","date_gmt":"2022-07-16T22:00:25","guid":{"rendered":"http:\/\/www.paludzka.fara.sk\/?p=1269"},"modified":"2022-07-16T16:57:32","modified_gmt":"2022-07-16T14:57:32","slug":"farske-oznamy-17-7-24-7-2022","status":"publish","type":"post","link":"http:\/\/www.paludzka.fara.sk\/?p=1269","title":{"rendered":"Farsk\u00e9 oznamy 17.7.-24.7.2022"},"content":{"rendered":"<div class=\"table-responsive\">\n<table class=\"table table-bordered\">\n<thead>\n<tr>\n<th style=\"text-align: center;\">De\u0148<\/th>\n<th style=\"text-align: center;\">\u010cas<\/th>\n<th style=\"text-align: center;\">Liturgick\u00fd kalend\u00e1r<\/th>\n<th style=\"text-align: center;\">\u00damysel<\/th>\n<th style=\"text-align: center;\">O\u010dak\u00e1vame<\/th>\n<\/tr>\n<\/thead>\n<tbody>\n<tr>\n<td style=\"text-align: center;\"><strong>Nede\u013ea 17.7.<\/strong><\/td>\n<td style=\"text-align: center;\">7:00<\/p>\n<p><span style=\"color: #000000;\"><strong>8:15<\/strong><\/span><\/p>\n<p><span style=\"color: #000000;\">9:45<\/span><\/td>\n<td style=\"text-align: center;\"><span style=\"color: #008000;\"><b>16. nede\u013ea v Cezro\u010dnom obdob\u00ed<\/b><\/span><\/td>\n<td style=\"text-align: center;\">+ Rudolf<\/p>\n<p><strong>Bodice:<\/strong> na \u00famysel<\/p>\n<p>za veriacich<\/td>\n<td style=\"text-align: center;\">zbierka na ma\u013eovanie kostola<\/p>\n<p>v\u00a0Pal\u00fadzke a\u00a0opravu ve\u017ee kostola v<\/p>\n<p>Bodiciach<\/td>\n<\/tr>\n<tr>\n<td style=\"text-align: center;\">Pondelok 18.7.<\/td>\n<td style=\"text-align: center;\"><strong><span style=\"color: #000000;\">nebude<\/span><\/strong><\/td>\n<td style=\"text-align: center;\"><span style=\"color: #808000;\"><span style=\"color: #008000;\">Pondelok 16. t\u00fd\u017ed\u0148a v Cezro\u010dnom obdob\u00ed<\/span><\/span><\/td>\n<td style=\"text-align: center;\"><\/td>\n<td style=\"text-align: center;\"><\/td>\n<\/tr>\n<tr>\n<td style=\"text-align: center;\">Utorok 19.7.<\/td>\n<td style=\"text-align: center;\"><strong><span style=\"color: #000000;\">nebude<\/span><\/strong><\/td>\n<td style=\"text-align: center;\"><span style=\"color: #808000;\"><span style=\"color: #008000;\">Utorok 16. t\u00fd\u017ed\u0148a v Cezro\u010dnom obdob\u00ed<\/span><\/span><\/td>\n<td style=\"text-align: center;\"><\/td>\n<td style=\"text-align: center;\"><\/td>\n<\/tr>\n<tr>\n<td style=\"text-align: center;\">Streda 20.7.<\/td>\n<td style=\"text-align: center;\"><strong><span style=\"color: #000000;\">nebude<\/span><\/strong><\/td>\n<td style=\"text-align: center;\"><span style=\"color: #008000;\">Streda 16. t\u00fd\u017ed\u0148a v Cezro\u010dnom obdob\u00ed<\/span><\/td>\n<td style=\"text-align: center;\"><\/td>\n<td style=\"text-align: center;\"><\/td>\n<\/tr>\n<tr>\n<td style=\"text-align: center;\">\u0160tvrtok 21.7.<\/td>\n<td style=\"text-align: center;\"><span style=\"color: #ff0000;\">18:15<\/span><\/td>\n<td style=\"text-align: center;\"><span style=\"color: #008000;\">\u0160tvrtok 16. t\u00fd\u017ed\u0148a v Cezro\u010dnom obdob\u00ed<\/span><\/td>\n<td style=\"text-align: center;\">+ Cyril<\/td>\n<td style=\"text-align: center;\"><\/td>\n<\/tr>\n<tr>\n<td style=\"text-align: center;\">Piatok 22.7.<\/td>\n<td style=\"text-align: center;\"><strong><span style=\"color: #000000;\">nebude<\/span><\/strong><\/td>\n<td style=\"text-align: center;\"><span style=\"color: #808000;\">Sv\u00e4tej M\u00e1rie Magdal\u00e9ny<\/span><\/p>\n<p><span style=\"color: #808000;\">sviatok<\/span><\/td>\n<td style=\"text-align: center;\"><\/td>\n<td style=\"text-align: center;\"><\/td>\n<\/tr>\n<tr>\n<td style=\"text-align: center;\">Sobota 23.7.<\/td>\n<td style=\"text-align: center;\"><strong><span style=\"color: #000000;\">nebude<\/span><\/strong><\/td>\n<td style=\"text-align: center;\"><span style=\"color: #808000;\">Sv\u00e4tej Brigity, reho\u013en\u00ed\u010dky, patr\u00f3nky Eur\u00f3py<\/span><\/p>\n<p><span style=\"color: #808000;\">sviatok<\/span><\/td>\n<td style=\"text-align: center;\"><\/td>\n<td style=\"text-align: center;\"><\/td>\n<\/tr>\n<tr>\n<td style=\"text-align: center;\"><strong>Nede\u013ea 24.7.<\/strong><\/td>\n<td style=\"text-align: center;\">7:00<\/p>\n<p><span style=\"color: #000000;\"><strong>8:15<\/strong><\/span><\/p>\n<p><span style=\"color: #000000;\">9:45<\/span><\/td>\n<td style=\"text-align: center;\"><span style=\"color: #008000;\"><b>17. nede\u013ea v Cezro\u010dnom obdob\u00ed<\/b><\/span><\/td>\n<td style=\"text-align: center;\">+ J\u00e1n a Alb\u00edn<\/p>\n<p><span style=\"font-family: inherit; font-size: inherit;\"><strong>Bodice:<\/strong> na \u00famysel<\/span><\/p>\n<p><span style=\"font-family: inherit; font-size: inherit;\">za veriacich<\/span><\/td>\n<td style=\"text-align: center;\"><\/td>\n<\/tr>\n<\/tbody>\n<\/table>\n<\/div>\n<div class=\"table-responsive\"><\/div>\n<ul>\n<li>z krstu Hannah Urbanovej obetovali na kostol 50 \u20ac. P\u00e1n Boh zapla\u0165.<\/li>\n<li>dnes je zbierka na ma\u013eovanie kostola v Pal\u00fadzke a opravu ve\u017ee kostola v Bodiciach. P\u00e1n Boh zapla\u0165 v\u0161etk\u00fdm darcom.<\/li>\n<li>v pr\u00edpade potreby zaopatrovania alebo pohrebu sa obr\u00e1\u0165te na farsk\u00fd \u00farad v Liptovskom Mikul\u00e1\u0161i alebo v Liptovskom J\u00e1ne. Tel. \u010d\u00edslo 0905 357 752<\/li>\n<li>o upratovanie kostola pros\u00edm rodiny Kolen\u010d\u00edkov\u00fa, Kov\u00e1\u010dov\u00fa, Slafkovsk\u00fa, Kov\u00e1\u010dov\u00fa. P\u00e1n Boh zapla\u0165 za slu\u017ebu.<\/li>\n<\/ul>\n","protected":false},"excerpt":{"rendered":"<p>De\u0148 \u010cas Liturgick\u00fd kalend\u00e1r \u00damysel O\u010dak\u00e1vame Nede\u013ea 17.7. 7:00 8:15 9:45 16. nede\u013ea v Cezro\u010dnom obdob\u00ed + Rudolf Bodice: na \u00famysel za veriacich zbierka na ma\u013eovanie kostola v\u00a0Pal\u00fadzke a\u00a0opravu ve\u017ee kostola v Bodiciach Pondelok 18.7. nebude Pondelok 16. t\u00fd\u017ed\u0148a v Cezro\u010dnom obdob\u00ed Utorok 19.7. nebude Utorok 16. t\u00fd\u017ed\u0148a v Cezro\u010dnom obdob\u00ed Streda 20.7. nebude Streda [&hellip;]<\/p>\n","protected":false},"author":1,"featured_media":0,"comment_status":"closed","ping_status":"closed","sticky":false,"template":"","format":"standard","meta":{"_links_to":"","_links_to_target":""},"categories":[4,19],"tags":[],"_links":{"self":[{"href":"http:\/\/www.paludzka.fara.sk\/index.php?rest_route=\/wp\/v2\/posts\/1269"}],"collection":[{"href":"http:\/\/www.paludzka.fara.sk\/index.php?rest_route=\/wp\/v2\/posts"}],"about":[{"href":"http:\/\/www.paludzka.fara.sk\/index.php?rest_route=\/wp\/v2\/types\/post"}],"author":[{"embeddable":true,"href":"http:\/\/www.paludzka.fara.sk\/index.php?rest_route=\/wp\/v2\/users\/1"}],"replies":[{"embeddable":true,"href":"http:\/\/www.paludzka.fara.sk\/index.php?rest_route=%2Fwp%2Fv2%2Fcomments&post=1269"}],"version-history":[{"count":2,"href":"http:\/\/www.paludzka.fara.sk\/index.php?rest_route=\/wp\/v2\/posts\/1269\/revisions"}],"predecessor-version":[{"id":1285,"href":"http:\/\/www.paludzka.fara.sk\/index.php?rest_route=\/wp\/v2\/posts\/1269\/revisions\/1285"}],"wp:attachment":[{"href":"http:\/\/www.paludzka.fara.sk\/index.php?rest_route=%2Fwp%2Fv2%2Fmedia&parent=1269"}],"wp:term":[{"taxonomy":"category","embeddable":true,"href":"http:\/\/www.paludzka.fara.sk\/index.php?rest_route=%2Fwp%2Fv2%2Fcategories&post=1269"},{"taxonomy":"post_tag","embeddable":true,"href":"http:\/\/www.paludzka.fara.sk\/index.php?rest_route=%2Fwp%2Fv2%2Ftags&post=1269"}],"curies":[{"name":"wp","href":"https:\/\/api.w.org\/{rel}","templated":true}]}}