
{"id":1265,"date":"2022-07-10T00:00:30","date_gmt":"2022-07-09T22:00:30","guid":{"rendered":"http:\/\/www.paludzka.fara.sk\/?p=1265"},"modified":"2022-07-09T22:47:16","modified_gmt":"2022-07-09T20:47:16","slug":"farske-oznamy-10-7-17-7-2022","status":"publish","type":"post","link":"http:\/\/www.paludzka.fara.sk\/?p=1265","title":{"rendered":"Farsk\u00e9 oznamy 10.7.-17.7.2022"},"content":{"rendered":"<div class=\"table-responsive\">\n<table class=\"table table-bordered\">\n<thead>\n<tr>\n<th style=\"text-align: center;\">De\u0148<\/th>\n<th style=\"text-align: center;\">\u010cas<\/th>\n<th style=\"text-align: center;\">Liturgick\u00fd kalend\u00e1r<\/th>\n<th style=\"text-align: center;\">\u00damysel<\/th>\n<th style=\"text-align: center;\">O\u010dak\u00e1vame<\/th>\n<\/tr>\n<\/thead>\n<tbody>\n<tr>\n<td style=\"text-align: center;\"><strong>Nede\u013ea 10.7.<\/strong><\/td>\n<td style=\"text-align: center;\">7:00<\/p>\n<p><span style=\"color: #000000;\"><strong>8:15<\/strong><\/span><\/p>\n<p><span style=\"color: #000000;\">9:45<\/span><\/td>\n<td style=\"text-align: center;\"><span style=\"color: #008000;\"><b>15. nede\u013ea v Cezro\u010dnom obdob\u00ed<\/b><\/span><\/td>\n<td style=\"text-align: center;\">+ Ondrej, M\u00e1ria a Eva<\/p>\n<p><strong>Bodice:<\/strong> na \u00famysel<\/p>\n<p>za veriacich<\/td>\n<td style=\"text-align: center;\"><\/td>\n<\/tr>\n<tr>\n<td style=\"text-align: center;\">Pondelok 11.7.<\/td>\n<td style=\"text-align: center;\"><span style=\"color: #000000;\">18:15<\/span><\/td>\n<td style=\"text-align: center;\"><span style=\"color: #808000;\">Sv\u00e4t\u00e9ho Benedikta, op\u00e1ta, patr\u00f3na Eur\u00f3py<\/span><\/p>\n<p><span style=\"color: #808000;\">sviatok<\/span><\/td>\n<td style=\"text-align: center;\">+ Sv\u00e4topluk a rodi\u010dia<\/td>\n<td style=\"text-align: center;\"><\/td>\n<\/tr>\n<tr>\n<td style=\"text-align: center;\">Utorok 12.7.<\/td>\n<td style=\"text-align: center;\">18:15<\/td>\n<td style=\"text-align: center;\"><span style=\"color: #808000;\"><span style=\"color: #008000;\">Utorok 15. t\u00fd\u017ed\u0148a v Cezro\u010dnom obdob\u00ed<\/span><\/span><\/td>\n<td style=\"text-align: center;\">+ Eduard a Jozef<\/td>\n<td style=\"text-align: center;\"><\/td>\n<\/tr>\n<tr>\n<td style=\"text-align: center;\">Streda 13.7.<\/td>\n<td style=\"text-align: center;\">7:00<\/td>\n<td style=\"text-align: center;\"><span style=\"color: #008000;\">Streda 15. t\u00fd\u017ed\u0148a v Cezro\u010dnom obdob\u00ed<\/span><\/td>\n<td style=\"text-align: center;\">+ Val\u00e9ria. Arnold, Arnold<\/td>\n<td style=\"text-align: center;\"><\/td>\n<\/tr>\n<tr>\n<td style=\"text-align: center;\">\u0160tvrtok 14.7.<\/td>\n<td style=\"text-align: center;\">18:15<\/td>\n<td style=\"text-align: center;\"><span style=\"color: #008000;\">\u0160tvrtok 15. t\u00fd\u017ed\u0148a v Cezro\u010dnom obdob\u00ed<\/span><\/td>\n<td style=\"text-align: center;\">+ Vladim\u00edr Lauko, 30. v\u00fdro\u010die<\/td>\n<td style=\"text-align: center;\">Ador\u00e1cia od 17:30<\/td>\n<\/tr>\n<tr>\n<td style=\"text-align: center;\">Piatok 15.7.<\/td>\n<td style=\"text-align: center;\">18:15<\/td>\n<td style=\"text-align: center;\"><span style=\"color: #808000;\">Sv\u00e4t\u00e9ho Bonavent\u00faru, biskupa a u\u010dite\u013ea Cirkvi<\/span><\/p>\n<p><span style=\"color: #808000;\">spomienka<\/span><\/td>\n<td style=\"text-align: center;\">+ Jozef, M\u00e1ria a Pavol<\/td>\n<td style=\"text-align: center;\"><\/td>\n<\/tr>\n<tr>\n<td style=\"text-align: center;\">Sobota 16.7.<\/td>\n<td style=\"text-align: center;\">8:00<\/td>\n<td style=\"text-align: center;\"><span style=\"color: #0000ff;\">Preblahoslavenej Panny M\u00e1rie Karmelskej<\/span><\/p>\n<p><span style=\"color: #0000ff;\">\u013eubovo\u013en\u00e1 spomienka<\/span><\/td>\n<td style=\"text-align: center;\">za Bo\u017eiu pomoc pre man\u017eelov<\/td>\n<td style=\"text-align: center;\"><\/td>\n<\/tr>\n<tr>\n<td style=\"text-align: center;\"><strong>Nede\u013ea 17.7.<\/strong><\/td>\n<td style=\"text-align: center;\">7:00<\/p>\n<p><span style=\"color: #000000;\"><strong>8:15<\/strong><\/span><\/p>\n<p><span style=\"color: #000000;\">9:45<\/span><\/td>\n<td style=\"text-align: center;\"><span style=\"color: #008000;\"><b>16. nede\u013ea v Cezro\u010dnom obdob\u00ed<\/b><\/span><\/td>\n<td style=\"text-align: center;\"><span style=\"font-family: inherit; font-size: inherit;\">+ Rudolf<\/span><\/p>\n<p><span style=\"font-family: inherit; font-size: inherit;\"><strong>Bodice:<\/strong> na \u00famysel<\/span><\/p>\n<p><span style=\"font-family: inherit; font-size: inherit;\">za veriacich<\/span><\/td>\n<td style=\"text-align: center;\">zbierka na ma\u013eovanie kostola<\/p>\n<p>v\u00a0Pal\u00fadzke a\u00a0opravu ve\u017ee kostola v<\/p>\n<p>Bodiciach<\/td>\n<\/tr>\n<\/tbody>\n<\/table>\n<\/div>\n<div class=\"table-responsive\"><\/div>\n<ul>\n<li>z krstu Georga Medveca obetovali na kostol 150 \u20ac. Bohuzn\u00e1ma darovala na kostol 300 \u20ac. P\u00e1n Boh zapla\u0165 v\u0161etk\u00fdm darcom.<\/li>\n<li>na bud\u00facu nede\u013eu bude zbierka na ma\u013eovanie kostola v Pal\u00fadzke a opravu ve\u017ee kostola v Bodiciach. P\u00e1n Boh zapla\u0165 v\u0161etk\u00fdm darcom.<\/li>\n<li>o upratovanie kostola pros\u00edm rodiny Koh\u00fatov\u00fa, Ku\u010derov\u00fa S., Bebkov\u00fa a Rybovi\u010dov\u00fa. Upratovanie bude v sobotu. P\u00e1n Boh zapla\u0165 za slu\u017ebu.<\/li>\n<\/ul>\n","protected":false},"excerpt":{"rendered":"<p>De\u0148 \u010cas Liturgick\u00fd kalend\u00e1r \u00damysel O\u010dak\u00e1vame Nede\u013ea 10.7. 7:00 8:15 9:45 15. nede\u013ea v Cezro\u010dnom obdob\u00ed + Ondrej, M\u00e1ria a Eva Bodice: na \u00famysel za veriacich Pondelok 11.7. 18:15 Sv\u00e4t\u00e9ho Benedikta, op\u00e1ta, patr\u00f3na Eur\u00f3py sviatok + Sv\u00e4topluk a rodi\u010dia Utorok 12.7. 18:15 Utorok 15. t\u00fd\u017ed\u0148a v Cezro\u010dnom obdob\u00ed + Eduard a Jozef Streda 13.7. 7:00 [&hellip;]<\/p>\n","protected":false},"author":1,"featured_media":0,"comment_status":"closed","ping_status":"closed","sticky":false,"template":"","format":"standard","meta":{"_links_to":"","_links_to_target":""},"categories":[4,19],"tags":[],"_links":{"self":[{"href":"http:\/\/www.paludzka.fara.sk\/index.php?rest_route=\/wp\/v2\/posts\/1265"}],"collection":[{"href":"http:\/\/www.paludzka.fara.sk\/index.php?rest_route=\/wp\/v2\/posts"}],"about":[{"href":"http:\/\/www.paludzka.fara.sk\/index.php?rest_route=\/wp\/v2\/types\/post"}],"author":[{"embeddable":true,"href":"http:\/\/www.paludzka.fara.sk\/index.php?rest_route=\/wp\/v2\/users\/1"}],"replies":[{"embeddable":true,"href":"http:\/\/www.paludzka.fara.sk\/index.php?rest_route=%2Fwp%2Fv2%2Fcomments&post=1265"}],"version-history":[{"count":1,"href":"http:\/\/www.paludzka.fara.sk\/index.php?rest_route=\/wp\/v2\/posts\/1265\/revisions"}],"predecessor-version":[{"id":1266,"href":"http:\/\/www.paludzka.fara.sk\/index.php?rest_route=\/wp\/v2\/posts\/1265\/revisions\/1266"}],"wp:attachment":[{"href":"http:\/\/www.paludzka.fara.sk\/index.php?rest_route=%2Fwp%2Fv2%2Fmedia&parent=1265"}],"wp:term":[{"taxonomy":"category","embeddable":true,"href":"http:\/\/www.paludzka.fara.sk\/index.php?rest_route=%2Fwp%2Fv2%2Fcategories&post=1265"},{"taxonomy":"post_tag","embeddable":true,"href":"http:\/\/www.paludzka.fara.sk\/index.php?rest_route=%2Fwp%2Fv2%2Ftags&post=1265"}],"curies":[{"name":"wp","href":"https:\/\/api.w.org\/{rel}","templated":true}]}}