
{"id":1227,"date":"2022-06-26T00:00:24","date_gmt":"2022-06-25T22:00:24","guid":{"rendered":"http:\/\/www.paludzka.fara.sk\/?p=1227"},"modified":"2022-06-26T16:02:03","modified_gmt":"2022-06-26T14:02:03","slug":"farske-oznamy-26-6-3-7-2022","status":"publish","type":"post","link":"http:\/\/www.paludzka.fara.sk\/?p=1227","title":{"rendered":"Farsk\u00e9 oznamy 26.6.-3.7.2022"},"content":{"rendered":"<div class=\"table-responsive\">\n<table class=\"table table-bordered\">\n<thead>\n<tr>\n<th style=\"text-align: center;\">De\u0148<\/th>\n<th style=\"text-align: center;\">\u010cas<\/th>\n<th style=\"text-align: center;\">Liturgick\u00fd kalend\u00e1r<\/th>\n<th style=\"text-align: center;\">\u00damysel<\/th>\n<th style=\"text-align: center;\">O\u010dak\u00e1vame<\/th>\n<\/tr>\n<\/thead>\n<tbody>\n<tr>\n<td style=\"text-align: center;\"><strong>Nede\u013ea 26.6.<\/strong><\/td>\n<td style=\"text-align: center;\">7:00<\/p>\n<p><span style=\"color: #000000;\"><strong>8:15<\/strong><\/span><\/p>\n<p><span style=\"color: #000000;\">9:45<\/span><\/td>\n<td style=\"text-align: center;\"><span style=\"color: #008000;\"><b>13. nede\u013ea v Cezro\u010dnom obdob\u00ed<\/b><\/span><\/td>\n<td style=\"text-align: center;\">za zdravie man\u017eela<\/p>\n<p><strong>Bodice:<\/strong> na \u00famysel<\/p>\n<p>na \u00famysel<\/td>\n<td style=\"text-align: center;\">zbierka na dobro\u010dinn\u00e9 diela Sv\u00e4t\u00e9ho otca<\/td>\n<\/tr>\n<tr>\n<td style=\"text-align: center;\">Pondelok 27.6.<\/td>\n<td style=\"text-align: center;\"><strong>17:00<\/strong><\/p>\n<p>18:15<\/td>\n<td style=\"text-align: center;\"><span style=\"color: #ff9900;\">Sv\u00e4t\u00e9ho Ladislava<\/span><\/p>\n<p><span style=\"color: #ff9900;\">Odpustov\u00e1 sl\u00e1vnos\u0165 v Bodiciach<\/span><\/td>\n<td style=\"text-align: center;\"><strong>Bodice:<\/strong> za dobrodincov<\/p>\n<p>+ Anton a Silvia<\/td>\n<td style=\"text-align: center;\"><strong>Bodice:<\/strong> sviatos\u0165 zmierenia pred<\/p>\n<p>odpustom aj prv\u00fdm piatkom<\/p>\n<p>od 16:15<\/td>\n<\/tr>\n<tr>\n<td style=\"text-align: center;\">Utorok 28.6.<\/td>\n<td style=\"text-align: center;\">18:15<\/td>\n<td style=\"text-align: center;\"><span style=\"color: #ff0000;\">Sv. om\u0161a z\u00a0nasleduj\u00facej sl\u00e1vnosti sv.<\/span><\/p>\n<p><span style=\"color: #ff0000;\">Petra a Pavla<\/span><\/td>\n<td style=\"text-align: center;\">+ rodi\u010dia Jozef a Anna Mezovsk\u00fd<\/td>\n<td style=\"text-align: center;\">sviatos\u0165 zmierenia od 17:15<\/td>\n<\/tr>\n<tr>\n<td style=\"text-align: center;\">Streda 29.6.<\/td>\n<td style=\"text-align: center;\"><strong>17:00<\/strong><\/p>\n<p>18:15<\/td>\n<td style=\"text-align: center;\"><span style=\"color: #ff0000;\"><strong>Sv\u00e4t\u00fdch Petra a Pavla, apo\u0161tolov<\/strong><\/span><\/p>\n<p><span style=\"color: #ff0000;\">sl\u00e1vnos\u0165<\/span><\/td>\n<td style=\"text-align: center;\"><strong>Bodice:<\/strong> na \u00famysel<\/p>\n<p>za veriacich<\/td>\n<td style=\"text-align: center;\"><\/td>\n<\/tr>\n<tr>\n<td style=\"text-align: center;\">\u0160tvrtok 30.6.<\/td>\n<td style=\"text-align: center;\">18:15<\/td>\n<td style=\"text-align: center;\"><span style=\"color: #008000;\"><span style=\"color: #808000;\">\u0160tvrtok 13. t\u00fd\u017ed\u0148a v Cezro\u010dnom obdob\u00ed<\/span><\/span><\/td>\n<td style=\"text-align: center;\">za pokoj a vieru pre deti a vn\u00fa\u010dat\u00e1<\/td>\n<td style=\"text-align: center;\">Ador\u00e1cia od 17:10<\/p>\n<p>sviatos\u0165 zmierenia od 17:15<\/td>\n<\/tr>\n<tr>\n<td style=\"text-align: center;\">Piatok 1.7.<\/td>\n<td style=\"text-align: center;\"><strong>17:00<\/strong><\/p>\n<p>18:15<\/td>\n<td style=\"text-align: center;\"><span style=\"color: #808000;\">O Najsv\u00e4tej\u0161om srdci Je\u017ei\u0161ovom<\/span><\/p>\n<p><span style=\"color: #ff0000;\">Prv\u00fd piatok<\/span><\/td>\n<td style=\"text-align: center;\"><strong>Bodice:<\/strong> na \u00famysel<\/p>\n<p>za domov\u00e9 po\u017eehnanie<\/td>\n<td style=\"text-align: center;\">n\u00e1v\u0161teva chor\u00fdch od 08:00<\/td>\n<\/tr>\n<tr>\n<td style=\"text-align: center;\">Sobota 2.7.<\/td>\n<td style=\"text-align: center;\"><strong>nebude<\/strong><\/td>\n<td style=\"text-align: center;\"><span style=\"color: #0000ff;\">N\u00e1v\u0161teva Preblahoslavenej Panny M\u00e1rie<\/span><\/p>\n<p><span style=\"color: #0000ff;\">sviatok<\/span><\/td>\n<td style=\"text-align: center;\"><strong>Sv. om\u0161a nebude<\/strong><\/td>\n<td style=\"text-align: center;\"><\/td>\n<\/tr>\n<tr>\n<td style=\"text-align: center;\"><strong>Nede\u013ea 3.7.<\/strong><\/td>\n<td style=\"text-align: center;\">7:00<\/p>\n<p><span style=\"color: #000000;\"><strong>8:15<\/strong><\/span><\/p>\n<p><span style=\"color: #000000;\">9:45<\/span><\/td>\n<td style=\"text-align: center;\"><span style=\"color: #008000;\"><b>14. nede\u013ea v Cezro\u010dnom obdob\u00ed<\/b><\/span><\/td>\n<td style=\"text-align: center;\">za zdravie man\u017eela<\/p>\n<p><strong>Bodice:<\/strong> na \u00famysel<\/p>\n<p>za veriacich<\/td>\n<td style=\"text-align: center;\">&nbsp;<\/td>\n<\/tr>\n<\/tbody>\n<\/table>\n<\/div>\n<div class=\"table-responsive\"><\/div>\n<ul>\n<li>dnes je zbierka na dobro\u010dinn\u00e9 diela Sv\u00e4t\u00e9ho otca. Za va\u0161e milodary P\u00e1n boh zapla\u0165.<\/li>\n<li>v pondelok odpustov\u00fa sv. om\u0161u ku cti sv. Ladislava patr\u00f3na kostola v Bodiciach bude sl\u00e1vi\u0165 novok\u0148az vdp. Pavol Kri\u017ean. Srde\u010dne poz\u00fdvam.<\/li>\n<li>v pondelok po sv. om\u0161i budem zapisova\u0165 \u00famysly sv. om\u0161\u00ed na mesiac j\u00fal.<\/li>\n<li>v zbierke na ma\u013eovanie kostola v Pal\u00fadzke sa vyzbieralo 390 \u20ac z toho 100 \u20ac darovalo ru\u017eencov\u00e9 spolo\u010denstvo. Na opravu ve\u017ee kostola v Bodiciach ste prispeli 85 \u20ac. Bohuzn\u00e1my na kostol v Bodiciach daroval 40 \u20ac. Z pohrebu + Agnesi Doln\u00edkovej obetovali na kostol 100 \u20ac. P\u00e1n Boh zapla\u0165 v\u0161etk\u00fdm darcom!<\/li>\n<li>Ml\u00e1de\u017en\u00edcky t\u00e1bor: Poz\u00fdvame mlad\u00fdch vo veku od 14 do 20 rokov na ml\u00e1de\u017en\u00edcky mestsk\u00fd t\u00e1bor, ktor\u00fd sa bude kona\u0165 od \u0161tvrtku 7.7. poobedia do nedele 10.7.2022. Miesto t\u00e1bora je Ru\u017eomberok (Hrabovo). Poplatok je 20 Eur. V pr\u00edpade z\u00e1ujmu kontaktuje mailom na kornelkapinay@gmail.com<\/li>\n<li>o upratovanie kostola pros\u00edm rodiny Badl\u00edkov\u00fa, Kuskov\u00fa, Plevov\u00fa, Tur\u010dinov\u00fa. Upratovanie bude v sobotu. P\u00e1n Boh zapla\u0165 za slu\u017ebu.<\/li>\n<\/ul>\n","protected":false},"excerpt":{"rendered":"<p>De\u0148 \u010cas Liturgick\u00fd kalend\u00e1r \u00damysel O\u010dak\u00e1vame Nede\u013ea 26.6. 7:00 8:15 9:45 13. nede\u013ea v Cezro\u010dnom obdob\u00ed za zdravie man\u017eela Bodice: na \u00famysel na \u00famysel zbierka na dobro\u010dinn\u00e9 diela Sv\u00e4t\u00e9ho otca Pondelok 27.6. 17:00 18:15 Sv\u00e4t\u00e9ho Ladislava Odpustov\u00e1 sl\u00e1vnos\u0165 v Bodiciach Bodice: za dobrodincov + Anton a Silvia Bodice: sviatos\u0165 zmierenia pred odpustom aj prv\u00fdm piatkom [&hellip;]<\/p>\n","protected":false},"author":1,"featured_media":0,"comment_status":"closed","ping_status":"closed","sticky":false,"template":"","format":"standard","meta":{"_links_to":"","_links_to_target":""},"categories":[4,19],"tags":[],"_links":{"self":[{"href":"http:\/\/www.paludzka.fara.sk\/index.php?rest_route=\/wp\/v2\/posts\/1227"}],"collection":[{"href":"http:\/\/www.paludzka.fara.sk\/index.php?rest_route=\/wp\/v2\/posts"}],"about":[{"href":"http:\/\/www.paludzka.fara.sk\/index.php?rest_route=\/wp\/v2\/types\/post"}],"author":[{"embeddable":true,"href":"http:\/\/www.paludzka.fara.sk\/index.php?rest_route=\/wp\/v2\/users\/1"}],"replies":[{"embeddable":true,"href":"http:\/\/www.paludzka.fara.sk\/index.php?rest_route=%2Fwp%2Fv2%2Fcomments&post=1227"}],"version-history":[{"count":1,"href":"http:\/\/www.paludzka.fara.sk\/index.php?rest_route=\/wp\/v2\/posts\/1227\/revisions"}],"predecessor-version":[{"id":1229,"href":"http:\/\/www.paludzka.fara.sk\/index.php?rest_route=\/wp\/v2\/posts\/1227\/revisions\/1229"}],"wp:attachment":[{"href":"http:\/\/www.paludzka.fara.sk\/index.php?rest_route=%2Fwp%2Fv2%2Fmedia&parent=1227"}],"wp:term":[{"taxonomy":"category","embeddable":true,"href":"http:\/\/www.paludzka.fara.sk\/index.php?rest_route=%2Fwp%2Fv2%2Fcategories&post=1227"},{"taxonomy":"post_tag","embeddable":true,"href":"http:\/\/www.paludzka.fara.sk\/index.php?rest_route=%2Fwp%2Fv2%2Ftags&post=1227"}],"curies":[{"name":"wp","href":"https:\/\/api.w.org\/{rel}","templated":true}]}}